{"id":154420,"date":"2022-07-21T17:46:22","date_gmt":"2022-07-21T17:46:22","guid":{"rendered":"https:\/\/admin.industriall-union.org\/jovenes-de-latinoamerica-y-alemania-conocen-sobre-el-sindicalismo-argentino\/"},"modified":"2025-01-28T01:43:41","modified_gmt":"2025-01-28T01:43:41","slug":"jovenes-de-latinoamerica-y-alemania-conocen-sobre-el-sindicalismo-argentino","status":"publish","type":"article","link":"https:\/\/admin.industriall-union.org\/es\/jovenes-de-latinoamerica-y-alemania-conocen-sobre-el-sindicalismo-argentino\/","title":{"rendered":"J\u00f3venes de Latinoam\u00e9rica y Alemania conocen sobre el sindicalismo argentino"},"content":{"rendered":"<p>La semana de intercambio form\u00f3 parte del proyecto de formaci\u00f3n internacional de j\u00f3venes de la oficina de IndustriALL en Am\u00e9rica Latina y el Caribe (ALC), la Fundaci\u00f3n Friedrich Ebert Stiftung (FES), el sindicato alem\u00e1n IG Metall y los sindicatos argentinos y brasileros afiliados a IndustriALL.<\/p><p>El ciclo actual del proyecto inici\u00f3 en 2021 con un <a href=\"https:\/\/www.industriall-union.org\/es\/intercambio-internacional-de-jovenes-del-proyecto-industriall-fes-en-brasil\" target=\"_self\">encuentro virtual<\/a>, donde los participantes pudieron conocer sobre el sindicalismo de Brasil, a partir de la informaci\u00f3n que brindaron los propios j\u00f3venes del pa\u00eds. Este a\u00f1o fue el turno de los j\u00f3venes de Argentina de presentar al grupo sobre las particularidades de los sindicatos.<\/p><p>En las distintas jornadas dialogaron sobre la historia de los trabajadores de Argentina, la estructura sindical, la negociaci\u00f3n y contrataci\u00f3n colectiva. Adem\u00e1s, expusieron sobre la pol\u00edtica de j\u00f3venes, de g\u00e9nero, de educaci\u00f3n y de formaci\u00f3n profesional que poseen las organizaciones sindicales.<\/p><p>Tambi\u00e9n recibieron a integrantes de diversos movimientos sociales del pa\u00eds, como ind\u00edgenas, universitarios, feministas, campesinos y migrantes. Los expositores disertaron sobre el tipo de relaci\u00f3n que mantienen con el movimiento sindical y la agenda de luchas que comparten.<\/p><p>Adem\u00e1s de tener instancias de aprendizaje te\u00f3rico, los j\u00f3venes pudieron visitar diferentes lugares vinculados al sindicalismo. Por ejemplo, asistieron a uno de los centros de formaci\u00f3n profesional que tienen los <a href=\"https:\/\/www.ambito.com\/economia\/diputados\/ley-automotriz-que-plantea-el-proyecto-del-oficialismo-el-sector-autopartista-n5473164\" target=\"_blank\">sindicatos<\/a>, a un campo recreativo de la UOM (afiliada a IndustriALL) y a una f\u00e1brica de la empresa Ford Pacheco.<\/p><p>En su visita a la f\u00e1brica, conocieron sobre la compa\u00f1\u00eda automotriz pero tambi\u00e9n sobre c\u00f3mo es la organizaci\u00f3n sindical en el local de trabajo, c\u00f3mo es la elecci\u00f3n de delegados, la estructura sindical y las negociaciones colectivas. Los dirigentes sindicales les mostraron la sala donde se re\u00fanen, donde planifican sus acciones e incluso les hicieron una demostraci\u00f3n de las movilizaciones que desarrollan con banderas, pancartas, bombos y canciones.<\/p><p>A su vez, desarrollaron una actividad semi-presencial para conmemorar los <a href=\"https:\/\/www.industriall-union.org\/es\/industriall-celebra-10-anos-de-organizacion-de-la-juventud-de-la-industria\" target=\"_self\">10 a\u00f1os de proyectos<\/a> y programas de educaci\u00f3n de j\u00f3venes de IndustriALL &nbsp;en Am\u00e9rica Latina el 13 de julio por la noche. De forma presencial y virtual participaron j\u00f3venes que actualmente est\u00e1n en el proyecto y otros ex participantes de ciclos anteriores.<\/p><p>Finalmente, los j\u00f3venes debatieron de forma colectiva sobre la matriz comparativa entre los modelos de estructura sindical de Argentina y Brasil, y presentaron los avances que alcanzaron hasta el momento en los <a href=\"https:\/\/www.industriall-union.org\/es\/jovenes-de-america-latina-y-alemania-avanzan-en-sus-planes-de-accion-sindicales\" target=\"_self\">Planes de acci\u00f3n sindical<\/a> (PAS) que desarrollan a lo largo de los 3 a\u00f1os del ciclo de proyecto. El ciclo actual finalizar\u00e1 en 2023, cuando el grupo viajar\u00e1 a Alemania para conocer sobre el sindicalismo en el pa\u00eds y completar la matriz comparativa entre los 3 pa\u00edses.<\/p><p>Por su parte, el secretario regional de IndustriALL, Marino Vani, concluy\u00f3:<\/p><blockquote><p>&ldquo;La actividad fue un gran desaf\u00edo pero la integraci\u00f3n e interacci\u00f3n de los j\u00f3venes fue sorprendente. Si comparamos el nivel de debate de hoy a cuando empezamos el proyecto, 10 a\u00f1os atr\u00e1s, podemos decir que es totalmente diferente. Los j\u00f3venes que formaron parte de otros ciclos del proyecto consiguieron presentar y debatir sobre los temas sin ninguna dificultad.<\/p><p>Se trat\u00f3 de una semana de mucho aprendizaje y superaci\u00f3n tanto para los j\u00f3venes como para el equipo. Una vez m\u00e1s, agradecemos a la FES, a nuestras afiliadas de Argentina y a IG Metall por brindarnos su apoyo para organizar y capacitar a la juventud para la lucha sindical.&rdquo;<\/p><\/blockquote>","protected":false},"featured_media":0,"template":"","issues":[422,425],"companies":[],"regions":[219,254],"sectors":[],"article_tags":[511,522,536],"class_list":["post-154420","article","type-article","status-publish","hentry","issues-human-trade-union-rights","issues-workers-rights","regions-germany","regions-latin-america-and-the-caribbean","article_tags-industriall","article_tags-projects","article_tags-youth"],"acf":[],"yoast_head":"<!-- This site is optimized with the Yoast SEO Premium plugin v27.1 (Yoast SEO v27.1) - https:\/\/yoast.com\/product\/yoast-seo-premium-wordpress\/ -->\n<title>J\u00f3venes de Latinoam\u00e9rica y Alemania conocen sobre el sindicalismo argentino - industriall-union<\/title>\n<meta name=\"description\" content=\"La semana de intercambio form\u00f3 parte del proyecto de formaci\u00f3n internacional de j\u00f3venes de la oficina de IndustriALL en Am\u00e9rica Latina y el Caribe (ALC),\" \/>\n<meta name=\"robots\" content=\"index, follow, max-snippet:-1, max-image-preview:large, max-video-preview:-1\" \/>\n<link rel=\"canonical\" href=\"https:\/\/admin.industriall-union.org\/es\/jovenes-de-latinoamerica-y-alemania-conocen-sobre-el-sindicalismo-argentino\/\" \/>\n<meta property=\"og:locale\" content=\"es_ES\" \/>\n<meta property=\"og:type\" content=\"article\" \/>\n<meta property=\"og:title\" content=\"J\u00f3venes de Latinoam\u00e9rica y Alemania conocen sobre el sindicalismo argentino\" \/>\n<meta property=\"og:description\" content=\"La semana de intercambio form\u00f3 parte del proyecto de formaci\u00f3n internacional de j\u00f3venes de la oficina de IndustriALL en Am\u00e9rica Latina y el Caribe (ALC),\" \/>\n<meta property=\"og:url\" content=\"https:\/\/admin.industriall-union.org\/es\/jovenes-de-latinoamerica-y-alemania-conocen-sobre-el-sindicalismo-argentino\/\" \/>\n<meta property=\"og:site_name\" content=\"industriall-union\" \/>\n<meta property=\"article:modified_time\" content=\"2025-01-28T01:43:41+00:00\" \/>\n<meta name=\"twitter:card\" content=\"summary_large_image\" \/>\n<meta name=\"twitter:label1\" content=\"Est. reading time\" \/>\n\t<meta name=\"twitter:data1\" content=\"3 minutes\" \/>\n<script type=\"application\/ld+json\" class=\"yoast-schema-graph\">{\"@context\":\"https:\/\/schema.org\",\"@graph\":[{\"@type\":\"WebPage\",\"@id\":\"https:\/\/admin.industriall-union.org\/es\/jovenes-de-latinoamerica-y-alemania-conocen-sobre-el-sindicalismo-argentino\/\",\"url\":\"https:\/\/admin.industriall-union.org\/es\/jovenes-de-latinoamerica-y-alemania-conocen-sobre-el-sindicalismo-argentino\/\",\"name\":\"J\u00f3venes de Latinoam\u00e9rica y Alemania conocen sobre el sindicalismo argentino - industriall-union\",\"isPartOf\":{\"@id\":\"https:\/\/admin.industriall-union.org\/#website\"},\"datePublished\":\"2022-07-21T17:46:22+00:00\",\"dateModified\":\"2025-01-28T01:43:41+00:00\",\"description\":\"La semana de intercambio form\u00f3 parte del proyecto de formaci\u00f3n internacional de j\u00f3venes de la oficina de IndustriALL en Am\u00e9rica Latina y el Caribe (ALC),\",\"breadcrumb\":{\"@id\":\"https:\/\/admin.industriall-union.org\/es\/jovenes-de-latinoamerica-y-alemania-conocen-sobre-el-sindicalismo-argentino\/#breadcrumb\"},\"inLanguage\":\"es-ES\",\"potentialAction\":[{\"@type\":\"ReadAction\",\"target\":[\"https:\/\/admin.industriall-union.org\/es\/jovenes-de-latinoamerica-y-alemania-conocen-sobre-el-sindicalismo-argentino\/\"]}]},{\"@type\":\"BreadcrumbList\",\"@id\":\"https:\/\/admin.industriall-union.org\/es\/jovenes-de-latinoamerica-y-alemania-conocen-sobre-el-sindicalismo-argentino\/#breadcrumb\",\"itemListElement\":[{\"@type\":\"ListItem\",\"position\":1,\"name\":\"Home\",\"item\":\"https:\/\/admin.industriall-union.org\/\"},{\"@type\":\"ListItem\",\"position\":2,\"name\":\"Articles\",\"item\":\"https:\/\/admin.industriall-union.org\/article\/\"},{\"@type\":\"ListItem\",\"position\":3,\"name\":\"J\u00f3venes de Latinoam\u00e9rica y Alemania conocen sobre el sindicalismo argentino\"}]},{\"@type\":\"WebSite\",\"@id\":\"https:\/\/admin.industriall-union.org\/#website\",\"url\":\"https:\/\/admin.industriall-union.org\/\",\"name\":\"industriall-union\",\"description\":\"\",\"potentialAction\":[{\"@type\":\"SearchAction\",\"target\":{\"@type\":\"EntryPoint\",\"urlTemplate\":\"https:\/\/admin.industriall-union.org\/?s={search_term_string}\"},\"query-input\":{\"@type\":\"PropertyValueSpecification\",\"valueRequired\":true,\"valueName\":\"search_term_string\"}}],\"inLanguage\":\"es-ES\"}]}<\/script>\n<!-- \/ Yoast SEO Premium plugin. -->","yoast_head_json":{"title":"J\u00f3venes de Latinoam\u00e9rica y Alemania conocen sobre el sindicalismo argentino - industriall-union","description":"La semana de intercambio form\u00f3 parte del proyecto de formaci\u00f3n internacional de j\u00f3venes de la oficina de IndustriALL en Am\u00e9rica Latina y el Caribe (ALC),","robots":{"index":"index","follow":"follow","max-snippet":"max-snippet:-1","max-image-preview":"max-image-preview:large","max-video-preview":"max-video-preview:-1"},"canonical":"https:\/\/admin.industriall-union.org\/es\/jovenes-de-latinoamerica-y-alemania-conocen-sobre-el-sindicalismo-argentino\/","og_locale":"es_ES","og_type":"article","og_title":"J\u00f3venes de Latinoam\u00e9rica y Alemania conocen sobre el sindicalismo argentino","og_description":"La semana de intercambio form\u00f3 parte del proyecto de formaci\u00f3n internacional de j\u00f3venes de la oficina de IndustriALL en Am\u00e9rica Latina y el Caribe (ALC),","og_url":"https:\/\/admin.industriall-union.org\/es\/jovenes-de-latinoamerica-y-alemania-conocen-sobre-el-sindicalismo-argentino\/","og_site_name":"industriall-union","article_modified_time":"2025-01-28T01:43:41+00:00","twitter_card":"summary_large_image","twitter_misc":{"Est. reading time":"3 minutes"},"schema":{"@context":"https:\/\/schema.org","@graph":[{"@type":"WebPage","@id":"https:\/\/admin.industriall-union.org\/es\/jovenes-de-latinoamerica-y-alemania-conocen-sobre-el-sindicalismo-argentino\/","url":"https:\/\/admin.industriall-union.org\/es\/jovenes-de-latinoamerica-y-alemania-conocen-sobre-el-sindicalismo-argentino\/","name":"J\u00f3venes de Latinoam\u00e9rica y Alemania conocen sobre el sindicalismo argentino - industriall-union","isPartOf":{"@id":"https:\/\/admin.industriall-union.org\/#website"},"datePublished":"2022-07-21T17:46:22+00:00","dateModified":"2025-01-28T01:43:41+00:00","description":"La semana de intercambio form\u00f3 parte del proyecto de formaci\u00f3n internacional de j\u00f3venes de la oficina de IndustriALL en Am\u00e9rica Latina y el Caribe (ALC),","breadcrumb":{"@id":"https:\/\/admin.industriall-union.org\/es\/jovenes-de-latinoamerica-y-alemania-conocen-sobre-el-sindicalismo-argentino\/#breadcrumb"},"inLanguage":"es-ES","potentialAction":[{"@type":"ReadAction","target":["https:\/\/admin.industriall-union.org\/es\/jovenes-de-latinoamerica-y-alemania-conocen-sobre-el-sindicalismo-argentino\/"]}]},{"@type":"BreadcrumbList","@id":"https:\/\/admin.industriall-union.org\/es\/jovenes-de-latinoamerica-y-alemania-conocen-sobre-el-sindicalismo-argentino\/#breadcrumb","itemListElement":[{"@type":"ListItem","position":1,"name":"Home","item":"https:\/\/admin.industriall-union.org\/"},{"@type":"ListItem","position":2,"name":"Articles","item":"https:\/\/admin.industriall-union.org\/article\/"},{"@type":"ListItem","position":3,"name":"J\u00f3venes de Latinoam\u00e9rica y Alemania conocen sobre el sindicalismo argentino"}]},{"@type":"WebSite","@id":"https:\/\/admin.industriall-union.org\/#website","url":"https:\/\/admin.industriall-union.org\/","name":"industriall-union","description":"","potentialAction":[{"@type":"SearchAction","target":{"@type":"EntryPoint","urlTemplate":"https:\/\/admin.industriall-union.org\/?s={search_term_string}"},"query-input":{"@type":"PropertyValueSpecification","valueRequired":true,"valueName":"search_term_string"}}],"inLanguage":"es-ES"}]}},"_links":{"self":[{"href":"https:\/\/admin.industriall-union.org\/es\/wp-json\/wp\/v2\/article\/154420","targetHints":{"allow":["GET"]}}],"collection":[{"href":"https:\/\/admin.industriall-union.org\/es\/wp-json\/wp\/v2\/article"}],"about":[{"href":"https:\/\/admin.industriall-union.org\/es\/wp-json\/wp\/v2\/types\/article"}],"wp:attachment":[{"href":"https:\/\/admin.industriall-union.org\/es\/wp-json\/wp\/v2\/media?parent=154420"}],"wp:term":[{"taxonomy":"issues","embeddable":true,"href":"https:\/\/admin.industriall-union.org\/es\/wp-json\/wp\/v2\/issues?post=154420"},{"taxonomy":"companies","embeddable":true,"href":"https:\/\/admin.industriall-union.org\/es\/wp-json\/wp\/v2\/companies?post=154420"},{"taxonomy":"regions","embeddable":true,"href":"https:\/\/admin.industriall-union.org\/es\/wp-json\/wp\/v2\/regions?post=154420"},{"taxonomy":"sectors","embeddable":true,"href":"https:\/\/admin.industriall-union.org\/es\/wp-json\/wp\/v2\/sectors?post=154420"},{"taxonomy":"article_tags","embeddable":true,"href":"https:\/\/admin.industriall-union.org\/es\/wp-json\/wp\/v2\/article_tags?post=154420"}],"curies":[{"name":"wp","href":"https:\/\/api.w.org\/{rel}","templated":true}]}}