{"id":154358,"date":"2022-08-10T14:33:23","date_gmt":"2022-08-10T14:33:23","guid":{"rendered":"https:\/\/admin.industriall-union.org\/triunfo-sindical-tribunal-indio-ordena-reincorporacion-de-150-trabajadoras-de-la-confeccion-despedidas-injustamente\/"},"modified":"2025-01-28T01:32:23","modified_gmt":"2025-01-28T01:32:23","slug":"triunfo-sindical-tribunal-indio-ordena-reincorporacion-de-150-trabajadoras-de-la-confeccion-despedidas-injustamente","status":"publish","type":"article","link":"https:\/\/admin.industriall-union.org\/es\/triunfo-sindical-tribunal-indio-ordena-reincorporacion-de-150-trabajadoras-de-la-confeccion-despedidas-injustamente\/","title":{"rendered":"Triunfo sindical: tribunal indio ordena reincorporaci\u00f3n de 150 trabajadoras de la confecci\u00f3n despedidas injustamente"},"content":{"rendered":"<p style=\"text-align: left\">El 6 de agosto, un tribunal en materia laboral fall\u00f3 a favor de la reincorporaci\u00f3n de las 150 trabajadoras expulsadas de la f\u00e1brica de forma il\u00edcita por parte de la direcci\u00f3n, as\u00ed como orden\u00f3 el pago de los salarios y prestaciones por antig\u00fcedad adeudados.<\/p><p style=\"text-align: left\">La direcci\u00f3n de SLAM Clothing, que tiene una f\u00e1brica cerca de Chennai, impuso un cierre patronal para impedir que las trabajadoras ingresaran a la f\u00e1brica despu\u00e9s de que el sindicato exigiera el pago de salarios adeudados. En lugar de entablar un di\u00e1logo con el sindicato o acudir al Gobierno para obtener permiso para cerrar la f\u00e1brica, como lo exige la ley, la direcci\u00f3n prefiri\u00f3 impedir el acceso del personal al lugar. Esto significa que cerr\u00f3 unilateralmente la f\u00e1brica, as\u00ed como tambi\u00e9n redact\u00f3 cartas de renuncia en las que falsific\u00f3 las firmas de las trabajadoras.<\/p><p style=\"text-align: left\">El GAFWU denunci\u00f3 este cierre patronal ilegal ante la oficina del Comisionado de Trabajo. Debido a la negativa de la direcci\u00f3n a participar en el proceso de conciliaci\u00f3n, no se lleg\u00f3 a ning\u00fan acuerdo entre la empresa y los trabajadores. Por lo tanto, la oficina del Comisionado de Trabajo remiti\u00f3&nbsp;el caso&nbsp;a un tribunal en materia laboral para que se pronunciara al respecto.<\/p><p style=\"text-align: left\">La orden judicial que ordena el pago de los salarios atrasados permitir\u00e1 que el sindicato los reclame a SLAM Clothing.<\/p><p style=\"text-align: left\">Palani Bharathi, secretario general del GAFWU, expres\u00f3:&nbsp;<\/p><blockquote><p style=\"text-align: left\">&ldquo;A partir de ahora, nuestra lucha no har\u00e1 m\u00e1s que intensificarse. Hemos ganado la batalla judicial, pero la direcci\u00f3n, que eligi\u00f3 arrogantemente mantenerse al margen de todo el proceso, a\u00fan debe hacerse responsable por sus graves violaciones contra los derechos laborales&rdquo;.<\/p><\/blockquote><blockquote><p style=\"text-align: left\">&ldquo;Aplaudimos el triunfo de las trabajadoras en la batalla judicial contra las pr\u00e1cticas antisindicales de la direcci\u00f3n de SLAM Clothing, y esperamos que esto sirva de lecci\u00f3n para algunos empleadores. Deben entender que, para lograr la paz laboral, es mucho m\u00e1s fruct\u00edfero escuchar los reclamos de los trabajadores y pagarles sus salarios a tiempo&rdquo;,<\/p><\/blockquote><p style=\"text-align: left\">declar\u00f3 la secretaria regional de IndustriALL para Asia del Sur, Apoorva Kaiwar.<\/p>","protected":false},"featured_media":0,"template":"","issues":[425],"companies":[],"regions":[166],"sectors":[464],"article_tags":[],"class_list":["post-154358","article","type-article","status-publish","hentry","issues-workers-rights","regions-india","sectors-textile-leather-garment-shoes-and-textile-services"],"acf":[],"yoast_head":"<!-- This site is optimized with the Yoast SEO Premium plugin v27.1 (Yoast SEO v27.1) - https:\/\/yoast.com\/product\/yoast-seo-premium-wordpress\/ -->\n<title>Triunfo sindical: tribunal indio ordena reincorporaci\u00f3n de 150 trabajadoras de la confecci\u00f3n despedidas injustamente - industriall-union<\/title>\n<meta name=\"description\" content=\"El 6 de agosto, un tribunal en materia laboral fall\u00f3 a favor de la reincorporaci\u00f3n de las 150 trabajadoras expulsadas de la f\u00e1brica de forma il\u00edcita por\" \/>\n<meta name=\"robots\" content=\"index, follow, max-snippet:-1, max-image-preview:large, max-video-preview:-1\" \/>\n<link rel=\"canonical\" href=\"https:\/\/admin.industriall-union.org\/es\/triunfo-sindical-tribunal-indio-ordena-reincorporacion-de-150-trabajadoras-de-la-confeccion-despedidas-injustamente\/\" \/>\n<meta property=\"og:locale\" content=\"es_ES\" \/>\n<meta property=\"og:type\" content=\"article\" \/>\n<meta property=\"og:title\" content=\"Triunfo sindical: tribunal indio ordena reincorporaci\u00f3n de 150 trabajadoras de la confecci\u00f3n despedidas injustamente\" \/>\n<meta property=\"og:description\" content=\"El 6 de agosto, un tribunal en materia laboral fall\u00f3 a favor de la reincorporaci\u00f3n de las 150 trabajadoras expulsadas de la f\u00e1brica de forma il\u00edcita por\" \/>\n<meta property=\"og:url\" content=\"https:\/\/admin.industriall-union.org\/es\/triunfo-sindical-tribunal-indio-ordena-reincorporacion-de-150-trabajadoras-de-la-confeccion-despedidas-injustamente\/\" \/>\n<meta property=\"og:site_name\" content=\"industriall-union\" \/>\n<meta property=\"article:modified_time\" content=\"2025-01-28T01:32:23+00:00\" \/>\n<meta name=\"twitter:card\" content=\"summary_large_image\" \/>\n<meta name=\"twitter:label1\" content=\"Est. reading time\" \/>\n\t<meta name=\"twitter:data1\" content=\"2 minutes\" \/>\n<script type=\"application\/ld+json\" class=\"yoast-schema-graph\">{\"@context\":\"https:\/\/schema.org\",\"@graph\":[{\"@type\":\"WebPage\",\"@id\":\"https:\/\/admin.industriall-union.org\/es\/triunfo-sindical-tribunal-indio-ordena-reincorporacion-de-150-trabajadoras-de-la-confeccion-despedidas-injustamente\/\",\"url\":\"https:\/\/admin.industriall-union.org\/es\/triunfo-sindical-tribunal-indio-ordena-reincorporacion-de-150-trabajadoras-de-la-confeccion-despedidas-injustamente\/\",\"name\":\"Triunfo sindical: tribunal indio ordena reincorporaci\u00f3n de 150 trabajadoras de la confecci\u00f3n despedidas injustamente - industriall-union\",\"isPartOf\":{\"@id\":\"https:\/\/admin.industriall-union.org\/#website\"},\"datePublished\":\"2022-08-10T14:33:23+00:00\",\"dateModified\":\"2025-01-28T01:32:23+00:00\",\"description\":\"El 6 de agosto, un tribunal en materia laboral fall\u00f3 a favor de la reincorporaci\u00f3n de las 150 trabajadoras expulsadas de la f\u00e1brica de forma il\u00edcita por\",\"breadcrumb\":{\"@id\":\"https:\/\/admin.industriall-union.org\/es\/triunfo-sindical-tribunal-indio-ordena-reincorporacion-de-150-trabajadoras-de-la-confeccion-despedidas-injustamente\/#breadcrumb\"},\"inLanguage\":\"es-ES\",\"potentialAction\":[{\"@type\":\"ReadAction\",\"target\":[\"https:\/\/admin.industriall-union.org\/es\/triunfo-sindical-tribunal-indio-ordena-reincorporacion-de-150-trabajadoras-de-la-confeccion-despedidas-injustamente\/\"]}]},{\"@type\":\"BreadcrumbList\",\"@id\":\"https:\/\/admin.industriall-union.org\/es\/triunfo-sindical-tribunal-indio-ordena-reincorporacion-de-150-trabajadoras-de-la-confeccion-despedidas-injustamente\/#breadcrumb\",\"itemListElement\":[{\"@type\":\"ListItem\",\"position\":1,\"name\":\"Home\",\"item\":\"https:\/\/admin.industriall-union.org\/\"},{\"@type\":\"ListItem\",\"position\":2,\"name\":\"Articles\",\"item\":\"https:\/\/admin.industriall-union.org\/article\/\"},{\"@type\":\"ListItem\",\"position\":3,\"name\":\"Triunfo sindical: tribunal indio ordena reincorporaci\u00f3n de 150 trabajadoras de la confecci\u00f3n despedidas injustamente\"}]},{\"@type\":\"WebSite\",\"@id\":\"https:\/\/admin.industriall-union.org\/#website\",\"url\":\"https:\/\/admin.industriall-union.org\/\",\"name\":\"industriall-union\",\"description\":\"\",\"potentialAction\":[{\"@type\":\"SearchAction\",\"target\":{\"@type\":\"EntryPoint\",\"urlTemplate\":\"https:\/\/admin.industriall-union.org\/?s={search_term_string}\"},\"query-input\":{\"@type\":\"PropertyValueSpecification\",\"valueRequired\":true,\"valueName\":\"search_term_string\"}}],\"inLanguage\":\"es-ES\"}]}<\/script>\n<!-- \/ Yoast SEO Premium plugin. -->","yoast_head_json":{"title":"Triunfo sindical: tribunal indio ordena reincorporaci\u00f3n de 150 trabajadoras de la confecci\u00f3n despedidas injustamente - industriall-union","description":"El 6 de agosto, un tribunal en materia laboral fall\u00f3 a favor de la reincorporaci\u00f3n de las 150 trabajadoras expulsadas de la f\u00e1brica de forma il\u00edcita por","robots":{"index":"index","follow":"follow","max-snippet":"max-snippet:-1","max-image-preview":"max-image-preview:large","max-video-preview":"max-video-preview:-1"},"canonical":"https:\/\/admin.industriall-union.org\/es\/triunfo-sindical-tribunal-indio-ordena-reincorporacion-de-150-trabajadoras-de-la-confeccion-despedidas-injustamente\/","og_locale":"es_ES","og_type":"article","og_title":"Triunfo sindical: tribunal indio ordena reincorporaci\u00f3n de 150 trabajadoras de la confecci\u00f3n despedidas injustamente","og_description":"El 6 de agosto, un tribunal en materia laboral fall\u00f3 a favor de la reincorporaci\u00f3n de las 150 trabajadoras expulsadas de la f\u00e1brica de forma il\u00edcita por","og_url":"https:\/\/admin.industriall-union.org\/es\/triunfo-sindical-tribunal-indio-ordena-reincorporacion-de-150-trabajadoras-de-la-confeccion-despedidas-injustamente\/","og_site_name":"industriall-union","article_modified_time":"2025-01-28T01:32:23+00:00","twitter_card":"summary_large_image","twitter_misc":{"Est. reading time":"2 minutes"},"schema":{"@context":"https:\/\/schema.org","@graph":[{"@type":"WebPage","@id":"https:\/\/admin.industriall-union.org\/es\/triunfo-sindical-tribunal-indio-ordena-reincorporacion-de-150-trabajadoras-de-la-confeccion-despedidas-injustamente\/","url":"https:\/\/admin.industriall-union.org\/es\/triunfo-sindical-tribunal-indio-ordena-reincorporacion-de-150-trabajadoras-de-la-confeccion-despedidas-injustamente\/","name":"Triunfo sindical: tribunal indio ordena reincorporaci\u00f3n de 150 trabajadoras de la confecci\u00f3n despedidas injustamente - industriall-union","isPartOf":{"@id":"https:\/\/admin.industriall-union.org\/#website"},"datePublished":"2022-08-10T14:33:23+00:00","dateModified":"2025-01-28T01:32:23+00:00","description":"El 6 de agosto, un tribunal en materia laboral fall\u00f3 a favor de la reincorporaci\u00f3n de las 150 trabajadoras expulsadas de la f\u00e1brica de forma il\u00edcita por","breadcrumb":{"@id":"https:\/\/admin.industriall-union.org\/es\/triunfo-sindical-tribunal-indio-ordena-reincorporacion-de-150-trabajadoras-de-la-confeccion-despedidas-injustamente\/#breadcrumb"},"inLanguage":"es-ES","potentialAction":[{"@type":"ReadAction","target":["https:\/\/admin.industriall-union.org\/es\/triunfo-sindical-tribunal-indio-ordena-reincorporacion-de-150-trabajadoras-de-la-confeccion-despedidas-injustamente\/"]}]},{"@type":"BreadcrumbList","@id":"https:\/\/admin.industriall-union.org\/es\/triunfo-sindical-tribunal-indio-ordena-reincorporacion-de-150-trabajadoras-de-la-confeccion-despedidas-injustamente\/#breadcrumb","itemListElement":[{"@type":"ListItem","position":1,"name":"Home","item":"https:\/\/admin.industriall-union.org\/"},{"@type":"ListItem","position":2,"name":"Articles","item":"https:\/\/admin.industriall-union.org\/article\/"},{"@type":"ListItem","position":3,"name":"Triunfo sindical: tribunal indio ordena reincorporaci\u00f3n de 150 trabajadoras de la confecci\u00f3n despedidas injustamente"}]},{"@type":"WebSite","@id":"https:\/\/admin.industriall-union.org\/#website","url":"https:\/\/admin.industriall-union.org\/","name":"industriall-union","description":"","potentialAction":[{"@type":"SearchAction","target":{"@type":"EntryPoint","urlTemplate":"https:\/\/admin.industriall-union.org\/?s={search_term_string}"},"query-input":{"@type":"PropertyValueSpecification","valueRequired":true,"valueName":"search_term_string"}}],"inLanguage":"es-ES"}]}},"_links":{"self":[{"href":"https:\/\/admin.industriall-union.org\/es\/wp-json\/wp\/v2\/article\/154358","targetHints":{"allow":["GET"]}}],"collection":[{"href":"https:\/\/admin.industriall-union.org\/es\/wp-json\/wp\/v2\/article"}],"about":[{"href":"https:\/\/admin.industriall-union.org\/es\/wp-json\/wp\/v2\/types\/article"}],"wp:attachment":[{"href":"https:\/\/admin.industriall-union.org\/es\/wp-json\/wp\/v2\/media?parent=154358"}],"wp:term":[{"taxonomy":"issues","embeddable":true,"href":"https:\/\/admin.industriall-union.org\/es\/wp-json\/wp\/v2\/issues?post=154358"},{"taxonomy":"companies","embeddable":true,"href":"https:\/\/admin.industriall-union.org\/es\/wp-json\/wp\/v2\/companies?post=154358"},{"taxonomy":"regions","embeddable":true,"href":"https:\/\/admin.industriall-union.org\/es\/wp-json\/wp\/v2\/regions?post=154358"},{"taxonomy":"sectors","embeddable":true,"href":"https:\/\/admin.industriall-union.org\/es\/wp-json\/wp\/v2\/sectors?post=154358"},{"taxonomy":"article_tags","embeddable":true,"href":"https:\/\/admin.industriall-union.org\/es\/wp-json\/wp\/v2\/article_tags?post=154358"}],"curies":[{"name":"wp","href":"https:\/\/api.w.org\/{rel}","templated":true}]}}