{"id":154346,"date":"2022-08-16T15:27:40","date_gmt":"2022-08-16T15:27:40","guid":{"rendered":"https:\/\/admin.industriall-union.org\/mineros-peruanos-de-los-quenuales-glencore-reclaman-mejores-condiciones-laborales\/"},"modified":"2025-01-28T01:27:39","modified_gmt":"2025-01-28T01:27:39","slug":"mineros-peruanos-de-los-quenuales-glencore-reclaman-mejores-condiciones-laborales","status":"publish","type":"article","link":"https:\/\/admin.industriall-union.org\/es\/mineros-peruanos-de-los-quenuales-glencore-reclaman-mejores-condiciones-laborales\/","title":{"rendered":"Mineros peruanos de Los Quenuales Glencore reclaman mejores condiciones laborales"},"content":{"rendered":"<p>Los trabajadores afiliados a la Federaci\u00f3n nacional de trabajadores mineros, metal\u00fargicos y sider\u00fargicos de Per\u00fa (FNTMMSP, a su vez afiliada a IndustriALL Global Union) desarrollaron una huelga y una marcha para exigirle a la empresa perteneciente a la multinacional Glencore que cumpla con los \u00faltimos decretos del gobierno.<\/p><p>El Decreto n\u00famero <a href=\"https:\/\/busquedas.elperuano.pe\/normaslegales\/decreto-supremo-que-modifica-el-decreto-supremo-n-006-2008-decreto-supremo-n-001-2022-tr-2042220-1\/\" target=\"_blank\">DS-001-2002-TR<\/a> establece que las empresas no deben tercerizar actividades especializadas, es decir, aquellas que est\u00e9n vinculadas a la actividad principal de la firma. En tanto, el decreto <a href=\"https:\/\/cdn.www.gob.pe\/uploads\/document\/file\/3447281\/Decreto-supremo-n-014-2022-TR.pdf\" target=\"_blank\">DS-014-2022-TR<\/a> modifica el Reglamento de la Ley de relaciones colectivas de trabajo, a partir de cambios en los art\u00edculos referentes al derecho de sindicalizaci\u00f3n, conflictos sindicales, registro sindical, negociaci\u00f3n colectiva, entre otros que favorecen a los trabajadores.<\/p><p>Adem\u00e1s, los trabajadores efectuaron reuniones con autoridades del Ministerio&nbsp;de trabajo y promoci\u00f3n de empleo el 15 de agosto, y tambi\u00e9n solicitaron una reuni\u00f3n con el presidente, Pedro Castillo Terrones, para poder plantearles su problem\u00e1tica.<\/p><p>Los mineros aseguran que la empresa Los Quenuales ignora sus reclamos e incluso los amenaza con la &ldquo;<a href=\"https:\/\/www.gob.pe\/9031-suspension-perfecta-de-labores\" target=\"_blank\">suspensi\u00f3n perfecta de labores<\/a>&rdquo; (un mecanismo que permite al empleador suspenderle a los empleados el pago de la remuneraci\u00f3n mensual, sin que el v\u00ednculo laboral se rompa) y ceses colectivos, solo por exigir el cumplimiento de normativas de \u00faltimos Decretos.<\/p><blockquote><p>&ldquo;Desde la FNTMMSP ponemos en alerta al gobierno: no se permitir\u00e1 que el empresariado minero abuse de los derechos. Decimos &ldquo;no&rdquo; a las suspensiones perfectas y a los ceses colectivos en represalia por exigir el cumplimiento de la ley. (&hellip;)<\/p><p>Esperamos que, a la brevedad, pueda recibir a una delegaci\u00f3n de trabajadores mineros para abordar temas que hasta ahora fueron dilatados y no fueron atendidos&rdquo;<\/p><\/blockquote><p>dijo la Federaci\u00f3n en un <a href=\"https:\/\/www.facebook.com\/FNTMMSP\/photos\/a.1251535491557588\/5787374777973614\/\" target=\"_blank\">comunicado oficial<\/a>.<\/p><p>Finalmente, la organizaci\u00f3n sindical le pidi\u00f3 a la empresa que mejore las condiciones laborales. Por ejemplo, solicit\u00f3 un cambio en la calidad de la alimentaci\u00f3n, y que se cumplan los protocolos de seguridad y salud en el trabajo respecto de los campamentos mineros.<\/p><p>Por su parte, el secretario regional de IndustriALL, Marino Vani, expres\u00f3:<\/p><blockquote><p>&ldquo;Lamentamos que los trabajadores tengan que ir a una huelga para que puedan escuchar su reclamo a una alimentaci\u00f3n decente y a un trabajo seguro.<\/p><p>Esperamos que la empresa deje las amenazas y entable negociaciones de buena fe. Anhelamos que presente propuestas concretas para las demandas justas de los trabajadores.<\/p><p>Extendemos el pedido al estado y al gobierno para que cercioren que el di\u00e1logo prevalezca y se llegue a un acuerdo que asegure el cumplimento de las leyes, brinde condiciones laborares m\u00e1s favorables a los trabajadores, y permita superar el conflicto. Todo nuestro apoyo a los trabajadores y la federaci\u00f3n minera de Per\u00fa.&rdquo;<\/p><\/blockquote>","protected":false},"featured_media":0,"template":"","issues":[402,425],"companies":[60],"regions":[254,279],"sectors":[442],"article_tags":[505,513],"class_list":["post-154346","article","type-article","status-publish","hentry","issues-health-and-safety","issues-workers-rights","companies-glencore","regions-latin-america-and-the-caribbean","regions-peru","sectors-mineria-y-dgojp","article_tags-collective-bargaining","article_tags-labour-laws"],"acf":[],"yoast_head":"<!-- This site is optimized with the Yoast SEO Premium plugin v27.1 (Yoast SEO v27.1) - https:\/\/yoast.com\/product\/yoast-seo-premium-wordpress\/ -->\n<title>Mineros peruanos de Los Quenuales Glencore reclaman mejores condiciones laborales - industriall-union<\/title>\n<meta name=\"description\" content=\"Los trabajadores afiliados a la Federaci\u00f3n nacional de trabajadores mineros, metal\u00fargicos y sider\u00fargicos de Per\u00fa (FNTMMSP, a su vez afiliada a IndustriALL\" \/>\n<meta name=\"robots\" content=\"index, follow, max-snippet:-1, max-image-preview:large, max-video-preview:-1\" \/>\n<link rel=\"canonical\" href=\"https:\/\/admin.industriall-union.org\/es\/mineros-peruanos-de-los-quenuales-glencore-reclaman-mejores-condiciones-laborales\/\" \/>\n<meta property=\"og:locale\" content=\"es_ES\" \/>\n<meta property=\"og:type\" content=\"article\" \/>\n<meta property=\"og:title\" content=\"Mineros peruanos de Los Quenuales Glencore reclaman mejores condiciones laborales\" \/>\n<meta property=\"og:description\" content=\"Los trabajadores afiliados a la Federaci\u00f3n nacional de trabajadores mineros, metal\u00fargicos y sider\u00fargicos de Per\u00fa (FNTMMSP, a su vez afiliada a IndustriALL\" \/>\n<meta property=\"og:url\" content=\"https:\/\/admin.industriall-union.org\/es\/mineros-peruanos-de-los-quenuales-glencore-reclaman-mejores-condiciones-laborales\/\" \/>\n<meta property=\"og:site_name\" content=\"industriall-union\" \/>\n<meta property=\"article:modified_time\" content=\"2025-01-28T01:27:39+00:00\" \/>\n<meta name=\"twitter:card\" content=\"summary_large_image\" \/>\n<meta name=\"twitter:label1\" content=\"Est. reading time\" \/>\n\t<meta name=\"twitter:data1\" content=\"2 minutes\" \/>\n<script type=\"application\/ld+json\" class=\"yoast-schema-graph\">{\"@context\":\"https:\/\/schema.org\",\"@graph\":[{\"@type\":\"WebPage\",\"@id\":\"https:\/\/admin.industriall-union.org\/es\/mineros-peruanos-de-los-quenuales-glencore-reclaman-mejores-condiciones-laborales\/\",\"url\":\"https:\/\/admin.industriall-union.org\/es\/mineros-peruanos-de-los-quenuales-glencore-reclaman-mejores-condiciones-laborales\/\",\"name\":\"Mineros peruanos de Los Quenuales Glencore reclaman mejores condiciones laborales - industriall-union\",\"isPartOf\":{\"@id\":\"https:\/\/admin.industriall-union.org\/#website\"},\"datePublished\":\"2022-08-16T15:27:40+00:00\",\"dateModified\":\"2025-01-28T01:27:39+00:00\",\"description\":\"Los trabajadores afiliados a la Federaci\u00f3n nacional de trabajadores mineros, metal\u00fargicos y sider\u00fargicos de Per\u00fa (FNTMMSP, a su vez afiliada a IndustriALL\",\"breadcrumb\":{\"@id\":\"https:\/\/admin.industriall-union.org\/es\/mineros-peruanos-de-los-quenuales-glencore-reclaman-mejores-condiciones-laborales\/#breadcrumb\"},\"inLanguage\":\"es-ES\",\"potentialAction\":[{\"@type\":\"ReadAction\",\"target\":[\"https:\/\/admin.industriall-union.org\/es\/mineros-peruanos-de-los-quenuales-glencore-reclaman-mejores-condiciones-laborales\/\"]}]},{\"@type\":\"BreadcrumbList\",\"@id\":\"https:\/\/admin.industriall-union.org\/es\/mineros-peruanos-de-los-quenuales-glencore-reclaman-mejores-condiciones-laborales\/#breadcrumb\",\"itemListElement\":[{\"@type\":\"ListItem\",\"position\":1,\"name\":\"Home\",\"item\":\"https:\/\/admin.industriall-union.org\/\"},{\"@type\":\"ListItem\",\"position\":2,\"name\":\"Articles\",\"item\":\"https:\/\/admin.industriall-union.org\/article\/\"},{\"@type\":\"ListItem\",\"position\":3,\"name\":\"Mineros peruanos de Los Quenuales Glencore reclaman mejores condiciones laborales\"}]},{\"@type\":\"WebSite\",\"@id\":\"https:\/\/admin.industriall-union.org\/#website\",\"url\":\"https:\/\/admin.industriall-union.org\/\",\"name\":\"industriall-union\",\"description\":\"\",\"potentialAction\":[{\"@type\":\"SearchAction\",\"target\":{\"@type\":\"EntryPoint\",\"urlTemplate\":\"https:\/\/admin.industriall-union.org\/?s={search_term_string}\"},\"query-input\":{\"@type\":\"PropertyValueSpecification\",\"valueRequired\":true,\"valueName\":\"search_term_string\"}}],\"inLanguage\":\"es-ES\"}]}<\/script>\n<!-- \/ Yoast SEO Premium plugin. -->","yoast_head_json":{"title":"Mineros peruanos de Los Quenuales Glencore reclaman mejores condiciones laborales - industriall-union","description":"Los trabajadores afiliados a la Federaci\u00f3n nacional de trabajadores mineros, metal\u00fargicos y sider\u00fargicos de Per\u00fa (FNTMMSP, a su vez afiliada a IndustriALL","robots":{"index":"index","follow":"follow","max-snippet":"max-snippet:-1","max-image-preview":"max-image-preview:large","max-video-preview":"max-video-preview:-1"},"canonical":"https:\/\/admin.industriall-union.org\/es\/mineros-peruanos-de-los-quenuales-glencore-reclaman-mejores-condiciones-laborales\/","og_locale":"es_ES","og_type":"article","og_title":"Mineros peruanos de Los Quenuales Glencore reclaman mejores condiciones laborales","og_description":"Los trabajadores afiliados a la Federaci\u00f3n nacional de trabajadores mineros, metal\u00fargicos y sider\u00fargicos de Per\u00fa (FNTMMSP, a su vez afiliada a IndustriALL","og_url":"https:\/\/admin.industriall-union.org\/es\/mineros-peruanos-de-los-quenuales-glencore-reclaman-mejores-condiciones-laborales\/","og_site_name":"industriall-union","article_modified_time":"2025-01-28T01:27:39+00:00","twitter_card":"summary_large_image","twitter_misc":{"Est. reading time":"2 minutes"},"schema":{"@context":"https:\/\/schema.org","@graph":[{"@type":"WebPage","@id":"https:\/\/admin.industriall-union.org\/es\/mineros-peruanos-de-los-quenuales-glencore-reclaman-mejores-condiciones-laborales\/","url":"https:\/\/admin.industriall-union.org\/es\/mineros-peruanos-de-los-quenuales-glencore-reclaman-mejores-condiciones-laborales\/","name":"Mineros peruanos de Los Quenuales Glencore reclaman mejores condiciones laborales - industriall-union","isPartOf":{"@id":"https:\/\/admin.industriall-union.org\/#website"},"datePublished":"2022-08-16T15:27:40+00:00","dateModified":"2025-01-28T01:27:39+00:00","description":"Los trabajadores afiliados a la Federaci\u00f3n nacional de trabajadores mineros, metal\u00fargicos y sider\u00fargicos de Per\u00fa (FNTMMSP, a su vez afiliada a IndustriALL","breadcrumb":{"@id":"https:\/\/admin.industriall-union.org\/es\/mineros-peruanos-de-los-quenuales-glencore-reclaman-mejores-condiciones-laborales\/#breadcrumb"},"inLanguage":"es-ES","potentialAction":[{"@type":"ReadAction","target":["https:\/\/admin.industriall-union.org\/es\/mineros-peruanos-de-los-quenuales-glencore-reclaman-mejores-condiciones-laborales\/"]}]},{"@type":"BreadcrumbList","@id":"https:\/\/admin.industriall-union.org\/es\/mineros-peruanos-de-los-quenuales-glencore-reclaman-mejores-condiciones-laborales\/#breadcrumb","itemListElement":[{"@type":"ListItem","position":1,"name":"Home","item":"https:\/\/admin.industriall-union.org\/"},{"@type":"ListItem","position":2,"name":"Articles","item":"https:\/\/admin.industriall-union.org\/article\/"},{"@type":"ListItem","position":3,"name":"Mineros peruanos de Los Quenuales Glencore reclaman mejores condiciones laborales"}]},{"@type":"WebSite","@id":"https:\/\/admin.industriall-union.org\/#website","url":"https:\/\/admin.industriall-union.org\/","name":"industriall-union","description":"","potentialAction":[{"@type":"SearchAction","target":{"@type":"EntryPoint","urlTemplate":"https:\/\/admin.industriall-union.org\/?s={search_term_string}"},"query-input":{"@type":"PropertyValueSpecification","valueRequired":true,"valueName":"search_term_string"}}],"inLanguage":"es-ES"}]}},"_links":{"self":[{"href":"https:\/\/admin.industriall-union.org\/es\/wp-json\/wp\/v2\/article\/154346","targetHints":{"allow":["GET"]}}],"collection":[{"href":"https:\/\/admin.industriall-union.org\/es\/wp-json\/wp\/v2\/article"}],"about":[{"href":"https:\/\/admin.industriall-union.org\/es\/wp-json\/wp\/v2\/types\/article"}],"wp:attachment":[{"href":"https:\/\/admin.industriall-union.org\/es\/wp-json\/wp\/v2\/media?parent=154346"}],"wp:term":[{"taxonomy":"issues","embeddable":true,"href":"https:\/\/admin.industriall-union.org\/es\/wp-json\/wp\/v2\/issues?post=154346"},{"taxonomy":"companies","embeddable":true,"href":"https:\/\/admin.industriall-union.org\/es\/wp-json\/wp\/v2\/companies?post=154346"},{"taxonomy":"regions","embeddable":true,"href":"https:\/\/admin.industriall-union.org\/es\/wp-json\/wp\/v2\/regions?post=154346"},{"taxonomy":"sectors","embeddable":true,"href":"https:\/\/admin.industriall-union.org\/es\/wp-json\/wp\/v2\/sectors?post=154346"},{"taxonomy":"article_tags","embeddable":true,"href":"https:\/\/admin.industriall-union.org\/es\/wp-json\/wp\/v2\/article_tags?post=154346"}],"curies":[{"name":"wp","href":"https:\/\/api.w.org\/{rel}","templated":true}]}}