{"id":154337,"date":"2022-08-17T10:36:26","date_gmt":"2022-08-17T10:36:26","guid":{"rendered":"https:\/\/admin.industriall-union.org\/sindicatos-y-empleadores-piden-a-las-marcas-mundiales-que-apoyen-a-la-industria-de-la-confeccion-de-sri-lanka\/"},"modified":"2025-01-28T01:21:32","modified_gmt":"2025-01-28T01:21:32","slug":"sindicatos-y-empleadores-piden-a-las-marcas-mundiales-que-apoyen-a-la-industria-de-la-confeccion-de-sri-lanka","status":"publish","type":"article","link":"https:\/\/admin.industriall-union.org\/es\/sindicatos-y-empleadores-piden-a-las-marcas-mundiales-que-apoyen-a-la-industria-de-la-confeccion-de-sri-lanka\/","title":{"rendered":"Sindicatos y empleadores piden a las marcas mundiales que apoyen a la industria de la confecci\u00f3n de Sri Lanka"},"content":{"rendered":"<p>A pesar de la reciente elecci\u00f3n de un nuevo presidente y el nombramiento de un nuevo primer ministro y gabinete interino, Sri Lanka sigue atravesando una crisis econ\u00f3mica. El agotamiento de las reservas de divisas provoc\u00f3 un aumento vertiginoso de la inflaci\u00f3n, que ascendi\u00f3 a casi un 60 por ciento solamente en julio. El elevado costo de vida ha empeorado la situaci\u00f3n de los trabajadores.<\/p><p>En una carta conjunta, el Sindicato de Empleados de Zonas Francas y Servicios Generales (FTZGSEU), el Sindicato Nacional de Trabajadores Metal\u00fargicos y Migrantes de Sri Lanka (NUMMS), el Sri Lanka Nidahas Sewaka Sangamaya (SLNSS) y el Sindicato de Trabajadores Industriales de Ceil\u00e1n (Federaci\u00f3n Unida del Trabajo), afiliados a IndustriALL, as\u00ed como el \u00f3rgano superior de la industria de la confecci\u00f3n en Sri Lanka, el Foro Conjunto de Asociaciones del Sector del Vestido (JAAF), exhortaron a las marcas mundiales de ropa a seguir haciendo pedidos a las f\u00e1bricas del pa\u00eds para mantener la econom\u00eda a flote.<\/p><p>La fabricaci\u00f3n de prendas de vestir es una fuente importante de divisas para el pa\u00eds. Los sindicatos afiliados en Sri Lanka y el JAAF expresaron su preocupaci\u00f3n con respecto a la posibilidad de que las marcas suspendan o reduzcan sus pedidos por miedo a la crisis, lo que podr\u00eda perjudicar m\u00e1s a la econom\u00eda del pa\u00eds.<\/p><p>La secretaria regional de IndustriALL para Asia del Sur, Apoorva Kaiwar, expres\u00f3:<\/p><blockquote><p>&ldquo;Es importante que las marcas mundiales extiendan su apoyo a la industria de la confecci\u00f3n de Sri Lanka en este momento tan dif\u00edcil. Deben asegurarse de que los trabajadores de sus cadenas de suministro no pierdan sus empleos debido a la cancelaci\u00f3n de pedidos&rdquo;.<\/p><\/blockquote><p>IndustriALL y la organizaci\u00f3n de empleadores aseguraron a las marcas su cooperaci\u00f3n en lo que respecta al cumplimiento de los pedidos realizados a los fabricantes en Sri Lanka. Tambi\u00e9n destacaron su voluntad de promover buenas relaciones laborales en la industria, e hicieron referencia a un Memorando de Entendimiento firmado recientemente entre empleadores y tres afiliados de IndustriALL sobre la libertad sindical y un mecanismo bipartito de soluci\u00f3n de controversias.<\/p><p>Como respuesta a la carta conjunta, el gigante de la moda sueco H&amp;M declar\u00f3 que se compromete a mantener el v\u00ednculo con su proveedor en Sri Lanka. En otro comunicado, la Asociaci\u00f3n Estadounidense de Ropa y Calzado (AAFA) asegur\u00f3 lo mismo.<\/p>","protected":false},"featured_media":0,"template":"","issues":[416,420],"companies":[],"regions":[189],"sectors":[464],"article_tags":[],"class_list":["post-154337","article","type-article","status-publish","hentry","issues-living-wage","issues-solidarity","regions-sri-lanka","sectors-textile-leather-garment-shoes-and-textile-services"],"acf":[],"yoast_head":"<!-- This site is optimized with the Yoast SEO Premium plugin v27.1 (Yoast SEO v27.1) - https:\/\/yoast.com\/product\/yoast-seo-premium-wordpress\/ -->\n<title>Sindicatos y empleadores piden a las marcas mundiales que apoyen a la industria de la confecci\u00f3n de Sri Lanka - industriall-union<\/title>\n<meta name=\"description\" content=\"A pesar de la reciente elecci\u00f3n de un nuevo presidente y el nombramiento de un nuevo primer ministro y gabinete interino, Sri Lanka sigue atravesando una\" \/>\n<meta name=\"robots\" content=\"index, follow, max-snippet:-1, max-image-preview:large, max-video-preview:-1\" \/>\n<link rel=\"canonical\" href=\"https:\/\/admin.industriall-union.org\/es\/sindicatos-y-empleadores-piden-a-las-marcas-mundiales-que-apoyen-a-la-industria-de-la-confeccion-de-sri-lanka\/\" \/>\n<meta property=\"og:locale\" content=\"es_ES\" \/>\n<meta property=\"og:type\" content=\"article\" \/>\n<meta property=\"og:title\" content=\"Sindicatos y empleadores piden a las marcas mundiales que apoyen a la industria de la confecci\u00f3n de Sri Lanka\" \/>\n<meta property=\"og:description\" content=\"A pesar de la reciente elecci\u00f3n de un nuevo presidente y el nombramiento de un nuevo primer ministro y gabinete interino, Sri Lanka sigue atravesando una\" \/>\n<meta property=\"og:url\" content=\"https:\/\/admin.industriall-union.org\/es\/sindicatos-y-empleadores-piden-a-las-marcas-mundiales-que-apoyen-a-la-industria-de-la-confeccion-de-sri-lanka\/\" \/>\n<meta property=\"og:site_name\" content=\"industriall-union\" \/>\n<meta property=\"article:modified_time\" content=\"2025-01-28T01:21:32+00:00\" \/>\n<meta name=\"twitter:card\" content=\"summary_large_image\" \/>\n<meta name=\"twitter:label1\" content=\"Est. reading time\" \/>\n\t<meta name=\"twitter:data1\" content=\"2 minutes\" \/>\n<script type=\"application\/ld+json\" class=\"yoast-schema-graph\">{\"@context\":\"https:\/\/schema.org\",\"@graph\":[{\"@type\":\"WebPage\",\"@id\":\"https:\/\/admin.industriall-union.org\/es\/sindicatos-y-empleadores-piden-a-las-marcas-mundiales-que-apoyen-a-la-industria-de-la-confeccion-de-sri-lanka\/\",\"url\":\"https:\/\/admin.industriall-union.org\/es\/sindicatos-y-empleadores-piden-a-las-marcas-mundiales-que-apoyen-a-la-industria-de-la-confeccion-de-sri-lanka\/\",\"name\":\"Sindicatos y empleadores piden a las marcas mundiales que apoyen a la industria de la confecci\u00f3n de Sri Lanka - industriall-union\",\"isPartOf\":{\"@id\":\"https:\/\/admin.industriall-union.org\/#website\"},\"datePublished\":\"2022-08-17T10:36:26+00:00\",\"dateModified\":\"2025-01-28T01:21:32+00:00\",\"description\":\"A pesar de la reciente elecci\u00f3n de un nuevo presidente y el nombramiento de un nuevo primer ministro y gabinete interino, Sri Lanka sigue atravesando una\",\"breadcrumb\":{\"@id\":\"https:\/\/admin.industriall-union.org\/es\/sindicatos-y-empleadores-piden-a-las-marcas-mundiales-que-apoyen-a-la-industria-de-la-confeccion-de-sri-lanka\/#breadcrumb\"},\"inLanguage\":\"es-ES\",\"potentialAction\":[{\"@type\":\"ReadAction\",\"target\":[\"https:\/\/admin.industriall-union.org\/es\/sindicatos-y-empleadores-piden-a-las-marcas-mundiales-que-apoyen-a-la-industria-de-la-confeccion-de-sri-lanka\/\"]}]},{\"@type\":\"BreadcrumbList\",\"@id\":\"https:\/\/admin.industriall-union.org\/es\/sindicatos-y-empleadores-piden-a-las-marcas-mundiales-que-apoyen-a-la-industria-de-la-confeccion-de-sri-lanka\/#breadcrumb\",\"itemListElement\":[{\"@type\":\"ListItem\",\"position\":1,\"name\":\"Home\",\"item\":\"https:\/\/admin.industriall-union.org\/\"},{\"@type\":\"ListItem\",\"position\":2,\"name\":\"Articles\",\"item\":\"https:\/\/admin.industriall-union.org\/article\/\"},{\"@type\":\"ListItem\",\"position\":3,\"name\":\"Sindicatos y empleadores piden a las marcas mundiales que apoyen a la industria de la confecci\u00f3n de Sri Lanka\"}]},{\"@type\":\"WebSite\",\"@id\":\"https:\/\/admin.industriall-union.org\/#website\",\"url\":\"https:\/\/admin.industriall-union.org\/\",\"name\":\"industriall-union\",\"description\":\"\",\"potentialAction\":[{\"@type\":\"SearchAction\",\"target\":{\"@type\":\"EntryPoint\",\"urlTemplate\":\"https:\/\/admin.industriall-union.org\/?s={search_term_string}\"},\"query-input\":{\"@type\":\"PropertyValueSpecification\",\"valueRequired\":true,\"valueName\":\"search_term_string\"}}],\"inLanguage\":\"es-ES\"}]}<\/script>\n<!-- \/ Yoast SEO Premium plugin. -->","yoast_head_json":{"title":"Sindicatos y empleadores piden a las marcas mundiales que apoyen a la industria de la confecci\u00f3n de Sri Lanka - industriall-union","description":"A pesar de la reciente elecci\u00f3n de un nuevo presidente y el nombramiento de un nuevo primer ministro y gabinete interino, Sri Lanka sigue atravesando una","robots":{"index":"index","follow":"follow","max-snippet":"max-snippet:-1","max-image-preview":"max-image-preview:large","max-video-preview":"max-video-preview:-1"},"canonical":"https:\/\/admin.industriall-union.org\/es\/sindicatos-y-empleadores-piden-a-las-marcas-mundiales-que-apoyen-a-la-industria-de-la-confeccion-de-sri-lanka\/","og_locale":"es_ES","og_type":"article","og_title":"Sindicatos y empleadores piden a las marcas mundiales que apoyen a la industria de la confecci\u00f3n de Sri Lanka","og_description":"A pesar de la reciente elecci\u00f3n de un nuevo presidente y el nombramiento de un nuevo primer ministro y gabinete interino, Sri Lanka sigue atravesando una","og_url":"https:\/\/admin.industriall-union.org\/es\/sindicatos-y-empleadores-piden-a-las-marcas-mundiales-que-apoyen-a-la-industria-de-la-confeccion-de-sri-lanka\/","og_site_name":"industriall-union","article_modified_time":"2025-01-28T01:21:32+00:00","twitter_card":"summary_large_image","twitter_misc":{"Est. reading time":"2 minutes"},"schema":{"@context":"https:\/\/schema.org","@graph":[{"@type":"WebPage","@id":"https:\/\/admin.industriall-union.org\/es\/sindicatos-y-empleadores-piden-a-las-marcas-mundiales-que-apoyen-a-la-industria-de-la-confeccion-de-sri-lanka\/","url":"https:\/\/admin.industriall-union.org\/es\/sindicatos-y-empleadores-piden-a-las-marcas-mundiales-que-apoyen-a-la-industria-de-la-confeccion-de-sri-lanka\/","name":"Sindicatos y empleadores piden a las marcas mundiales que apoyen a la industria de la confecci\u00f3n de Sri Lanka - industriall-union","isPartOf":{"@id":"https:\/\/admin.industriall-union.org\/#website"},"datePublished":"2022-08-17T10:36:26+00:00","dateModified":"2025-01-28T01:21:32+00:00","description":"A pesar de la reciente elecci\u00f3n de un nuevo presidente y el nombramiento de un nuevo primer ministro y gabinete interino, Sri Lanka sigue atravesando una","breadcrumb":{"@id":"https:\/\/admin.industriall-union.org\/es\/sindicatos-y-empleadores-piden-a-las-marcas-mundiales-que-apoyen-a-la-industria-de-la-confeccion-de-sri-lanka\/#breadcrumb"},"inLanguage":"es-ES","potentialAction":[{"@type":"ReadAction","target":["https:\/\/admin.industriall-union.org\/es\/sindicatos-y-empleadores-piden-a-las-marcas-mundiales-que-apoyen-a-la-industria-de-la-confeccion-de-sri-lanka\/"]}]},{"@type":"BreadcrumbList","@id":"https:\/\/admin.industriall-union.org\/es\/sindicatos-y-empleadores-piden-a-las-marcas-mundiales-que-apoyen-a-la-industria-de-la-confeccion-de-sri-lanka\/#breadcrumb","itemListElement":[{"@type":"ListItem","position":1,"name":"Home","item":"https:\/\/admin.industriall-union.org\/"},{"@type":"ListItem","position":2,"name":"Articles","item":"https:\/\/admin.industriall-union.org\/article\/"},{"@type":"ListItem","position":3,"name":"Sindicatos y empleadores piden a las marcas mundiales que apoyen a la industria de la confecci\u00f3n de Sri Lanka"}]},{"@type":"WebSite","@id":"https:\/\/admin.industriall-union.org\/#website","url":"https:\/\/admin.industriall-union.org\/","name":"industriall-union","description":"","potentialAction":[{"@type":"SearchAction","target":{"@type":"EntryPoint","urlTemplate":"https:\/\/admin.industriall-union.org\/?s={search_term_string}"},"query-input":{"@type":"PropertyValueSpecification","valueRequired":true,"valueName":"search_term_string"}}],"inLanguage":"es-ES"}]}},"_links":{"self":[{"href":"https:\/\/admin.industriall-union.org\/es\/wp-json\/wp\/v2\/article\/154337","targetHints":{"allow":["GET"]}}],"collection":[{"href":"https:\/\/admin.industriall-union.org\/es\/wp-json\/wp\/v2\/article"}],"about":[{"href":"https:\/\/admin.industriall-union.org\/es\/wp-json\/wp\/v2\/types\/article"}],"wp:attachment":[{"href":"https:\/\/admin.industriall-union.org\/es\/wp-json\/wp\/v2\/media?parent=154337"}],"wp:term":[{"taxonomy":"issues","embeddable":true,"href":"https:\/\/admin.industriall-union.org\/es\/wp-json\/wp\/v2\/issues?post=154337"},{"taxonomy":"companies","embeddable":true,"href":"https:\/\/admin.industriall-union.org\/es\/wp-json\/wp\/v2\/companies?post=154337"},{"taxonomy":"regions","embeddable":true,"href":"https:\/\/admin.industriall-union.org\/es\/wp-json\/wp\/v2\/regions?post=154337"},{"taxonomy":"sectors","embeddable":true,"href":"https:\/\/admin.industriall-union.org\/es\/wp-json\/wp\/v2\/sectors?post=154337"},{"taxonomy":"article_tags","embeddable":true,"href":"https:\/\/admin.industriall-union.org\/es\/wp-json\/wp\/v2\/article_tags?post=154337"}],"curies":[{"name":"wp","href":"https:\/\/api.w.org\/{rel}","templated":true}]}}