{"id":154151,"date":"2022-09-20T01:47:24","date_gmt":"2022-09-20T01:47:24","guid":{"rendered":"https:\/\/admin.industriall-union.org\/glencore-debe-ser-coherente-en-el-respeto-de-los-derechos-humanos-y-laborales-a-nivel-mundial\/"},"modified":"2025-01-28T00:52:03","modified_gmt":"2025-01-28T00:52:03","slug":"glencore-debe-ser-coherente-en-el-respeto-de-los-derechos-humanos-y-laborales-a-nivel-mundial","status":"publish","type":"article","link":"https:\/\/admin.industriall-union.org\/es\/glencore-debe-ser-coherente-en-el-respeto-de-los-derechos-humanos-y-laborales-a-nivel-mundial\/","title":{"rendered":"Glencore debe ser coherente en el respeto de los derechos humanos y laborales a nivel mundial"},"content":{"rendered":"<p>Glencore se encuentra entre las multinacionales que se est\u00e1n beneficiando del boom de las materias primas vinculado a la descarbonizaci\u00f3n. Con presencia en 35 pa\u00edses, la empresa comercializa m\u00e1s de 60 materias primas, entre ellas metales y minerales como el cobre, el cobalto, el zinc y el n\u00edquel, actualmente muy demandados para la fabricaci\u00f3n de veh\u00edculos el\u00e9ctricos. Tambi\u00e9n posee minas de carb\u00f3n, que probablemente se cerrar\u00e1n como parte de las medidas de mitigaci\u00f3n del cambio clim\u00e1tico para reducir las emisiones de carbono.<br \/>&nbsp;<br \/>En Sud\u00e1frica, la multinacional de comercio de materias primas, que cotiza en las bolsas de valores de Londres y Johannesburgo, tiene una divisi\u00f3n de ferroaleaciones que extrae y comercializa mineral de cromo, ferrocromo, aleaciones de manganeso y vanadio. La divisi\u00f3n de carb\u00f3n produce carb\u00f3n t\u00e9rmico para la exportaci\u00f3n y la generaci\u00f3n de energ\u00eda a nivel dom\u00e9stico.<br \/>&nbsp;<br \/>Los sindicatos que integran la red de Glencore de IndustriALL se reunieron para debatir acerca de la cadena de suministro de bater\u00edas y la Transici\u00f3n Justa, as\u00ed como examinaron atentamente las pol\u00edticas de la empresa en materia de derechos humanos, abastecimiento responsable y medioambiente. Los participantes de la reuni\u00f3n recomendaron adoptar un enfoque con perspectiva de g\u00e9nero para abordar la Transici\u00f3n Justa.<\/p><p>Se debati\u00f3 acerca del papel desempe\u00f1ado por las normas y salvaguardas voluntarias en el sector minero, al tiempo que se otorg\u00f3 un reconocimiento especial a la Iniciativa para el Aseguramiento de la Miner\u00eda Responsable (IRMA) por incorporar los derechos de los trabajadores.<br \/>&nbsp;<br \/>Japie Fullard, director ejecutivo de Glencore FerroAlloys Sud\u00e1frica, que particip\u00f3 en la reuni\u00f3n, afirm\u00f3 que la firma contribuye activamente al empoderamiento de j\u00f3venes y mujeres, fomenta el desarrollo de empresas y participa en el financiamiento de infraestructuras comunitarias. A su vez, se\u00f1al\u00f3 que Glencore est\u00e1 comprometida con la implementaci\u00f3n del plan estrat\u00e9gico nacional para poner fin a los feminicidios y la violencia de g\u00e9nero, y que distribuy\u00f3 m\u00e1s de 13.000 toallas sanitarias entre las j\u00f3venes que pertenecen a las comunidades donde est\u00e1 presente. Glencore est\u00e1 desarrollando un plan de Transici\u00f3n Justa para sus divisiones de aleaciones y carb\u00f3n.<br \/>&nbsp;<br \/>El Sindicato Nacional de Mineros, el Sindicato Nacional de Trabajadores Metal\u00fargicos de Sud\u00e1frica y la UASA, afiliados a IndustriALL, elogiaron a Glencore por las iniciativas, pero expresaron que la empresa tambi\u00e9n debe implementar las mismas pol\u00edticas en la divisi\u00f3n de carb\u00f3n. Para los sindicatos, las pol\u00edticas de Glencore son incoherentes, ya que var\u00edan entre los diferentes pa\u00edses y sectores de actividad. Afirmaron que esto genera dudas sobre su compromiso e instaron a la empresa a cambiar su comportamiento por medio del di\u00e1logo social.<br \/>&nbsp;<br \/>Aunque Glencore cuenta con sistemas de reclamos, los sindicatos afirmaron que hubo trabajadores que fueron victimizados despu\u00e9s de denunciar actos de discriminaci\u00f3n, lo que ha generado un ambiente inseguro en el que no se protege a quienes presentan denuncias. En cambio, se los acus\u00f3 de &ldquo;conducta indebida&rdquo;. Los sindicatos hicieron hincapi\u00e9 en la necesidad de mejorar las relaciones laborales en Glencore, ya que los departamentos de recursos humanos han sido hostiles con los trabajadores.<br \/>&nbsp;<br \/>En Am\u00e9rica Latina, la organizaci\u00f3n sindical Sintracarb\u00f3n, afiliada a IndustriALL, est\u00e1 abogando por un plan integral de Transici\u00f3n Justa que proteja a los trabajadores, las comunidades y el medioambiente.<\/p><p>La mina de carb\u00f3n de Glencore en El Cerrej\u00f3n, Colombia, una de las minas de carb\u00f3n a cielo abierto m\u00e1s grandes del mundo, est\u00e1 programada para cerrar en 2034. Sin embargo, el plan de cierre obligatorio de la mina todav\u00eda no se ha puesto en marcha. A partir de lo sucedido con las minas de Prodeco, recientemente abandonadas por Glencore, los trabajadores y las comunidades temen quedarse con un legado de problemas sociales y ambientales sin resolver.<br \/>&nbsp;<br \/>Laura Carter, secretaria regional adjunta de IndustriALL para Am\u00e9rica Latina y el Caribe, declar\u00f3:<\/p><blockquote><p>&ldquo;Sintracarb\u00f3n sigue luchando para defender los derechos de los trabajadores en las minas de Glencore, que se enfrentan una letan\u00eda de abusos incesantes. Estos incluyen despidos masivos debido a cambios de turno impuestos unilateralmente, problemas de salud y seguridad, y pr\u00e1cticas antisindicales&rdquo;.<\/p><\/blockquote><p>Glen Mpufane, el director de miner\u00eda de IndustriALL, expres\u00f3:<\/p><blockquote><p>&ldquo;Glencore debe respetar los derechos humanos y laborales a nivel mundial e implementar medidas de diligencia debida en materia ambiental, social y de gobernanza. Adem\u00e1s, debe adoptar un enfoque con perspectiva de g\u00e9nero para poner fin a las precarias condiciones de trabajo de las mujeres empleadas por empresas subcontratadas&rdquo;.<\/p><\/blockquote><p>Esta reuni\u00f3n, a la que asistieron 20 participantes, se celebr\u00f3 con el apoyo del Centro de Competencias Sindicales para \u00c1frica Subsahariana de la Fundaci\u00f3n Friedrich Ebert.<\/p><p><em><strong>Foto:<\/strong> Miembros de Sintracarb\u00f3n en la mina de El Cerrej\u00f3n, Colombia.<\/em><\/p>","protected":false},"featured_media":0,"template":"","issues":[393,425],"companies":[],"regions":[254,350],"sectors":[494],"article_tags":[],"class_list":["post-154151","article","type-article","status-publish","hentry","issues-climate-change-just-transition","issues-workers-rights","regions-latin-america-and-the-caribbean","regions-south-africa","sectors-mining-and-dgojp"],"acf":[],"yoast_head":"<!-- This site is optimized with the Yoast SEO Premium plugin v27.1 (Yoast SEO v27.1) - https:\/\/yoast.com\/product\/yoast-seo-premium-wordpress\/ -->\n<title>Glencore debe ser coherente en el respeto de los derechos humanos y laborales a nivel mundial - industriall-union<\/title>\n<meta name=\"description\" content=\"Glencore se encuentra entre las multinacionales que se est\u00e1n beneficiando del boom de las materias primas vinculado a la descarbonizaci\u00f3n. Con presencia\" \/>\n<meta name=\"robots\" content=\"index, follow, max-snippet:-1, max-image-preview:large, max-video-preview:-1\" \/>\n<link rel=\"canonical\" href=\"https:\/\/admin.industriall-union.org\/es\/glencore-debe-ser-coherente-en-el-respeto-de-los-derechos-humanos-y-laborales-a-nivel-mundial\/\" \/>\n<meta property=\"og:locale\" content=\"es_ES\" \/>\n<meta property=\"og:type\" content=\"article\" \/>\n<meta property=\"og:title\" content=\"Glencore debe ser coherente en el respeto de los derechos humanos y laborales a nivel mundial\" \/>\n<meta property=\"og:description\" content=\"Glencore se encuentra entre las multinacionales que se est\u00e1n beneficiando del boom de las materias primas vinculado a la descarbonizaci\u00f3n. Con presencia\" \/>\n<meta property=\"og:url\" content=\"https:\/\/admin.industriall-union.org\/es\/glencore-debe-ser-coherente-en-el-respeto-de-los-derechos-humanos-y-laborales-a-nivel-mundial\/\" \/>\n<meta property=\"og:site_name\" content=\"industriall-union\" \/>\n<meta property=\"article:modified_time\" content=\"2025-01-28T00:52:03+00:00\" \/>\n<meta name=\"twitter:card\" content=\"summary_large_image\" \/>\n<meta name=\"twitter:label1\" content=\"Est. reading time\" \/>\n\t<meta name=\"twitter:data1\" content=\"4 minutes\" \/>\n<script type=\"application\/ld+json\" class=\"yoast-schema-graph\">{\"@context\":\"https:\/\/schema.org\",\"@graph\":[{\"@type\":\"WebPage\",\"@id\":\"https:\/\/admin.industriall-union.org\/es\/glencore-debe-ser-coherente-en-el-respeto-de-los-derechos-humanos-y-laborales-a-nivel-mundial\/\",\"url\":\"https:\/\/admin.industriall-union.org\/es\/glencore-debe-ser-coherente-en-el-respeto-de-los-derechos-humanos-y-laborales-a-nivel-mundial\/\",\"name\":\"Glencore debe ser coherente en el respeto de los derechos humanos y laborales a nivel mundial - industriall-union\",\"isPartOf\":{\"@id\":\"https:\/\/admin.industriall-union.org\/#website\"},\"datePublished\":\"2022-09-20T01:47:24+00:00\",\"dateModified\":\"2025-01-28T00:52:03+00:00\",\"description\":\"Glencore se encuentra entre las multinacionales que se est\u00e1n beneficiando del boom de las materias primas vinculado a la descarbonizaci\u00f3n. Con presencia\",\"breadcrumb\":{\"@id\":\"https:\/\/admin.industriall-union.org\/es\/glencore-debe-ser-coherente-en-el-respeto-de-los-derechos-humanos-y-laborales-a-nivel-mundial\/#breadcrumb\"},\"inLanguage\":\"es-ES\",\"potentialAction\":[{\"@type\":\"ReadAction\",\"target\":[\"https:\/\/admin.industriall-union.org\/es\/glencore-debe-ser-coherente-en-el-respeto-de-los-derechos-humanos-y-laborales-a-nivel-mundial\/\"]}]},{\"@type\":\"BreadcrumbList\",\"@id\":\"https:\/\/admin.industriall-union.org\/es\/glencore-debe-ser-coherente-en-el-respeto-de-los-derechos-humanos-y-laborales-a-nivel-mundial\/#breadcrumb\",\"itemListElement\":[{\"@type\":\"ListItem\",\"position\":1,\"name\":\"Home\",\"item\":\"https:\/\/admin.industriall-union.org\/\"},{\"@type\":\"ListItem\",\"position\":2,\"name\":\"Articles\",\"item\":\"https:\/\/admin.industriall-union.org\/article\/\"},{\"@type\":\"ListItem\",\"position\":3,\"name\":\"Glencore debe ser coherente en el respeto de los derechos humanos y laborales a nivel mundial\"}]},{\"@type\":\"WebSite\",\"@id\":\"https:\/\/admin.industriall-union.org\/#website\",\"url\":\"https:\/\/admin.industriall-union.org\/\",\"name\":\"industriall-union\",\"description\":\"\",\"potentialAction\":[{\"@type\":\"SearchAction\",\"target\":{\"@type\":\"EntryPoint\",\"urlTemplate\":\"https:\/\/admin.industriall-union.org\/?s={search_term_string}\"},\"query-input\":{\"@type\":\"PropertyValueSpecification\",\"valueRequired\":true,\"valueName\":\"search_term_string\"}}],\"inLanguage\":\"es-ES\"}]}<\/script>\n<!-- \/ Yoast SEO Premium plugin. -->","yoast_head_json":{"title":"Glencore debe ser coherente en el respeto de los derechos humanos y laborales a nivel mundial - industriall-union","description":"Glencore se encuentra entre las multinacionales que se est\u00e1n beneficiando del boom de las materias primas vinculado a la descarbonizaci\u00f3n. Con presencia","robots":{"index":"index","follow":"follow","max-snippet":"max-snippet:-1","max-image-preview":"max-image-preview:large","max-video-preview":"max-video-preview:-1"},"canonical":"https:\/\/admin.industriall-union.org\/es\/glencore-debe-ser-coherente-en-el-respeto-de-los-derechos-humanos-y-laborales-a-nivel-mundial\/","og_locale":"es_ES","og_type":"article","og_title":"Glencore debe ser coherente en el respeto de los derechos humanos y laborales a nivel mundial","og_description":"Glencore se encuentra entre las multinacionales que se est\u00e1n beneficiando del boom de las materias primas vinculado a la descarbonizaci\u00f3n. Con presencia","og_url":"https:\/\/admin.industriall-union.org\/es\/glencore-debe-ser-coherente-en-el-respeto-de-los-derechos-humanos-y-laborales-a-nivel-mundial\/","og_site_name":"industriall-union","article_modified_time":"2025-01-28T00:52:03+00:00","twitter_card":"summary_large_image","twitter_misc":{"Est. reading time":"4 minutes"},"schema":{"@context":"https:\/\/schema.org","@graph":[{"@type":"WebPage","@id":"https:\/\/admin.industriall-union.org\/es\/glencore-debe-ser-coherente-en-el-respeto-de-los-derechos-humanos-y-laborales-a-nivel-mundial\/","url":"https:\/\/admin.industriall-union.org\/es\/glencore-debe-ser-coherente-en-el-respeto-de-los-derechos-humanos-y-laborales-a-nivel-mundial\/","name":"Glencore debe ser coherente en el respeto de los derechos humanos y laborales a nivel mundial - industriall-union","isPartOf":{"@id":"https:\/\/admin.industriall-union.org\/#website"},"datePublished":"2022-09-20T01:47:24+00:00","dateModified":"2025-01-28T00:52:03+00:00","description":"Glencore se encuentra entre las multinacionales que se est\u00e1n beneficiando del boom de las materias primas vinculado a la descarbonizaci\u00f3n. Con presencia","breadcrumb":{"@id":"https:\/\/admin.industriall-union.org\/es\/glencore-debe-ser-coherente-en-el-respeto-de-los-derechos-humanos-y-laborales-a-nivel-mundial\/#breadcrumb"},"inLanguage":"es-ES","potentialAction":[{"@type":"ReadAction","target":["https:\/\/admin.industriall-union.org\/es\/glencore-debe-ser-coherente-en-el-respeto-de-los-derechos-humanos-y-laborales-a-nivel-mundial\/"]}]},{"@type":"BreadcrumbList","@id":"https:\/\/admin.industriall-union.org\/es\/glencore-debe-ser-coherente-en-el-respeto-de-los-derechos-humanos-y-laborales-a-nivel-mundial\/#breadcrumb","itemListElement":[{"@type":"ListItem","position":1,"name":"Home","item":"https:\/\/admin.industriall-union.org\/"},{"@type":"ListItem","position":2,"name":"Articles","item":"https:\/\/admin.industriall-union.org\/article\/"},{"@type":"ListItem","position":3,"name":"Glencore debe ser coherente en el respeto de los derechos humanos y laborales a nivel mundial"}]},{"@type":"WebSite","@id":"https:\/\/admin.industriall-union.org\/#website","url":"https:\/\/admin.industriall-union.org\/","name":"industriall-union","description":"","potentialAction":[{"@type":"SearchAction","target":{"@type":"EntryPoint","urlTemplate":"https:\/\/admin.industriall-union.org\/?s={search_term_string}"},"query-input":{"@type":"PropertyValueSpecification","valueRequired":true,"valueName":"search_term_string"}}],"inLanguage":"es-ES"}]}},"_links":{"self":[{"href":"https:\/\/admin.industriall-union.org\/es\/wp-json\/wp\/v2\/article\/154151","targetHints":{"allow":["GET"]}}],"collection":[{"href":"https:\/\/admin.industriall-union.org\/es\/wp-json\/wp\/v2\/article"}],"about":[{"href":"https:\/\/admin.industriall-union.org\/es\/wp-json\/wp\/v2\/types\/article"}],"wp:attachment":[{"href":"https:\/\/admin.industriall-union.org\/es\/wp-json\/wp\/v2\/media?parent=154151"}],"wp:term":[{"taxonomy":"issues","embeddable":true,"href":"https:\/\/admin.industriall-union.org\/es\/wp-json\/wp\/v2\/issues?post=154151"},{"taxonomy":"companies","embeddable":true,"href":"https:\/\/admin.industriall-union.org\/es\/wp-json\/wp\/v2\/companies?post=154151"},{"taxonomy":"regions","embeddable":true,"href":"https:\/\/admin.industriall-union.org\/es\/wp-json\/wp\/v2\/regions?post=154151"},{"taxonomy":"sectors","embeddable":true,"href":"https:\/\/admin.industriall-union.org\/es\/wp-json\/wp\/v2\/sectors?post=154151"},{"taxonomy":"article_tags","embeddable":true,"href":"https:\/\/admin.industriall-union.org\/es\/wp-json\/wp\/v2\/article_tags?post=154151"}],"curies":[{"name":"wp","href":"https:\/\/api.w.org\/{rel}","templated":true}]}}