{"id":154047,"date":"2022-09-29T14:53:50","date_gmt":"2022-09-29T14:53:50","guid":{"rendered":"https:\/\/admin.industriall-union.org\/jovenes-de-nicaragua-debaten-estrategias-para-aumentar-la-sindicalizacion\/"},"modified":"2025-01-28T00:28:50","modified_gmt":"2025-01-28T00:28:50","slug":"jovenes-de-nicaragua-debaten-estrategias-para-aumentar-la-sindicalizacion","status":"publish","type":"article","link":"https:\/\/admin.industriall-union.org\/es\/jovenes-de-nicaragua-debaten-estrategias-para-aumentar-la-sindicalizacion\/","title":{"rendered":"J\u00f3venes de Nicaragua debaten estrategias para aumentar la sindicalizaci\u00f3n"},"content":{"rendered":"<p>9 mujeres y 17 hombres asistieron al evento los d\u00edas 22 y 23 de agosto, como parte del proyecto que impulsan IndustriALL Global Union y DGB para j\u00f3venes.<\/p><p>Los participantes identificaron las dificultades que ven dentro del movimiento sindical. Por ejemplo, la falta de inter\u00e9s en la pol\u00edtica, los m\u00faltiples sindicatos en una misma empresa, el miedo a la afiliaci\u00f3n, la posibilidad de perder el empleo por afiliarse, la poca informaci\u00f3n sobre las organizaciones sindicales y la carencia de tiempo para explicarle a los trabajadores sobre la importancia de pertenecer a un sindicato.<\/p><p>A su vez, los j\u00f3venes explicaron que la realidad socioecon\u00f3mica que viven tampoco les permite disponer del tiempo necesario para desempe\u00f1ar la actividad sindical. El 80% de las participantes aseguraron ser madres solteras y ser el \u00fanico sustento econ\u00f3mico de su hogar, con un salario promedio de 105 USD mensuales como trabajadoras de las maquilas.<\/p><p>Por todo esto enfatizaron en la importancia de trabajar en sus Planes de acci\u00f3n sindicales (PAS). Hicieron una puesta en com\u00fan de ideas respecto a los PAS orientados a impulsar la organizaci\u00f3n de los j\u00f3venes en los sindicatos que forman parte de FESITEX (a su vez afiliada a IndustriALL). Aseguraron que el objetivo es fortalecer y contribuir al mayor poder sindical de FESITEX.<\/p><p>Adem\u00e1s, plasmaron la necesidad de contar con mayor formaci\u00f3n respecto a temas que son de su inter\u00e9s y que pueden contribuir a aumentar la afiliaci\u00f3n de j\u00f3venes. Por ejemplo, los participantes de encuentros anteriores decidieron que un tema de inter\u00e9s era la transformaci\u00f3n en el mundo del trabajo, por lo cual se enfocaron en dicho tema.<\/p><p>Identificaron los cambios que notan en sus lugares de trabajo, como la mayor automatizaci\u00f3n en las l\u00edneas, la suba en las metas de producci\u00f3n, la alteraci\u00f3n en los horarios de comida o la modificaci\u00f3n en la modalidad de ingreso, que muchas veces genera un malestar generalizado en los trabajadores.<\/p><p>Finalmente, los trabajadores indagaron sobre posibles temas a ser abordados en pr\u00f3ximos encuentros. Entre ellos: la automatizaci\u00f3n, la industria 4.0, las nuevas tecnolog\u00edas, las campa\u00f1as de sindicalizaci\u00f3n, estrategias de comunicaci\u00f3n sindical, y temas de g\u00e9nero y diversidad.<\/p><p>Por su parte, la asesora de IndustriALL a nivel regional y responsable de los proyectos de j\u00f3venes en Am\u00e9rica Latina y el Caribe, Julieta Avalos Abusharekh, dijo:<\/p><blockquote><p>&ldquo;El programa de capacitaci\u00f3n presencial, en un marco de compa\u00f1erismo y respeto, le brind\u00f3 a los j\u00f3venes trabajadores de Nicaragua la posibilidad de incrementar su participaci\u00f3n en la pol\u00edtica sindical y asegurar su permanencia. De este modo, podr\u00e1n lograr disminuir la deserci\u00f3n o el posible abandono de los espacios conquistados por j\u00f3venes trabajadores.&rdquo;<\/p><\/blockquote>","protected":false},"featured_media":0,"template":"","issues":[396,390,422],"companies":[],"regions":[254,276],"sectors":[447],"article_tags":[511,522,536],"class_list":["post-154047","article","type-article","status-publish","hentry","issues-building-strong-unions","issues-future-of-work","issues-human-trade-union-rights","regions-latin-america-and-the-caribbean","regions-nicaragua","sectors-textil-cuero-ropa-calzado-servicios-textiles","article_tags-industriall","article_tags-projects","article_tags-youth"],"acf":[],"yoast_head":"<!-- This site is optimized with the Yoast SEO Premium plugin v27.1 (Yoast SEO v27.1) - https:\/\/yoast.com\/product\/yoast-seo-premium-wordpress\/ -->\n<title>J\u00f3venes de Nicaragua debaten estrategias para aumentar la sindicalizaci\u00f3n - industriall-union<\/title>\n<meta name=\"description\" content=\"9 mujeres y 17 hombres asistieron al evento los d\u00edas 22 y 23 de agosto, como parte del proyecto que impulsan IndustriALL Global Union y DGB para\" \/>\n<meta name=\"robots\" content=\"index, follow, max-snippet:-1, max-image-preview:large, max-video-preview:-1\" \/>\n<link rel=\"canonical\" href=\"https:\/\/admin.industriall-union.org\/es\/jovenes-de-nicaragua-debaten-estrategias-para-aumentar-la-sindicalizacion\/\" \/>\n<meta property=\"og:locale\" content=\"es_ES\" \/>\n<meta property=\"og:type\" content=\"article\" \/>\n<meta property=\"og:title\" content=\"J\u00f3venes de Nicaragua debaten estrategias para aumentar la sindicalizaci\u00f3n\" \/>\n<meta property=\"og:description\" content=\"9 mujeres y 17 hombres asistieron al evento los d\u00edas 22 y 23 de agosto, como parte del proyecto que impulsan IndustriALL Global Union y DGB para\" \/>\n<meta property=\"og:url\" content=\"https:\/\/admin.industriall-union.org\/es\/jovenes-de-nicaragua-debaten-estrategias-para-aumentar-la-sindicalizacion\/\" \/>\n<meta property=\"og:site_name\" content=\"industriall-union\" \/>\n<meta property=\"article:modified_time\" content=\"2025-01-28T00:28:50+00:00\" \/>\n<meta name=\"twitter:card\" content=\"summary_large_image\" \/>\n<meta name=\"twitter:label1\" content=\"Est. reading time\" \/>\n\t<meta name=\"twitter:data1\" content=\"2 minutes\" \/>\n<script type=\"application\/ld+json\" class=\"yoast-schema-graph\">{\"@context\":\"https:\/\/schema.org\",\"@graph\":[{\"@type\":\"WebPage\",\"@id\":\"https:\/\/admin.industriall-union.org\/es\/jovenes-de-nicaragua-debaten-estrategias-para-aumentar-la-sindicalizacion\/\",\"url\":\"https:\/\/admin.industriall-union.org\/es\/jovenes-de-nicaragua-debaten-estrategias-para-aumentar-la-sindicalizacion\/\",\"name\":\"J\u00f3venes de Nicaragua debaten estrategias para aumentar la sindicalizaci\u00f3n - industriall-union\",\"isPartOf\":{\"@id\":\"https:\/\/admin.industriall-union.org\/#website\"},\"datePublished\":\"2022-09-29T14:53:50+00:00\",\"dateModified\":\"2025-01-28T00:28:50+00:00\",\"description\":\"9 mujeres y 17 hombres asistieron al evento los d\u00edas 22 y 23 de agosto, como parte del proyecto que impulsan IndustriALL Global Union y DGB para\",\"breadcrumb\":{\"@id\":\"https:\/\/admin.industriall-union.org\/es\/jovenes-de-nicaragua-debaten-estrategias-para-aumentar-la-sindicalizacion\/#breadcrumb\"},\"inLanguage\":\"es-ES\",\"potentialAction\":[{\"@type\":\"ReadAction\",\"target\":[\"https:\/\/admin.industriall-union.org\/es\/jovenes-de-nicaragua-debaten-estrategias-para-aumentar-la-sindicalizacion\/\"]}]},{\"@type\":\"BreadcrumbList\",\"@id\":\"https:\/\/admin.industriall-union.org\/es\/jovenes-de-nicaragua-debaten-estrategias-para-aumentar-la-sindicalizacion\/#breadcrumb\",\"itemListElement\":[{\"@type\":\"ListItem\",\"position\":1,\"name\":\"Home\",\"item\":\"https:\/\/admin.industriall-union.org\/\"},{\"@type\":\"ListItem\",\"position\":2,\"name\":\"Articles\",\"item\":\"https:\/\/admin.industriall-union.org\/article\/\"},{\"@type\":\"ListItem\",\"position\":3,\"name\":\"J\u00f3venes de Nicaragua debaten estrategias para aumentar la sindicalizaci\u00f3n\"}]},{\"@type\":\"WebSite\",\"@id\":\"https:\/\/admin.industriall-union.org\/#website\",\"url\":\"https:\/\/admin.industriall-union.org\/\",\"name\":\"industriall-union\",\"description\":\"\",\"potentialAction\":[{\"@type\":\"SearchAction\",\"target\":{\"@type\":\"EntryPoint\",\"urlTemplate\":\"https:\/\/admin.industriall-union.org\/?s={search_term_string}\"},\"query-input\":{\"@type\":\"PropertyValueSpecification\",\"valueRequired\":true,\"valueName\":\"search_term_string\"}}],\"inLanguage\":\"es-ES\"}]}<\/script>\n<!-- \/ Yoast SEO Premium plugin. -->","yoast_head_json":{"title":"J\u00f3venes de Nicaragua debaten estrategias para aumentar la sindicalizaci\u00f3n - industriall-union","description":"9 mujeres y 17 hombres asistieron al evento los d\u00edas 22 y 23 de agosto, como parte del proyecto que impulsan IndustriALL Global Union y DGB para","robots":{"index":"index","follow":"follow","max-snippet":"max-snippet:-1","max-image-preview":"max-image-preview:large","max-video-preview":"max-video-preview:-1"},"canonical":"https:\/\/admin.industriall-union.org\/es\/jovenes-de-nicaragua-debaten-estrategias-para-aumentar-la-sindicalizacion\/","og_locale":"es_ES","og_type":"article","og_title":"J\u00f3venes de Nicaragua debaten estrategias para aumentar la sindicalizaci\u00f3n","og_description":"9 mujeres y 17 hombres asistieron al evento los d\u00edas 22 y 23 de agosto, como parte del proyecto que impulsan IndustriALL Global Union y DGB para","og_url":"https:\/\/admin.industriall-union.org\/es\/jovenes-de-nicaragua-debaten-estrategias-para-aumentar-la-sindicalizacion\/","og_site_name":"industriall-union","article_modified_time":"2025-01-28T00:28:50+00:00","twitter_card":"summary_large_image","twitter_misc":{"Est. reading time":"2 minutes"},"schema":{"@context":"https:\/\/schema.org","@graph":[{"@type":"WebPage","@id":"https:\/\/admin.industriall-union.org\/es\/jovenes-de-nicaragua-debaten-estrategias-para-aumentar-la-sindicalizacion\/","url":"https:\/\/admin.industriall-union.org\/es\/jovenes-de-nicaragua-debaten-estrategias-para-aumentar-la-sindicalizacion\/","name":"J\u00f3venes de Nicaragua debaten estrategias para aumentar la sindicalizaci\u00f3n - industriall-union","isPartOf":{"@id":"https:\/\/admin.industriall-union.org\/#website"},"datePublished":"2022-09-29T14:53:50+00:00","dateModified":"2025-01-28T00:28:50+00:00","description":"9 mujeres y 17 hombres asistieron al evento los d\u00edas 22 y 23 de agosto, como parte del proyecto que impulsan IndustriALL Global Union y DGB para","breadcrumb":{"@id":"https:\/\/admin.industriall-union.org\/es\/jovenes-de-nicaragua-debaten-estrategias-para-aumentar-la-sindicalizacion\/#breadcrumb"},"inLanguage":"es-ES","potentialAction":[{"@type":"ReadAction","target":["https:\/\/admin.industriall-union.org\/es\/jovenes-de-nicaragua-debaten-estrategias-para-aumentar-la-sindicalizacion\/"]}]},{"@type":"BreadcrumbList","@id":"https:\/\/admin.industriall-union.org\/es\/jovenes-de-nicaragua-debaten-estrategias-para-aumentar-la-sindicalizacion\/#breadcrumb","itemListElement":[{"@type":"ListItem","position":1,"name":"Home","item":"https:\/\/admin.industriall-union.org\/"},{"@type":"ListItem","position":2,"name":"Articles","item":"https:\/\/admin.industriall-union.org\/article\/"},{"@type":"ListItem","position":3,"name":"J\u00f3venes de Nicaragua debaten estrategias para aumentar la sindicalizaci\u00f3n"}]},{"@type":"WebSite","@id":"https:\/\/admin.industriall-union.org\/#website","url":"https:\/\/admin.industriall-union.org\/","name":"industriall-union","description":"","potentialAction":[{"@type":"SearchAction","target":{"@type":"EntryPoint","urlTemplate":"https:\/\/admin.industriall-union.org\/?s={search_term_string}"},"query-input":{"@type":"PropertyValueSpecification","valueRequired":true,"valueName":"search_term_string"}}],"inLanguage":"es-ES"}]}},"_links":{"self":[{"href":"https:\/\/admin.industriall-union.org\/es\/wp-json\/wp\/v2\/article\/154047","targetHints":{"allow":["GET"]}}],"collection":[{"href":"https:\/\/admin.industriall-union.org\/es\/wp-json\/wp\/v2\/article"}],"about":[{"href":"https:\/\/admin.industriall-union.org\/es\/wp-json\/wp\/v2\/types\/article"}],"wp:attachment":[{"href":"https:\/\/admin.industriall-union.org\/es\/wp-json\/wp\/v2\/media?parent=154047"}],"wp:term":[{"taxonomy":"issues","embeddable":true,"href":"https:\/\/admin.industriall-union.org\/es\/wp-json\/wp\/v2\/issues?post=154047"},{"taxonomy":"companies","embeddable":true,"href":"https:\/\/admin.industriall-union.org\/es\/wp-json\/wp\/v2\/companies?post=154047"},{"taxonomy":"regions","embeddable":true,"href":"https:\/\/admin.industriall-union.org\/es\/wp-json\/wp\/v2\/regions?post=154047"},{"taxonomy":"sectors","embeddable":true,"href":"https:\/\/admin.industriall-union.org\/es\/wp-json\/wp\/v2\/sectors?post=154047"},{"taxonomy":"article_tags","embeddable":true,"href":"https:\/\/admin.industriall-union.org\/es\/wp-json\/wp\/v2\/article_tags?post=154047"}],"curies":[{"name":"wp","href":"https:\/\/api.w.org\/{rel}","templated":true}]}}