{"id":154018,"date":"2022-10-04T14:07:50","date_gmt":"2022-10-04T14:07:50","guid":{"rendered":"https:\/\/admin.industriall-union.org\/jovenes-debaten-la-situacion-de-la-juventud-trabajadora-de-argentina\/"},"modified":"2025-01-28T00:27:31","modified_gmt":"2025-01-28T00:27:31","slug":"jovenes-debaten-la-situacion-de-la-juventud-trabajadora-de-argentina","status":"publish","type":"article","link":"https:\/\/admin.industriall-union.org\/es\/jovenes-debaten-la-situacion-de-la-juventud-trabajadora-de-argentina\/","title":{"rendered":"J\u00f3venes debaten la situaci\u00f3n de la juventud trabajadora de Argentina"},"content":{"rendered":"<p>Un total de 20 j\u00f3venes (7 mujeres y 13 hombres) se encontraron durante dos d\u00edas como parte del proyecto de IndustriALL Global Union y DGB Bildungswerk. &nbsp;Juntos analizaron la situaci\u00f3n de esta grupo etario en el mercado laboral de Argentina. Aseguraron que subsiste la informalidad, los bajos salarios, la carencia de oportunidades y la p\u00e9rdida de cultura del trabajo.<\/p><p>Adem\u00e1s, se\u00f1alaron cu\u00e1les creen que son las razones por la que los j\u00f3venes no se involucran en el movimiento sindical. Entre otras cosas, mencionaron que se debe al desconocimiento sobre el rol del sindicato, a que muchos relacionan al sindicalismo con la corrupci\u00f3n y la mafia, porque creen que posee una estructura antigua, no se identifican con los dirigentes sindicales y creen que prevalece el ego\u00edsmo e individualismo en los cargos de la dirigencia.<\/p><p>Aseguraron que por todo ello es necesario potenciar la participaci\u00f3n de m\u00e1s j\u00f3venes en este tipo de capacitaciones e incorporarlos a las organizaciones sindicales. De este modo, podr\u00e1n trabajar para acceder a espacios de poder que les permitan cambiar sus propias realidades.<\/p><p>Los participantes tambi\u00e9n indagaron sobre los temas de inter\u00e9s a ser abordados en pr\u00f3ximos encuentros. Por ejemplo, sobre g\u00e9nero y diversidad, acoso a nivel laboral, patolog\u00edas por el trabajo, adicciones en los j\u00f3venes, pol\u00edtica internacional y comunicaci\u00f3n sindical.<\/p><p>Finalmente, el proyecto incita a los participantes a elaborar sus propios Planes de acci\u00f3n sindicales (PAS). Cada PAS est\u00e1 orientado a crear una pol\u00edtica de la juventud que tambi\u00e9n promueva la equidad de g\u00e9nero.<\/p><blockquote><p>&ldquo;Los j\u00f3venes comprendieron que los PAS pueden ser una herramienta de fortaleza para sus sindicatos, y para ellos mismos como militantes y sindicalistas. Al mismo tiempo, comprobaron que necesitan contar con mayor formaci\u00f3n respecto a temas que son de su inter\u00e9s y que pueden contribuir a aumentar la afiliaci\u00f3n de los j\u00f3venes.<\/p><p>A su vez, la posibilidad de incrementar la participaci\u00f3n de m\u00e1s j\u00f3venes en la pol\u00edtica sindical contribuye a la permanencia de los j\u00f3venes en el mundo laboral y sindical con m\u00e1s derechos&ldquo;<\/p><\/blockquote><p>concluy\u00f3 la asesora de IndustriALL a nivel regional y responsable de los proyectos de j\u00f3venes en Am\u00e9rica Latina y el Caribe, Julieta Avalos Abusharekh.<\/p>","protected":false},"featured_media":0,"template":"","issues":[396,425],"companies":[],"regions":[256,254],"sectors":[],"article_tags":[511,522,536],"class_list":["post-154018","article","type-article","status-publish","hentry","issues-building-strong-unions","issues-workers-rights","regions-argentina","regions-latin-america-and-the-caribbean","article_tags-industriall","article_tags-projects","article_tags-youth"],"acf":[],"yoast_head":"<!-- This site is optimized with the Yoast SEO Premium plugin v27.1 (Yoast SEO v27.1) - https:\/\/yoast.com\/product\/yoast-seo-premium-wordpress\/ -->\n<title>J\u00f3venes debaten la situaci\u00f3n de la juventud trabajadora de Argentina - industriall-union<\/title>\n<meta name=\"description\" content=\"Un total de 20 j\u00f3venes (7 mujeres y 13 hombres) se encontraron durante dos d\u00edas como parte del proyecto de IndustriALL Global Union y DGB\" \/>\n<meta name=\"robots\" content=\"index, follow, max-snippet:-1, max-image-preview:large, max-video-preview:-1\" \/>\n<link rel=\"canonical\" href=\"https:\/\/admin.industriall-union.org\/es\/jovenes-debaten-la-situacion-de-la-juventud-trabajadora-de-argentina\/\" \/>\n<meta property=\"og:locale\" content=\"es_ES\" \/>\n<meta property=\"og:type\" content=\"article\" \/>\n<meta property=\"og:title\" content=\"J\u00f3venes debaten la situaci\u00f3n de la juventud trabajadora de Argentina\" \/>\n<meta property=\"og:description\" content=\"Un total de 20 j\u00f3venes (7 mujeres y 13 hombres) se encontraron durante dos d\u00edas como parte del proyecto de IndustriALL Global Union y DGB\" \/>\n<meta property=\"og:url\" content=\"https:\/\/admin.industriall-union.org\/es\/jovenes-debaten-la-situacion-de-la-juventud-trabajadora-de-argentina\/\" \/>\n<meta property=\"og:site_name\" content=\"industriall-union\" \/>\n<meta property=\"article:modified_time\" content=\"2025-01-28T00:27:31+00:00\" \/>\n<meta name=\"twitter:card\" content=\"summary_large_image\" \/>\n<meta name=\"twitter:label1\" content=\"Est. reading time\" \/>\n\t<meta name=\"twitter:data1\" content=\"2 minutes\" \/>\n<script type=\"application\/ld+json\" class=\"yoast-schema-graph\">{\"@context\":\"https:\/\/schema.org\",\"@graph\":[{\"@type\":\"WebPage\",\"@id\":\"https:\/\/admin.industriall-union.org\/es\/jovenes-debaten-la-situacion-de-la-juventud-trabajadora-de-argentina\/\",\"url\":\"https:\/\/admin.industriall-union.org\/es\/jovenes-debaten-la-situacion-de-la-juventud-trabajadora-de-argentina\/\",\"name\":\"J\u00f3venes debaten la situaci\u00f3n de la juventud trabajadora de Argentina - industriall-union\",\"isPartOf\":{\"@id\":\"https:\/\/admin.industriall-union.org\/#website\"},\"datePublished\":\"2022-10-04T14:07:50+00:00\",\"dateModified\":\"2025-01-28T00:27:31+00:00\",\"description\":\"Un total de 20 j\u00f3venes (7 mujeres y 13 hombres) se encontraron durante dos d\u00edas como parte del proyecto de IndustriALL Global Union y DGB\",\"breadcrumb\":{\"@id\":\"https:\/\/admin.industriall-union.org\/es\/jovenes-debaten-la-situacion-de-la-juventud-trabajadora-de-argentina\/#breadcrumb\"},\"inLanguage\":\"es-ES\",\"potentialAction\":[{\"@type\":\"ReadAction\",\"target\":[\"https:\/\/admin.industriall-union.org\/es\/jovenes-debaten-la-situacion-de-la-juventud-trabajadora-de-argentina\/\"]}]},{\"@type\":\"BreadcrumbList\",\"@id\":\"https:\/\/admin.industriall-union.org\/es\/jovenes-debaten-la-situacion-de-la-juventud-trabajadora-de-argentina\/#breadcrumb\",\"itemListElement\":[{\"@type\":\"ListItem\",\"position\":1,\"name\":\"Home\",\"item\":\"https:\/\/admin.industriall-union.org\/\"},{\"@type\":\"ListItem\",\"position\":2,\"name\":\"Articles\",\"item\":\"https:\/\/admin.industriall-union.org\/article\/\"},{\"@type\":\"ListItem\",\"position\":3,\"name\":\"J\u00f3venes debaten la situaci\u00f3n de la juventud trabajadora de Argentina\"}]},{\"@type\":\"WebSite\",\"@id\":\"https:\/\/admin.industriall-union.org\/#website\",\"url\":\"https:\/\/admin.industriall-union.org\/\",\"name\":\"industriall-union\",\"description\":\"\",\"potentialAction\":[{\"@type\":\"SearchAction\",\"target\":{\"@type\":\"EntryPoint\",\"urlTemplate\":\"https:\/\/admin.industriall-union.org\/?s={search_term_string}\"},\"query-input\":{\"@type\":\"PropertyValueSpecification\",\"valueRequired\":true,\"valueName\":\"search_term_string\"}}],\"inLanguage\":\"es-ES\"}]}<\/script>\n<!-- \/ Yoast SEO Premium plugin. -->","yoast_head_json":{"title":"J\u00f3venes debaten la situaci\u00f3n de la juventud trabajadora de Argentina - industriall-union","description":"Un total de 20 j\u00f3venes (7 mujeres y 13 hombres) se encontraron durante dos d\u00edas como parte del proyecto de IndustriALL Global Union y DGB","robots":{"index":"index","follow":"follow","max-snippet":"max-snippet:-1","max-image-preview":"max-image-preview:large","max-video-preview":"max-video-preview:-1"},"canonical":"https:\/\/admin.industriall-union.org\/es\/jovenes-debaten-la-situacion-de-la-juventud-trabajadora-de-argentina\/","og_locale":"es_ES","og_type":"article","og_title":"J\u00f3venes debaten la situaci\u00f3n de la juventud trabajadora de Argentina","og_description":"Un total de 20 j\u00f3venes (7 mujeres y 13 hombres) se encontraron durante dos d\u00edas como parte del proyecto de IndustriALL Global Union y DGB","og_url":"https:\/\/admin.industriall-union.org\/es\/jovenes-debaten-la-situacion-de-la-juventud-trabajadora-de-argentina\/","og_site_name":"industriall-union","article_modified_time":"2025-01-28T00:27:31+00:00","twitter_card":"summary_large_image","twitter_misc":{"Est. reading time":"2 minutes"},"schema":{"@context":"https:\/\/schema.org","@graph":[{"@type":"WebPage","@id":"https:\/\/admin.industriall-union.org\/es\/jovenes-debaten-la-situacion-de-la-juventud-trabajadora-de-argentina\/","url":"https:\/\/admin.industriall-union.org\/es\/jovenes-debaten-la-situacion-de-la-juventud-trabajadora-de-argentina\/","name":"J\u00f3venes debaten la situaci\u00f3n de la juventud trabajadora de Argentina - industriall-union","isPartOf":{"@id":"https:\/\/admin.industriall-union.org\/#website"},"datePublished":"2022-10-04T14:07:50+00:00","dateModified":"2025-01-28T00:27:31+00:00","description":"Un total de 20 j\u00f3venes (7 mujeres y 13 hombres) se encontraron durante dos d\u00edas como parte del proyecto de IndustriALL Global Union y DGB","breadcrumb":{"@id":"https:\/\/admin.industriall-union.org\/es\/jovenes-debaten-la-situacion-de-la-juventud-trabajadora-de-argentina\/#breadcrumb"},"inLanguage":"es-ES","potentialAction":[{"@type":"ReadAction","target":["https:\/\/admin.industriall-union.org\/es\/jovenes-debaten-la-situacion-de-la-juventud-trabajadora-de-argentina\/"]}]},{"@type":"BreadcrumbList","@id":"https:\/\/admin.industriall-union.org\/es\/jovenes-debaten-la-situacion-de-la-juventud-trabajadora-de-argentina\/#breadcrumb","itemListElement":[{"@type":"ListItem","position":1,"name":"Home","item":"https:\/\/admin.industriall-union.org\/"},{"@type":"ListItem","position":2,"name":"Articles","item":"https:\/\/admin.industriall-union.org\/article\/"},{"@type":"ListItem","position":3,"name":"J\u00f3venes debaten la situaci\u00f3n de la juventud trabajadora de Argentina"}]},{"@type":"WebSite","@id":"https:\/\/admin.industriall-union.org\/#website","url":"https:\/\/admin.industriall-union.org\/","name":"industriall-union","description":"","potentialAction":[{"@type":"SearchAction","target":{"@type":"EntryPoint","urlTemplate":"https:\/\/admin.industriall-union.org\/?s={search_term_string}"},"query-input":{"@type":"PropertyValueSpecification","valueRequired":true,"valueName":"search_term_string"}}],"inLanguage":"es-ES"}]}},"_links":{"self":[{"href":"https:\/\/admin.industriall-union.org\/es\/wp-json\/wp\/v2\/article\/154018","targetHints":{"allow":["GET"]}}],"collection":[{"href":"https:\/\/admin.industriall-union.org\/es\/wp-json\/wp\/v2\/article"}],"about":[{"href":"https:\/\/admin.industriall-union.org\/es\/wp-json\/wp\/v2\/types\/article"}],"wp:attachment":[{"href":"https:\/\/admin.industriall-union.org\/es\/wp-json\/wp\/v2\/media?parent=154018"}],"wp:term":[{"taxonomy":"issues","embeddable":true,"href":"https:\/\/admin.industriall-union.org\/es\/wp-json\/wp\/v2\/issues?post=154018"},{"taxonomy":"companies","embeddable":true,"href":"https:\/\/admin.industriall-union.org\/es\/wp-json\/wp\/v2\/companies?post=154018"},{"taxonomy":"regions","embeddable":true,"href":"https:\/\/admin.industriall-union.org\/es\/wp-json\/wp\/v2\/regions?post=154018"},{"taxonomy":"sectors","embeddable":true,"href":"https:\/\/admin.industriall-union.org\/es\/wp-json\/wp\/v2\/sectors?post=154018"},{"taxonomy":"article_tags","embeddable":true,"href":"https:\/\/admin.industriall-union.org\/es\/wp-json\/wp\/v2\/article_tags?post=154018"}],"curies":[{"name":"wp","href":"https:\/\/api.w.org\/{rel}","templated":true}]}}