{"id":153901,"date":"2022-11-01T12:17:17","date_gmt":"2022-11-01T12:17:17","guid":{"rendered":"https:\/\/admin.industriall-union.org\/empresa-de-prendas-de-vestir-de-indonesia-reincorpora-a-dirigente-sindical\/"},"modified":"2025-01-27T23:53:03","modified_gmt":"2025-01-27T23:53:03","slug":"empresa-de-prendas-de-vestir-de-indonesia-reincorpora-a-dirigente-sindical","status":"publish","type":"article","link":"https:\/\/admin.industriall-union.org\/es\/empresa-de-prendas-de-vestir-de-indonesia-reincorpora-a-dirigente-sindical\/","title":{"rendered":"Empresa de prendas de vestir de Indonesia reincorpora a dirigente sindical"},"content":{"rendered":"<p>Despu\u00e9s de tres cartas de advertencia, Rahmawati fue despedida el 18 de mayo, tras 16 a\u00f1os de trabajo. Garteks critic\u00f3 a la empresa multinacional de prendas de vestir por este hecho de represi\u00f3n sindical y present\u00f3 una denuncia ante la oficina de trabajo de Yakarta del Norte.<br \/>&nbsp;<br \/>En agosto, el mediador de relaciones laborales declar\u00f3 que PT Tainan hab\u00eda violado el Reglamento de Personal y el convenio colectivo. Se dictamin\u00f3 que la empresa deb\u00eda reintegrar a Rahmawati a su puesto original y pagarle retroactivamente.<br \/>&nbsp;<br \/>Despu\u00e9s de las intervenciones de IndustriALL Global Union y la marca estadounidense Jcrew, de la que PT Tainan es proveedora, la empresa firm\u00f3 un acuerdo de conciliaci\u00f3n con Garteks en el que se establece que Rahmawati ser\u00e1 reintegrada a su puesto original el 1 de noviembre.<br \/>&nbsp;<br \/>Adem\u00e1s, la empresa prometi\u00f3 respetar la libertad de asociaci\u00f3n de los trabajadores y poner fin a la violencia de g\u00e9nero.<br \/>&nbsp;<br \/>&ldquo;Agradecemos a IndustriALL por apoyar esta lucha para llegar a un acuerdo y tambi\u00e9n a Jcrew y PT Tainan por participar del di\u00e1logo social que fue esencial para lograr un resultado satisfactorio&rdquo;, declar\u00f3 Trisnur Priyanto, secretario general de Garteks.<br \/>&nbsp;<br \/>En agosto de 2021, poco despu\u00e9s de que se estableciera el sindicato local, PT Tainan despidi\u00f3 a tres dirigentes sindicales. En ese momento, firmaron un acuerdo de conciliaci\u00f3n con el empleador en el que aceptaban la rescisi\u00f3n con la condici\u00f3n de que la empresa dejara de interferir con el derecho de los miembros de Garteks a sindicalizarse.<br \/>&nbsp;<br \/>&ldquo;Celebramos la reincorporaci\u00f3n de Rahmawati y aprovechamos la oportunidad para reiterar que PT Tainan debe permitir que los trabajadores se sindicalicen libremente. Esto deber\u00eda incluir la reincorporaci\u00f3n de todos los dirigentes sindicales despedidos de su fuerza laboral&rdquo;, manifest\u00f3 la directora del sector textil de IndustriALL, Christina Hajagos-Clausen.<\/p>","protected":false},"featured_media":0,"template":"","issues":[398,425],"companies":[],"regions":[167],"sectors":[464],"article_tags":[],"class_list":["post-153901","article","type-article","status-publish","hentry","issues-union-win","issues-workers-rights","regions-indonesia","sectors-textile-leather-garment-shoes-and-textile-services"],"acf":[],"yoast_head":"<!-- This site is optimized with the Yoast SEO Premium plugin v27.1 (Yoast SEO v27.1) - https:\/\/yoast.com\/product\/yoast-seo-premium-wordpress\/ -->\n<title>Empresa de prendas de vestir de Indonesia reincorpora a dirigente sindical - industriall-union<\/title>\n<meta name=\"description\" content=\"Despu\u00e9s de tres cartas de advertencia, Rahmawati fue despedida el 18 de mayo, tras 16 a\u00f1os de trabajo. Garteks critic\u00f3 a la empresa multinacional de\" \/>\n<meta name=\"robots\" content=\"index, follow, max-snippet:-1, max-image-preview:large, max-video-preview:-1\" \/>\n<link rel=\"canonical\" href=\"https:\/\/admin.industriall-union.org\/es\/empresa-de-prendas-de-vestir-de-indonesia-reincorpora-a-dirigente-sindical\/\" \/>\n<meta property=\"og:locale\" content=\"es_ES\" \/>\n<meta property=\"og:type\" content=\"article\" \/>\n<meta property=\"og:title\" content=\"Empresa de prendas de vestir de Indonesia reincorpora a dirigente sindical\" \/>\n<meta property=\"og:description\" content=\"Despu\u00e9s de tres cartas de advertencia, Rahmawati fue despedida el 18 de mayo, tras 16 a\u00f1os de trabajo. Garteks critic\u00f3 a la empresa multinacional de\" \/>\n<meta property=\"og:url\" content=\"https:\/\/admin.industriall-union.org\/es\/empresa-de-prendas-de-vestir-de-indonesia-reincorpora-a-dirigente-sindical\/\" \/>\n<meta property=\"og:site_name\" content=\"industriall-union\" \/>\n<meta property=\"article:modified_time\" content=\"2025-01-27T23:53:03+00:00\" \/>\n<meta name=\"twitter:card\" content=\"summary_large_image\" \/>\n<meta name=\"twitter:label1\" content=\"Est. reading time\" \/>\n\t<meta name=\"twitter:data1\" content=\"2 minutes\" \/>\n<script type=\"application\/ld+json\" class=\"yoast-schema-graph\">{\"@context\":\"https:\/\/schema.org\",\"@graph\":[{\"@type\":\"WebPage\",\"@id\":\"https:\/\/admin.industriall-union.org\/es\/empresa-de-prendas-de-vestir-de-indonesia-reincorpora-a-dirigente-sindical\/\",\"url\":\"https:\/\/admin.industriall-union.org\/es\/empresa-de-prendas-de-vestir-de-indonesia-reincorpora-a-dirigente-sindical\/\",\"name\":\"Empresa de prendas de vestir de Indonesia reincorpora a dirigente sindical - industriall-union\",\"isPartOf\":{\"@id\":\"https:\/\/admin.industriall-union.org\/#website\"},\"datePublished\":\"2022-11-01T12:17:17+00:00\",\"dateModified\":\"2025-01-27T23:53:03+00:00\",\"description\":\"Despu\u00e9s de tres cartas de advertencia, Rahmawati fue despedida el 18 de mayo, tras 16 a\u00f1os de trabajo. Garteks critic\u00f3 a la empresa multinacional de\",\"breadcrumb\":{\"@id\":\"https:\/\/admin.industriall-union.org\/es\/empresa-de-prendas-de-vestir-de-indonesia-reincorpora-a-dirigente-sindical\/#breadcrumb\"},\"inLanguage\":\"es-ES\",\"potentialAction\":[{\"@type\":\"ReadAction\",\"target\":[\"https:\/\/admin.industriall-union.org\/es\/empresa-de-prendas-de-vestir-de-indonesia-reincorpora-a-dirigente-sindical\/\"]}]},{\"@type\":\"BreadcrumbList\",\"@id\":\"https:\/\/admin.industriall-union.org\/es\/empresa-de-prendas-de-vestir-de-indonesia-reincorpora-a-dirigente-sindical\/#breadcrumb\",\"itemListElement\":[{\"@type\":\"ListItem\",\"position\":1,\"name\":\"Home\",\"item\":\"https:\/\/admin.industriall-union.org\/\"},{\"@type\":\"ListItem\",\"position\":2,\"name\":\"Articles\",\"item\":\"https:\/\/admin.industriall-union.org\/article\/\"},{\"@type\":\"ListItem\",\"position\":3,\"name\":\"Empresa de prendas de vestir de Indonesia reincorpora a dirigente sindical\"}]},{\"@type\":\"WebSite\",\"@id\":\"https:\/\/admin.industriall-union.org\/#website\",\"url\":\"https:\/\/admin.industriall-union.org\/\",\"name\":\"industriall-union\",\"description\":\"\",\"potentialAction\":[{\"@type\":\"SearchAction\",\"target\":{\"@type\":\"EntryPoint\",\"urlTemplate\":\"https:\/\/admin.industriall-union.org\/?s={search_term_string}\"},\"query-input\":{\"@type\":\"PropertyValueSpecification\",\"valueRequired\":true,\"valueName\":\"search_term_string\"}}],\"inLanguage\":\"es-ES\"}]}<\/script>\n<!-- \/ Yoast SEO Premium plugin. -->","yoast_head_json":{"title":"Empresa de prendas de vestir de Indonesia reincorpora a dirigente sindical - industriall-union","description":"Despu\u00e9s de tres cartas de advertencia, Rahmawati fue despedida el 18 de mayo, tras 16 a\u00f1os de trabajo. Garteks critic\u00f3 a la empresa multinacional de","robots":{"index":"index","follow":"follow","max-snippet":"max-snippet:-1","max-image-preview":"max-image-preview:large","max-video-preview":"max-video-preview:-1"},"canonical":"https:\/\/admin.industriall-union.org\/es\/empresa-de-prendas-de-vestir-de-indonesia-reincorpora-a-dirigente-sindical\/","og_locale":"es_ES","og_type":"article","og_title":"Empresa de prendas de vestir de Indonesia reincorpora a dirigente sindical","og_description":"Despu\u00e9s de tres cartas de advertencia, Rahmawati fue despedida el 18 de mayo, tras 16 a\u00f1os de trabajo. Garteks critic\u00f3 a la empresa multinacional de","og_url":"https:\/\/admin.industriall-union.org\/es\/empresa-de-prendas-de-vestir-de-indonesia-reincorpora-a-dirigente-sindical\/","og_site_name":"industriall-union","article_modified_time":"2025-01-27T23:53:03+00:00","twitter_card":"summary_large_image","twitter_misc":{"Est. reading time":"2 minutes"},"schema":{"@context":"https:\/\/schema.org","@graph":[{"@type":"WebPage","@id":"https:\/\/admin.industriall-union.org\/es\/empresa-de-prendas-de-vestir-de-indonesia-reincorpora-a-dirigente-sindical\/","url":"https:\/\/admin.industriall-union.org\/es\/empresa-de-prendas-de-vestir-de-indonesia-reincorpora-a-dirigente-sindical\/","name":"Empresa de prendas de vestir de Indonesia reincorpora a dirigente sindical - industriall-union","isPartOf":{"@id":"https:\/\/admin.industriall-union.org\/#website"},"datePublished":"2022-11-01T12:17:17+00:00","dateModified":"2025-01-27T23:53:03+00:00","description":"Despu\u00e9s de tres cartas de advertencia, Rahmawati fue despedida el 18 de mayo, tras 16 a\u00f1os de trabajo. Garteks critic\u00f3 a la empresa multinacional de","breadcrumb":{"@id":"https:\/\/admin.industriall-union.org\/es\/empresa-de-prendas-de-vestir-de-indonesia-reincorpora-a-dirigente-sindical\/#breadcrumb"},"inLanguage":"es-ES","potentialAction":[{"@type":"ReadAction","target":["https:\/\/admin.industriall-union.org\/es\/empresa-de-prendas-de-vestir-de-indonesia-reincorpora-a-dirigente-sindical\/"]}]},{"@type":"BreadcrumbList","@id":"https:\/\/admin.industriall-union.org\/es\/empresa-de-prendas-de-vestir-de-indonesia-reincorpora-a-dirigente-sindical\/#breadcrumb","itemListElement":[{"@type":"ListItem","position":1,"name":"Home","item":"https:\/\/admin.industriall-union.org\/"},{"@type":"ListItem","position":2,"name":"Articles","item":"https:\/\/admin.industriall-union.org\/article\/"},{"@type":"ListItem","position":3,"name":"Empresa de prendas de vestir de Indonesia reincorpora a dirigente sindical"}]},{"@type":"WebSite","@id":"https:\/\/admin.industriall-union.org\/#website","url":"https:\/\/admin.industriall-union.org\/","name":"industriall-union","description":"","potentialAction":[{"@type":"SearchAction","target":{"@type":"EntryPoint","urlTemplate":"https:\/\/admin.industriall-union.org\/?s={search_term_string}"},"query-input":{"@type":"PropertyValueSpecification","valueRequired":true,"valueName":"search_term_string"}}],"inLanguage":"es-ES"}]}},"_links":{"self":[{"href":"https:\/\/admin.industriall-union.org\/es\/wp-json\/wp\/v2\/article\/153901","targetHints":{"allow":["GET"]}}],"collection":[{"href":"https:\/\/admin.industriall-union.org\/es\/wp-json\/wp\/v2\/article"}],"about":[{"href":"https:\/\/admin.industriall-union.org\/es\/wp-json\/wp\/v2\/types\/article"}],"wp:attachment":[{"href":"https:\/\/admin.industriall-union.org\/es\/wp-json\/wp\/v2\/media?parent=153901"}],"wp:term":[{"taxonomy":"issues","embeddable":true,"href":"https:\/\/admin.industriall-union.org\/es\/wp-json\/wp\/v2\/issues?post=153901"},{"taxonomy":"companies","embeddable":true,"href":"https:\/\/admin.industriall-union.org\/es\/wp-json\/wp\/v2\/companies?post=153901"},{"taxonomy":"regions","embeddable":true,"href":"https:\/\/admin.industriall-union.org\/es\/wp-json\/wp\/v2\/regions?post=153901"},{"taxonomy":"sectors","embeddable":true,"href":"https:\/\/admin.industriall-union.org\/es\/wp-json\/wp\/v2\/sectors?post=153901"},{"taxonomy":"article_tags","embeddable":true,"href":"https:\/\/admin.industriall-union.org\/es\/wp-json\/wp\/v2\/article_tags?post=153901"}],"curies":[{"name":"wp","href":"https:\/\/api.w.org\/{rel}","templated":true}]}}