{"id":153886,"date":"2022-11-03T15:15:39","date_gmt":"2022-11-03T15:15:39","guid":{"rendered":"https:\/\/admin.industriall-union.org\/preparativos-de-cara-a-la-industria-4-0\/"},"modified":"2025-01-27T23:51:16","modified_gmt":"2025-01-27T23:51:16","slug":"preparativos-de-cara-a-la-industria-4-0","status":"publish","type":"article","link":"https:\/\/admin.industriall-union.org\/es\/preparativos-de-cara-a-la-industria-4-0\/","title":{"rendered":"Preparativos de cara a la Industria 4.0"},"content":{"rendered":"<p>Al inaugurar la reuni\u00f3n, Kan Matsuzaki, secretario general adjunto de IndustriALL, expres\u00f3:<\/p><blockquote><p>&ldquo;Estamos&nbsp;analizando&nbsp;nuestra situaci\u00f3n con respecto a las tendencias de la Industria 4.0, para as\u00ed confirmar nuestro progreso y proponer los pr\u00f3ximos pasos a seguir en nuestras actividades, incluida la creaci\u00f3n de un grupo de expertos que desarrollar\u00e1 herramientas y tecnolog\u00edas para ayudar a los afiliados en esta transici\u00f3n&rdquo;.<\/p><\/blockquote><p>Los participantes debatieron acerca del informe de investigaci\u00f3n presentado por Syndex, el colaborador de investigaci\u00f3n de IndustriALL. Las intervenciones de los afiliados permitieron desarrollar una variedad de m\u00e9todos y contenidos.<\/p><p>Los delegados expresaron su incertidumbre con respecto a la manera de abordar los cambios y&nbsp;garantizar que los trabajadores est\u00e9n protegidos.&nbsp;Adem\u00e1s, existen inquietudes acerca del futuro de los puestos de trabajo. Los afiliados&nbsp;expresaron&nbsp;la necesidad de colaboraci\u00f3n para desarrollar competencias y herramientas destinadas a guiar a los sindicatos y trabajadores a trav\u00e9s de una transici\u00f3n que ya es visible, aunque su velocidad var\u00eda de un pa\u00eds a otro y de una empresa a otra.<\/p><p>A nivel mundial, los desaf\u00edos son id\u00e9nticos. Es importante desarrollar herramientas y t\u00e9cnicas para garantizar que los sindicatos tengan un lugar en la mesa para discutir las transformaciones en el lugar de trabajo y&nbsp;que sean capaces de dar forma a los cambios. De esta forma, podr\u00e1n adaptarse a las demandas y necesidades de los sindicatos y los trabajadores.<\/p><p>Matthias Hartwich, director del sector de ingenier\u00eda mec\u00e1nica de IndustriALL, afirm\u00f3:<\/p><blockquote><p>&ldquo;Debemos aceptar los cambios&nbsp;que conlleva la digitalizaci\u00f3n. No bastar\u00e1 con simplemente tratar de aferrarnos a lo que ya tenemos. Una vez que las nuevas tecnolog\u00edas y las transformaciones en los patrones de producci\u00f3n y servicio sean&nbsp;visibles, tendremos que intentar aprovecharlas al m\u00e1ximo para los trabajadores. Garantizar los puestos de trabajo, la reconversi\u00f3n y la mejora de las competencias ser\u00e1 fundamental para lograr una Transici\u00f3n Justa que no deje a los sindicatos ni a los trabajadores atr\u00e1s. Los sindicatos desempe\u00f1an un papel fundamental a la hora de guiar a los trabajadores a trav\u00e9s de este proceso&rdquo;.<\/p><\/blockquote><p>En este contexto, los participantes tambi\u00e9n analizaron las herramientas, las presentaciones y los informes de investigaci\u00f3n existentes que IndustriALL ofrece a sus afiliados. Puede encontrarse m\u00e1s informaci\u00f3n aqu\u00ed:<a href=\"https:\/\/www.industriall-union.org\/what-we-do\/future-of-work\/industry-40\" title=\"https:\/\/www.industriall-union.org\/what-we-do\/future-of-work\/industry-40\"> Industria 4.0 | IndustriALL (industriall-union.org)<\/a>.<\/p><p>Para concluir, Kan Matsuzaki hizo el siguiente pedido a los afiliados:<\/p><blockquote><p>&ldquo;Re\u00fananse, env\u00eden a sus expertos y luego perm\u00edtannos desarrollar estrategias y herramientas en el marco de&nbsp;los Objetivos Estrat\u00e9gicos seg\u00fan lo decidido en nuestro congreso de 2021. Todos tenemos el deber y la tarea de ofrecer orientaci\u00f3n a los afiliados. Estoy seguro de que podemos lograr un cambio en este sentido, y demostrar que IndustriALL es un aliado fuerte y confiable cuando se trata de lograr una Transici\u00f3n Justa para todos los trabajadores&rdquo;.<\/p><\/blockquote>","protected":false},"featured_media":0,"template":"","issues":[391],"companies":[],"regions":[],"sectors":[],"article_tags":[],"class_list":["post-153886","article","type-article","status-publish","hentry","issues-industry-40"],"acf":[],"yoast_head":"<!-- This site is optimized with the Yoast SEO Premium plugin v27.1 (Yoast SEO v27.1) - https:\/\/yoast.com\/product\/yoast-seo-premium-wordpress\/ -->\n<title>Preparativos de cara a la Industria 4.0 - industriall-union<\/title>\n<meta name=\"description\" content=\"Al inaugurar la reuni\u00f3n, Kan Matsuzaki, secretario general adjunto de IndustriALL, expres\u00f3:&ldquo;Estamos&nbsp;analizando&nbsp;nuestra situaci\u00f3n con\" \/>\n<meta name=\"robots\" content=\"index, follow, max-snippet:-1, max-image-preview:large, max-video-preview:-1\" \/>\n<link rel=\"canonical\" href=\"https:\/\/admin.industriall-union.org\/es\/preparativos-de-cara-a-la-industria-4-0\/\" \/>\n<meta property=\"og:locale\" content=\"es_ES\" \/>\n<meta property=\"og:type\" content=\"article\" \/>\n<meta property=\"og:title\" content=\"Preparativos de cara a la Industria 4.0\" \/>\n<meta property=\"og:description\" content=\"Al inaugurar la reuni\u00f3n, Kan Matsuzaki, secretario general adjunto de IndustriALL, expres\u00f3:&ldquo;Estamos&nbsp;analizando&nbsp;nuestra situaci\u00f3n con\" \/>\n<meta property=\"og:url\" content=\"https:\/\/admin.industriall-union.org\/es\/preparativos-de-cara-a-la-industria-4-0\/\" \/>\n<meta property=\"og:site_name\" content=\"industriall-union\" \/>\n<meta property=\"article:modified_time\" content=\"2025-01-27T23:51:16+00:00\" \/>\n<meta name=\"twitter:card\" content=\"summary_large_image\" \/>\n<meta name=\"twitter:label1\" content=\"Est. reading time\" \/>\n\t<meta name=\"twitter:data1\" content=\"3 minutes\" \/>\n<script type=\"application\/ld+json\" class=\"yoast-schema-graph\">{\"@context\":\"https:\/\/schema.org\",\"@graph\":[{\"@type\":\"WebPage\",\"@id\":\"https:\/\/admin.industriall-union.org\/es\/preparativos-de-cara-a-la-industria-4-0\/\",\"url\":\"https:\/\/admin.industriall-union.org\/es\/preparativos-de-cara-a-la-industria-4-0\/\",\"name\":\"Preparativos de cara a la Industria 4.0 - industriall-union\",\"isPartOf\":{\"@id\":\"https:\/\/admin.industriall-union.org\/#website\"},\"datePublished\":\"2022-11-03T15:15:39+00:00\",\"dateModified\":\"2025-01-27T23:51:16+00:00\",\"description\":\"Al inaugurar la reuni\u00f3n, Kan Matsuzaki, secretario general adjunto de IndustriALL, expres\u00f3:&ldquo;Estamos&nbsp;analizando&nbsp;nuestra situaci\u00f3n con\",\"breadcrumb\":{\"@id\":\"https:\/\/admin.industriall-union.org\/es\/preparativos-de-cara-a-la-industria-4-0\/#breadcrumb\"},\"inLanguage\":\"es-ES\",\"potentialAction\":[{\"@type\":\"ReadAction\",\"target\":[\"https:\/\/admin.industriall-union.org\/es\/preparativos-de-cara-a-la-industria-4-0\/\"]}]},{\"@type\":\"BreadcrumbList\",\"@id\":\"https:\/\/admin.industriall-union.org\/es\/preparativos-de-cara-a-la-industria-4-0\/#breadcrumb\",\"itemListElement\":[{\"@type\":\"ListItem\",\"position\":1,\"name\":\"Home\",\"item\":\"https:\/\/admin.industriall-union.org\/\"},{\"@type\":\"ListItem\",\"position\":2,\"name\":\"Articles\",\"item\":\"https:\/\/admin.industriall-union.org\/article\/\"},{\"@type\":\"ListItem\",\"position\":3,\"name\":\"Preparativos de cara a la Industria 4.0\"}]},{\"@type\":\"WebSite\",\"@id\":\"https:\/\/admin.industriall-union.org\/#website\",\"url\":\"https:\/\/admin.industriall-union.org\/\",\"name\":\"industriall-union\",\"description\":\"\",\"potentialAction\":[{\"@type\":\"SearchAction\",\"target\":{\"@type\":\"EntryPoint\",\"urlTemplate\":\"https:\/\/admin.industriall-union.org\/?s={search_term_string}\"},\"query-input\":{\"@type\":\"PropertyValueSpecification\",\"valueRequired\":true,\"valueName\":\"search_term_string\"}}],\"inLanguage\":\"es-ES\"}]}<\/script>\n<!-- \/ Yoast SEO Premium plugin. -->","yoast_head_json":{"title":"Preparativos de cara a la Industria 4.0 - industriall-union","description":"Al inaugurar la reuni\u00f3n, Kan Matsuzaki, secretario general adjunto de IndustriALL, expres\u00f3:&ldquo;Estamos&nbsp;analizando&nbsp;nuestra situaci\u00f3n con","robots":{"index":"index","follow":"follow","max-snippet":"max-snippet:-1","max-image-preview":"max-image-preview:large","max-video-preview":"max-video-preview:-1"},"canonical":"https:\/\/admin.industriall-union.org\/es\/preparativos-de-cara-a-la-industria-4-0\/","og_locale":"es_ES","og_type":"article","og_title":"Preparativos de cara a la Industria 4.0","og_description":"Al inaugurar la reuni\u00f3n, Kan Matsuzaki, secretario general adjunto de IndustriALL, expres\u00f3:&ldquo;Estamos&nbsp;analizando&nbsp;nuestra situaci\u00f3n con","og_url":"https:\/\/admin.industriall-union.org\/es\/preparativos-de-cara-a-la-industria-4-0\/","og_site_name":"industriall-union","article_modified_time":"2025-01-27T23:51:16+00:00","twitter_card":"summary_large_image","twitter_misc":{"Est. reading time":"3 minutes"},"schema":{"@context":"https:\/\/schema.org","@graph":[{"@type":"WebPage","@id":"https:\/\/admin.industriall-union.org\/es\/preparativos-de-cara-a-la-industria-4-0\/","url":"https:\/\/admin.industriall-union.org\/es\/preparativos-de-cara-a-la-industria-4-0\/","name":"Preparativos de cara a la Industria 4.0 - industriall-union","isPartOf":{"@id":"https:\/\/admin.industriall-union.org\/#website"},"datePublished":"2022-11-03T15:15:39+00:00","dateModified":"2025-01-27T23:51:16+00:00","description":"Al inaugurar la reuni\u00f3n, Kan Matsuzaki, secretario general adjunto de IndustriALL, expres\u00f3:&ldquo;Estamos&nbsp;analizando&nbsp;nuestra situaci\u00f3n con","breadcrumb":{"@id":"https:\/\/admin.industriall-union.org\/es\/preparativos-de-cara-a-la-industria-4-0\/#breadcrumb"},"inLanguage":"es-ES","potentialAction":[{"@type":"ReadAction","target":["https:\/\/admin.industriall-union.org\/es\/preparativos-de-cara-a-la-industria-4-0\/"]}]},{"@type":"BreadcrumbList","@id":"https:\/\/admin.industriall-union.org\/es\/preparativos-de-cara-a-la-industria-4-0\/#breadcrumb","itemListElement":[{"@type":"ListItem","position":1,"name":"Home","item":"https:\/\/admin.industriall-union.org\/"},{"@type":"ListItem","position":2,"name":"Articles","item":"https:\/\/admin.industriall-union.org\/article\/"},{"@type":"ListItem","position":3,"name":"Preparativos de cara a la Industria 4.0"}]},{"@type":"WebSite","@id":"https:\/\/admin.industriall-union.org\/#website","url":"https:\/\/admin.industriall-union.org\/","name":"industriall-union","description":"","potentialAction":[{"@type":"SearchAction","target":{"@type":"EntryPoint","urlTemplate":"https:\/\/admin.industriall-union.org\/?s={search_term_string}"},"query-input":{"@type":"PropertyValueSpecification","valueRequired":true,"valueName":"search_term_string"}}],"inLanguage":"es-ES"}]}},"_links":{"self":[{"href":"https:\/\/admin.industriall-union.org\/es\/wp-json\/wp\/v2\/article\/153886","targetHints":{"allow":["GET"]}}],"collection":[{"href":"https:\/\/admin.industriall-union.org\/es\/wp-json\/wp\/v2\/article"}],"about":[{"href":"https:\/\/admin.industriall-union.org\/es\/wp-json\/wp\/v2\/types\/article"}],"wp:attachment":[{"href":"https:\/\/admin.industriall-union.org\/es\/wp-json\/wp\/v2\/media?parent=153886"}],"wp:term":[{"taxonomy":"issues","embeddable":true,"href":"https:\/\/admin.industriall-union.org\/es\/wp-json\/wp\/v2\/issues?post=153886"},{"taxonomy":"companies","embeddable":true,"href":"https:\/\/admin.industriall-union.org\/es\/wp-json\/wp\/v2\/companies?post=153886"},{"taxonomy":"regions","embeddable":true,"href":"https:\/\/admin.industriall-union.org\/es\/wp-json\/wp\/v2\/regions?post=153886"},{"taxonomy":"sectors","embeddable":true,"href":"https:\/\/admin.industriall-union.org\/es\/wp-json\/wp\/v2\/sectors?post=153886"},{"taxonomy":"article_tags","embeddable":true,"href":"https:\/\/admin.industriall-union.org\/es\/wp-json\/wp\/v2\/article_tags?post=153886"}],"curies":[{"name":"wp","href":"https:\/\/api.w.org\/{rel}","templated":true}]}}