{"id":153822,"date":"2022-11-14T15:28:39","date_gmt":"2022-11-14T15:28:39","guid":{"rendered":"https:\/\/admin.industriall-union.org\/trabajadores-textiles-de-el-salvador-debaten-sobre-los-desafios-del-sindicalismo\/"},"modified":"2025-01-27T23:34:59","modified_gmt":"2025-01-27T23:34:59","slug":"trabajadores-textiles-de-el-salvador-debaten-sobre-los-desafios-del-sindicalismo","status":"publish","type":"article","link":"https:\/\/admin.industriall-union.org\/es\/trabajadores-textiles-de-el-salvador-debaten-sobre-los-desafios-del-sindicalismo\/","title":{"rendered":"Trabajadores textiles de El Salvador debaten sobre los desaf\u00edos del sindicalismo"},"content":{"rendered":"<p>El secretario regional de IndustriALL Global Union para Am\u00e9rica Latina y el Caribe, Marino Vani, se reuni\u00f3 con la Federaci\u00f3n de asociaciones y sindicatos independientes de El Salvador (FEASIES, afiliada a IndustriALL), el 3 y 4 de noviembre. En el encuentro tambi\u00e9n participaron varios dirigentes sindicales de los sindicatos locales.<\/p><p>El objetivo fue debatir sobre los desaf\u00edos actuales para el sindicalismo frente a los cambios en el mundo del trabajo y de la globalizaci\u00f3n. Analizaron cu\u00e1les son las necesidades y prioridades de los trabajadores de la industria.<\/p><blockquote><p>&ldquo;El conversatorio sindical desarrollado junto a IndustriALL constituy\u00f3 un importante espacio para la clase trabajadora organizada, ya que nos permiti\u00f3 generar an\u00e1lisis y compartir conocimientos importantes sobre nuestro ejercer sindical en la industria textil. Sin duda fue una excelente experiencia que tambi\u00e9n nos permiti\u00f3 intercambiar conocimientos importantes de la regi\u00f3n de Am\u00e9rica Latina y el Caribe&rdquo;<\/p><\/blockquote><p>dijo FEASIES en una publicaci\u00f3n oficial.<\/p><p>Los participantes discutieron cu\u00e1les son las dificultades que enfrentan al momento de organizar a los trabajadores en las cadenas de suministro. Aseguraron que se les presentan diversos obst\u00e1culos al momento de conformar redes sindicales, crear sindicatos industriales y de establecer una articulaci\u00f3n sindical tanto regional como global.<\/p><p>A su vez, dijeron que otra de sus prioridades es promover un debate sobre la pol\u00edticas p\u00fablicas e industriales de generaci\u00f3n de empleo y renta. Destacaron que, parte de su agenda como trabajadores textiles, es construir una contrataci\u00f3n colectiva nacional. La mayor\u00eda de los trabajadores del sector de maquilas aseguraron que no tienen derecho a tener un contrato colectivo nacional porque la ley limita la construcci\u00f3n de sindicatos que puedan negociar.<\/p><p>Finalmente, Marino Vani, expres\u00f3:<\/p><blockquote><p>&ldquo;Me qued\u00e9&nbsp;muy sorprendido con lo compartido en El Salvador: me resulta incre\u00edble que gobiernos y empresarios promuevan la libertad total de acci\u00f3n para el mercado pero limiten que los trabajadores puedan organizarse y negociar colectivamente.<\/p><p>El derecho a la negociaci\u00f3n colectiva en El Salvador es una ficci\u00f3n; si las mismas reglas se establecieran para la recaudaci\u00f3n y el pago de impuestos, el estado de El Salvador no tendr\u00eda ni un centavo.<\/p><p>Nos comprometemos a apoyar a los trabajadores de nuestra afiliada a conquistar el derecho a organizaci\u00f3n y a la negociaci\u00f3n colectiva.&rdquo;<\/p><\/blockquote>","protected":false},"featured_media":0,"template":"","issues":[422,425],"companies":[],"regions":[284,254],"sectors":[447],"article_tags":[505,511,513],"class_list":["post-153822","article","type-article","status-publish","hentry","issues-human-trade-union-rights","issues-workers-rights","regions-el-salvador","regions-latin-america-and-the-caribbean","sectors-textil-cuero-ropa-calzado-servicios-textiles","article_tags-collective-bargaining","article_tags-industriall","article_tags-labour-laws"],"acf":[],"yoast_head":"<!-- This site is optimized with the Yoast SEO Premium plugin v27.1 (Yoast SEO v27.1) - https:\/\/yoast.com\/product\/yoast-seo-premium-wordpress\/ -->\n<title>Trabajadores textiles de El Salvador debaten sobre los desaf\u00edos del sindicalismo - industriall-union<\/title>\n<meta name=\"description\" content=\"El secretario regional de IndustriALL Global Union para Am\u00e9rica Latina y el Caribe, Marino Vani, se reuni\u00f3 con la Federaci\u00f3n de asociaciones y sindicatos\" \/>\n<meta name=\"robots\" content=\"index, follow, max-snippet:-1, max-image-preview:large, max-video-preview:-1\" \/>\n<link rel=\"canonical\" href=\"https:\/\/admin.industriall-union.org\/es\/trabajadores-textiles-de-el-salvador-debaten-sobre-los-desafios-del-sindicalismo\/\" \/>\n<meta property=\"og:locale\" content=\"es_ES\" \/>\n<meta property=\"og:type\" content=\"article\" \/>\n<meta property=\"og:title\" content=\"Trabajadores textiles de El Salvador debaten sobre los desaf\u00edos del sindicalismo\" \/>\n<meta property=\"og:description\" content=\"El secretario regional de IndustriALL Global Union para Am\u00e9rica Latina y el Caribe, Marino Vani, se reuni\u00f3 con la Federaci\u00f3n de asociaciones y sindicatos\" \/>\n<meta property=\"og:url\" content=\"https:\/\/admin.industriall-union.org\/es\/trabajadores-textiles-de-el-salvador-debaten-sobre-los-desafios-del-sindicalismo\/\" \/>\n<meta property=\"og:site_name\" content=\"industriall-union\" \/>\n<meta property=\"article:modified_time\" content=\"2025-01-27T23:34:59+00:00\" \/>\n<meta name=\"twitter:card\" content=\"summary_large_image\" \/>\n<meta name=\"twitter:label1\" content=\"Est. reading time\" \/>\n\t<meta name=\"twitter:data1\" content=\"2 minutes\" \/>\n<script type=\"application\/ld+json\" class=\"yoast-schema-graph\">{\"@context\":\"https:\/\/schema.org\",\"@graph\":[{\"@type\":\"WebPage\",\"@id\":\"https:\/\/admin.industriall-union.org\/es\/trabajadores-textiles-de-el-salvador-debaten-sobre-los-desafios-del-sindicalismo\/\",\"url\":\"https:\/\/admin.industriall-union.org\/es\/trabajadores-textiles-de-el-salvador-debaten-sobre-los-desafios-del-sindicalismo\/\",\"name\":\"Trabajadores textiles de El Salvador debaten sobre los desaf\u00edos del sindicalismo - industriall-union\",\"isPartOf\":{\"@id\":\"https:\/\/admin.industriall-union.org\/#website\"},\"datePublished\":\"2022-11-14T15:28:39+00:00\",\"dateModified\":\"2025-01-27T23:34:59+00:00\",\"description\":\"El secretario regional de IndustriALL Global Union para Am\u00e9rica Latina y el Caribe, Marino Vani, se reuni\u00f3 con la Federaci\u00f3n de asociaciones y sindicatos\",\"breadcrumb\":{\"@id\":\"https:\/\/admin.industriall-union.org\/es\/trabajadores-textiles-de-el-salvador-debaten-sobre-los-desafios-del-sindicalismo\/#breadcrumb\"},\"inLanguage\":\"es-ES\",\"potentialAction\":[{\"@type\":\"ReadAction\",\"target\":[\"https:\/\/admin.industriall-union.org\/es\/trabajadores-textiles-de-el-salvador-debaten-sobre-los-desafios-del-sindicalismo\/\"]}]},{\"@type\":\"BreadcrumbList\",\"@id\":\"https:\/\/admin.industriall-union.org\/es\/trabajadores-textiles-de-el-salvador-debaten-sobre-los-desafios-del-sindicalismo\/#breadcrumb\",\"itemListElement\":[{\"@type\":\"ListItem\",\"position\":1,\"name\":\"Home\",\"item\":\"https:\/\/admin.industriall-union.org\/\"},{\"@type\":\"ListItem\",\"position\":2,\"name\":\"Articles\",\"item\":\"https:\/\/admin.industriall-union.org\/article\/\"},{\"@type\":\"ListItem\",\"position\":3,\"name\":\"Trabajadores textiles de El Salvador debaten sobre los desaf\u00edos del sindicalismo\"}]},{\"@type\":\"WebSite\",\"@id\":\"https:\/\/admin.industriall-union.org\/#website\",\"url\":\"https:\/\/admin.industriall-union.org\/\",\"name\":\"industriall-union\",\"description\":\"\",\"potentialAction\":[{\"@type\":\"SearchAction\",\"target\":{\"@type\":\"EntryPoint\",\"urlTemplate\":\"https:\/\/admin.industriall-union.org\/?s={search_term_string}\"},\"query-input\":{\"@type\":\"PropertyValueSpecification\",\"valueRequired\":true,\"valueName\":\"search_term_string\"}}],\"inLanguage\":\"es-ES\"}]}<\/script>\n<!-- \/ Yoast SEO Premium plugin. -->","yoast_head_json":{"title":"Trabajadores textiles de El Salvador debaten sobre los desaf\u00edos del sindicalismo - industriall-union","description":"El secretario regional de IndustriALL Global Union para Am\u00e9rica Latina y el Caribe, Marino Vani, se reuni\u00f3 con la Federaci\u00f3n de asociaciones y sindicatos","robots":{"index":"index","follow":"follow","max-snippet":"max-snippet:-1","max-image-preview":"max-image-preview:large","max-video-preview":"max-video-preview:-1"},"canonical":"https:\/\/admin.industriall-union.org\/es\/trabajadores-textiles-de-el-salvador-debaten-sobre-los-desafios-del-sindicalismo\/","og_locale":"es_ES","og_type":"article","og_title":"Trabajadores textiles de El Salvador debaten sobre los desaf\u00edos del sindicalismo","og_description":"El secretario regional de IndustriALL Global Union para Am\u00e9rica Latina y el Caribe, Marino Vani, se reuni\u00f3 con la Federaci\u00f3n de asociaciones y sindicatos","og_url":"https:\/\/admin.industriall-union.org\/es\/trabajadores-textiles-de-el-salvador-debaten-sobre-los-desafios-del-sindicalismo\/","og_site_name":"industriall-union","article_modified_time":"2025-01-27T23:34:59+00:00","twitter_card":"summary_large_image","twitter_misc":{"Est. reading time":"2 minutes"},"schema":{"@context":"https:\/\/schema.org","@graph":[{"@type":"WebPage","@id":"https:\/\/admin.industriall-union.org\/es\/trabajadores-textiles-de-el-salvador-debaten-sobre-los-desafios-del-sindicalismo\/","url":"https:\/\/admin.industriall-union.org\/es\/trabajadores-textiles-de-el-salvador-debaten-sobre-los-desafios-del-sindicalismo\/","name":"Trabajadores textiles de El Salvador debaten sobre los desaf\u00edos del sindicalismo - industriall-union","isPartOf":{"@id":"https:\/\/admin.industriall-union.org\/#website"},"datePublished":"2022-11-14T15:28:39+00:00","dateModified":"2025-01-27T23:34:59+00:00","description":"El secretario regional de IndustriALL Global Union para Am\u00e9rica Latina y el Caribe, Marino Vani, se reuni\u00f3 con la Federaci\u00f3n de asociaciones y sindicatos","breadcrumb":{"@id":"https:\/\/admin.industriall-union.org\/es\/trabajadores-textiles-de-el-salvador-debaten-sobre-los-desafios-del-sindicalismo\/#breadcrumb"},"inLanguage":"es-ES","potentialAction":[{"@type":"ReadAction","target":["https:\/\/admin.industriall-union.org\/es\/trabajadores-textiles-de-el-salvador-debaten-sobre-los-desafios-del-sindicalismo\/"]}]},{"@type":"BreadcrumbList","@id":"https:\/\/admin.industriall-union.org\/es\/trabajadores-textiles-de-el-salvador-debaten-sobre-los-desafios-del-sindicalismo\/#breadcrumb","itemListElement":[{"@type":"ListItem","position":1,"name":"Home","item":"https:\/\/admin.industriall-union.org\/"},{"@type":"ListItem","position":2,"name":"Articles","item":"https:\/\/admin.industriall-union.org\/article\/"},{"@type":"ListItem","position":3,"name":"Trabajadores textiles de El Salvador debaten sobre los desaf\u00edos del sindicalismo"}]},{"@type":"WebSite","@id":"https:\/\/admin.industriall-union.org\/#website","url":"https:\/\/admin.industriall-union.org\/","name":"industriall-union","description":"","potentialAction":[{"@type":"SearchAction","target":{"@type":"EntryPoint","urlTemplate":"https:\/\/admin.industriall-union.org\/?s={search_term_string}"},"query-input":{"@type":"PropertyValueSpecification","valueRequired":true,"valueName":"search_term_string"}}],"inLanguage":"es-ES"}]}},"_links":{"self":[{"href":"https:\/\/admin.industriall-union.org\/es\/wp-json\/wp\/v2\/article\/153822","targetHints":{"allow":["GET"]}}],"collection":[{"href":"https:\/\/admin.industriall-union.org\/es\/wp-json\/wp\/v2\/article"}],"about":[{"href":"https:\/\/admin.industriall-union.org\/es\/wp-json\/wp\/v2\/types\/article"}],"wp:attachment":[{"href":"https:\/\/admin.industriall-union.org\/es\/wp-json\/wp\/v2\/media?parent=153822"}],"wp:term":[{"taxonomy":"issues","embeddable":true,"href":"https:\/\/admin.industriall-union.org\/es\/wp-json\/wp\/v2\/issues?post=153822"},{"taxonomy":"companies","embeddable":true,"href":"https:\/\/admin.industriall-union.org\/es\/wp-json\/wp\/v2\/companies?post=153822"},{"taxonomy":"regions","embeddable":true,"href":"https:\/\/admin.industriall-union.org\/es\/wp-json\/wp\/v2\/regions?post=153822"},{"taxonomy":"sectors","embeddable":true,"href":"https:\/\/admin.industriall-union.org\/es\/wp-json\/wp\/v2\/sectors?post=153822"},{"taxonomy":"article_tags","embeddable":true,"href":"https:\/\/admin.industriall-union.org\/es\/wp-json\/wp\/v2\/article_tags?post=153822"}],"curies":[{"name":"wp","href":"https:\/\/api.w.org\/{rel}","templated":true}]}}