{"id":153801,"date":"2022-11-14T17:48:08","date_gmt":"2022-11-14T17:48:08","guid":{"rendered":"https:\/\/admin.industriall-union.org\/sindicatos-latinoamericanos-debaten-una-agenda-politica-para-enfrentar-la-desindustrializacion\/"},"modified":"2025-01-27T23:34:58","modified_gmt":"2025-01-27T23:34:58","slug":"sindicatos-latinoamericanos-debaten-una-agenda-politica-para-enfrentar-la-desindustrializacion","status":"publish","type":"article","link":"https:\/\/admin.industriall-union.org\/es\/sindicatos-latinoamericanos-debaten-una-agenda-politica-para-enfrentar-la-desindustrializacion\/","title":{"rendered":"Sindicatos latinoamericanos debaten una agenda pol\u00edtica para enfrentar la desindustrializaci\u00f3n"},"content":{"rendered":"<p>Tras los seminarios regionales sobre pol\u00edtica industrial efectuados en <a href=\"https:\/\/www.industriall-union.org\/es\/sindicatos-latinoamericanos-reflexionan-sobre-una-politica-industrial\" target=\"_self\">abril<\/a> y en <a href=\"https:\/\/www.industriall-union.org\/es\/trabajadores-de-latinoamerica-debaten-sobre-politica-industrial\" target=\"_self\">julio<\/a> de este a\u00f1o, los sindicatos afiliados a IndustriALL en Am\u00e9rica Latina y el Caribe se encontraron nuevamente el 10 de noviembre. El objetivo en esta oportunidad fue analizar los desaf\u00edos para la reindustrializaci\u00f3n de la regi\u00f3n. Adem\u00e1s, buscaron debatir las prioridades del movimiento sindical para impulsar pol\u00edticas orientadas a la construcci\u00f3n de una industria regional sostenible.<\/p><p>Los participantes escucharon al expositor, Andr\u00e9s Pen\u0303aloza, quien es doctor en econom\u00eda de la Universidad nacional aut\u00f3noma de M\u00e9xico (UNAM). Pe\u00f1aloza disert\u00f3 acerca el rumbo de M\u00e9xico hacia una pol\u00edtica industrial y brind\u00f3 sus perspectivas para la construcci\u00f3n de una industria sostenible.<\/p><p>Destac\u00f3 que el gobierno de Andr\u00e9s Manuel L\u00f3pez Obrador hizo un primer planteo de una pol\u00edtica industrial en septiembre de este a\u00f1o. Busca que el estado recupere muchas de las \u00e1reas estrat\u00e9gicas del sector energ\u00e9tico y petrolero. Para ello, anunci\u00f3 que van a construir una planta de refinaci\u00f3n en el sureste mexicano.<\/p><p>A su vez, el economista explic\u00f3 que la pol\u00edtica industrial del pa\u00eds est\u00e1 compuesta por 4 ejes transversales:<\/p><ol><li>innovaci\u00f3n y tendencias tecnol\u00f3gicas-cient\u00edficas<\/li><li>formaci\u00f3n de capital humano para nuevas tendencias (fundamental para la agenda sindical, que la clase trabajadora est\u00e9 actualizada en el manejo de innovaciones y tecnolog\u00eda)<\/li><li>Promoci\u00f3n de contenido regional y encadenamiento para Pymes<\/li><li>Industrias sostenibles y sustentables<\/li><\/ol><p>Asegur\u00f3 que, para que una pol\u00edtica industrial sea sostenible y sustentable, necesariamente debe incluir la agenda laboral de sindicatos representativos, la cual tambi\u00e9n propone la mejor\u00eda del poder adquisitivo.<\/p><p>En tanto, la doctora en desarrollo econ\u00f3mico por la Universidad estatal de Campinas de Brasil (UNICAMP), Juliane Furno, brind\u00f3 un an\u00e1lisis sobre el posible desarrollo de la industria Latinoamericana.<\/p><p>Explic\u00f3 que Am\u00e9rica Latina no tiene c\u00f3mo tener competitividad internacional basada en los empleos precarios con bajos salarios. Dicha forma de competencia ocasiona problemas para los pa\u00edses. Por ello, se\u00f1al\u00f3 que el foco de los pa\u00edses latinoamericanos tiene ser una pol\u00edtica industrial basada en el incremento tecnol\u00f3gico.<\/p><p>Por su parte, el secretario del exterior del Sindicato mexicano de electricistas (SME), Jos\u00e9 Humberto Montes de Oca, fue el encargado de profundizar sobre cu\u00e1l debe ser la agenda y prioridades del movimiento sindical para la construcci\u00f3n y disputa de pol\u00edticas p\u00fablicas orientadas a incentivar una industria sostenible en Am\u00e9rica Latina. Dijo que la agenda del movimiento sindical debe plantear una articulaci\u00f3n con el movimiento social.<\/p><p>Montes de Oca consider\u00f3 que los cambios que pueden procurar mejores condiciones de trabajo y vida tienen que ver con la posibilidad de que ambos puedan trabajar en una plataforma com\u00fan donde se integren las demandas de los trabajadores. Reforz\u00f3 que los sindicatos deben luchar en defensa de los derechos sociales, las libertades democr\u00e1ticas y por sindicatos representativos.<\/p><p>Finalmente, el secretario regional de IndustriALL, Marino Vani, concluy\u00f3:<\/p><blockquote><p>&ldquo;La desindustrializaci\u00f3n est\u00e1 en crecimiento en nuestra regi\u00f3n. Tenemos que construir una transici\u00f3n justa que nos permita reducir la desigualdad e impulsar pol\u00edticas industriales tanto nacionales como regionales. Resulta fundamental articularnos con los estados, gobiernos y empresarios para poder defender una industria regional menos dependiente del norte y de los intereses de la regi\u00f3n.&rdquo;<\/p><\/blockquote>","protected":false},"featured_media":0,"template":"","issues":[360,422,392],"companies":[],"regions":[254],"sectors":[],"article_tags":[511,513],"class_list":["post-153801","article","type-article","status-publish","hentry","issues-cambio-climatico-transicion-justa","issues-human-trade-union-rights","issues-sustainable-industrial-policy","regions-latin-america-and-the-caribbean","article_tags-industriall","article_tags-labour-laws"],"acf":[],"yoast_head":"<!-- This site is optimized with the Yoast SEO Premium plugin v27.1 (Yoast SEO v27.1) - https:\/\/yoast.com\/product\/yoast-seo-premium-wordpress\/ -->\n<title>Sindicatos latinoamericanos debaten una agenda pol\u00edtica para enfrentar la desindustrializaci\u00f3n - industriall-union<\/title>\n<meta name=\"description\" content=\"Tras los seminarios regionales sobre pol\u00edtica industrial efectuados en abril y en julio de este a\u00f1o, los sindicatos afiliados a IndustriALL en Am\u00e9rica\" \/>\n<meta name=\"robots\" content=\"index, follow, max-snippet:-1, max-image-preview:large, max-video-preview:-1\" \/>\n<link rel=\"canonical\" href=\"https:\/\/admin.industriall-union.org\/es\/sindicatos-latinoamericanos-debaten-una-agenda-politica-para-enfrentar-la-desindustrializacion\/\" \/>\n<meta property=\"og:locale\" content=\"es_ES\" \/>\n<meta property=\"og:type\" content=\"article\" \/>\n<meta property=\"og:title\" content=\"Sindicatos latinoamericanos debaten una agenda pol\u00edtica para enfrentar la desindustrializaci\u00f3n\" \/>\n<meta property=\"og:description\" content=\"Tras los seminarios regionales sobre pol\u00edtica industrial efectuados en abril y en julio de este a\u00f1o, los sindicatos afiliados a IndustriALL en Am\u00e9rica\" \/>\n<meta property=\"og:url\" content=\"https:\/\/admin.industriall-union.org\/es\/sindicatos-latinoamericanos-debaten-una-agenda-politica-para-enfrentar-la-desindustrializacion\/\" \/>\n<meta property=\"og:site_name\" content=\"industriall-union\" \/>\n<meta property=\"article:modified_time\" content=\"2025-01-27T23:34:58+00:00\" \/>\n<meta name=\"twitter:card\" content=\"summary_large_image\" \/>\n<meta name=\"twitter:label1\" content=\"Est. reading time\" \/>\n\t<meta name=\"twitter:data1\" content=\"3 minutes\" \/>\n<script type=\"application\/ld+json\" class=\"yoast-schema-graph\">{\"@context\":\"https:\/\/schema.org\",\"@graph\":[{\"@type\":\"WebPage\",\"@id\":\"https:\/\/admin.industriall-union.org\/es\/sindicatos-latinoamericanos-debaten-una-agenda-politica-para-enfrentar-la-desindustrializacion\/\",\"url\":\"https:\/\/admin.industriall-union.org\/es\/sindicatos-latinoamericanos-debaten-una-agenda-politica-para-enfrentar-la-desindustrializacion\/\",\"name\":\"Sindicatos latinoamericanos debaten una agenda pol\u00edtica para enfrentar la desindustrializaci\u00f3n - industriall-union\",\"isPartOf\":{\"@id\":\"https:\/\/admin.industriall-union.org\/#website\"},\"datePublished\":\"2022-11-14T17:48:08+00:00\",\"dateModified\":\"2025-01-27T23:34:58+00:00\",\"description\":\"Tras los seminarios regionales sobre pol\u00edtica industrial efectuados en abril y en julio de este a\u00f1o, los sindicatos afiliados a IndustriALL en Am\u00e9rica\",\"breadcrumb\":{\"@id\":\"https:\/\/admin.industriall-union.org\/es\/sindicatos-latinoamericanos-debaten-una-agenda-politica-para-enfrentar-la-desindustrializacion\/#breadcrumb\"},\"inLanguage\":\"es-ES\",\"potentialAction\":[{\"@type\":\"ReadAction\",\"target\":[\"https:\/\/admin.industriall-union.org\/es\/sindicatos-latinoamericanos-debaten-una-agenda-politica-para-enfrentar-la-desindustrializacion\/\"]}]},{\"@type\":\"BreadcrumbList\",\"@id\":\"https:\/\/admin.industriall-union.org\/es\/sindicatos-latinoamericanos-debaten-una-agenda-politica-para-enfrentar-la-desindustrializacion\/#breadcrumb\",\"itemListElement\":[{\"@type\":\"ListItem\",\"position\":1,\"name\":\"Home\",\"item\":\"https:\/\/admin.industriall-union.org\/\"},{\"@type\":\"ListItem\",\"position\":2,\"name\":\"Articles\",\"item\":\"https:\/\/admin.industriall-union.org\/article\/\"},{\"@type\":\"ListItem\",\"position\":3,\"name\":\"Sindicatos latinoamericanos debaten una agenda pol\u00edtica para enfrentar la desindustrializaci\u00f3n\"}]},{\"@type\":\"WebSite\",\"@id\":\"https:\/\/admin.industriall-union.org\/#website\",\"url\":\"https:\/\/admin.industriall-union.org\/\",\"name\":\"industriall-union\",\"description\":\"\",\"potentialAction\":[{\"@type\":\"SearchAction\",\"target\":{\"@type\":\"EntryPoint\",\"urlTemplate\":\"https:\/\/admin.industriall-union.org\/?s={search_term_string}\"},\"query-input\":{\"@type\":\"PropertyValueSpecification\",\"valueRequired\":true,\"valueName\":\"search_term_string\"}}],\"inLanguage\":\"es-ES\"}]}<\/script>\n<!-- \/ Yoast SEO Premium plugin. -->","yoast_head_json":{"title":"Sindicatos latinoamericanos debaten una agenda pol\u00edtica para enfrentar la desindustrializaci\u00f3n - industriall-union","description":"Tras los seminarios regionales sobre pol\u00edtica industrial efectuados en abril y en julio de este a\u00f1o, los sindicatos afiliados a IndustriALL en Am\u00e9rica","robots":{"index":"index","follow":"follow","max-snippet":"max-snippet:-1","max-image-preview":"max-image-preview:large","max-video-preview":"max-video-preview:-1"},"canonical":"https:\/\/admin.industriall-union.org\/es\/sindicatos-latinoamericanos-debaten-una-agenda-politica-para-enfrentar-la-desindustrializacion\/","og_locale":"es_ES","og_type":"article","og_title":"Sindicatos latinoamericanos debaten una agenda pol\u00edtica para enfrentar la desindustrializaci\u00f3n","og_description":"Tras los seminarios regionales sobre pol\u00edtica industrial efectuados en abril y en julio de este a\u00f1o, los sindicatos afiliados a IndustriALL en Am\u00e9rica","og_url":"https:\/\/admin.industriall-union.org\/es\/sindicatos-latinoamericanos-debaten-una-agenda-politica-para-enfrentar-la-desindustrializacion\/","og_site_name":"industriall-union","article_modified_time":"2025-01-27T23:34:58+00:00","twitter_card":"summary_large_image","twitter_misc":{"Est. reading time":"3 minutes"},"schema":{"@context":"https:\/\/schema.org","@graph":[{"@type":"WebPage","@id":"https:\/\/admin.industriall-union.org\/es\/sindicatos-latinoamericanos-debaten-una-agenda-politica-para-enfrentar-la-desindustrializacion\/","url":"https:\/\/admin.industriall-union.org\/es\/sindicatos-latinoamericanos-debaten-una-agenda-politica-para-enfrentar-la-desindustrializacion\/","name":"Sindicatos latinoamericanos debaten una agenda pol\u00edtica para enfrentar la desindustrializaci\u00f3n - industriall-union","isPartOf":{"@id":"https:\/\/admin.industriall-union.org\/#website"},"datePublished":"2022-11-14T17:48:08+00:00","dateModified":"2025-01-27T23:34:58+00:00","description":"Tras los seminarios regionales sobre pol\u00edtica industrial efectuados en abril y en julio de este a\u00f1o, los sindicatos afiliados a IndustriALL en Am\u00e9rica","breadcrumb":{"@id":"https:\/\/admin.industriall-union.org\/es\/sindicatos-latinoamericanos-debaten-una-agenda-politica-para-enfrentar-la-desindustrializacion\/#breadcrumb"},"inLanguage":"es-ES","potentialAction":[{"@type":"ReadAction","target":["https:\/\/admin.industriall-union.org\/es\/sindicatos-latinoamericanos-debaten-una-agenda-politica-para-enfrentar-la-desindustrializacion\/"]}]},{"@type":"BreadcrumbList","@id":"https:\/\/admin.industriall-union.org\/es\/sindicatos-latinoamericanos-debaten-una-agenda-politica-para-enfrentar-la-desindustrializacion\/#breadcrumb","itemListElement":[{"@type":"ListItem","position":1,"name":"Home","item":"https:\/\/admin.industriall-union.org\/"},{"@type":"ListItem","position":2,"name":"Articles","item":"https:\/\/admin.industriall-union.org\/article\/"},{"@type":"ListItem","position":3,"name":"Sindicatos latinoamericanos debaten una agenda pol\u00edtica para enfrentar la desindustrializaci\u00f3n"}]},{"@type":"WebSite","@id":"https:\/\/admin.industriall-union.org\/#website","url":"https:\/\/admin.industriall-union.org\/","name":"industriall-union","description":"","potentialAction":[{"@type":"SearchAction","target":{"@type":"EntryPoint","urlTemplate":"https:\/\/admin.industriall-union.org\/?s={search_term_string}"},"query-input":{"@type":"PropertyValueSpecification","valueRequired":true,"valueName":"search_term_string"}}],"inLanguage":"es-ES"}]}},"_links":{"self":[{"href":"https:\/\/admin.industriall-union.org\/es\/wp-json\/wp\/v2\/article\/153801","targetHints":{"allow":["GET"]}}],"collection":[{"href":"https:\/\/admin.industriall-union.org\/es\/wp-json\/wp\/v2\/article"}],"about":[{"href":"https:\/\/admin.industriall-union.org\/es\/wp-json\/wp\/v2\/types\/article"}],"wp:attachment":[{"href":"https:\/\/admin.industriall-union.org\/es\/wp-json\/wp\/v2\/media?parent=153801"}],"wp:term":[{"taxonomy":"issues","embeddable":true,"href":"https:\/\/admin.industriall-union.org\/es\/wp-json\/wp\/v2\/issues?post=153801"},{"taxonomy":"companies","embeddable":true,"href":"https:\/\/admin.industriall-union.org\/es\/wp-json\/wp\/v2\/companies?post=153801"},{"taxonomy":"regions","embeddable":true,"href":"https:\/\/admin.industriall-union.org\/es\/wp-json\/wp\/v2\/regions?post=153801"},{"taxonomy":"sectors","embeddable":true,"href":"https:\/\/admin.industriall-union.org\/es\/wp-json\/wp\/v2\/sectors?post=153801"},{"taxonomy":"article_tags","embeddable":true,"href":"https:\/\/admin.industriall-union.org\/es\/wp-json\/wp\/v2\/article_tags?post=153801"}],"curies":[{"name":"wp","href":"https:\/\/api.w.org\/{rel}","templated":true}]}}