{"id":153783,"date":"2022-11-17T16:13:23","date_gmt":"2022-11-17T16:13:23","guid":{"rendered":"https:\/\/admin.industriall-union.org\/no-hay-acuerdo-a-la-vista-y-las-negociaciones-de-la-cop27-ya-entran-en-la-recta-final\/"},"modified":"2025-01-27T23:27:46","modified_gmt":"2025-01-27T23:27:46","slug":"no-hay-acuerdo-a-la-vista-y-las-negociaciones-de-la-cop27-ya-entran-en-la-recta-final","status":"publish","type":"article","link":"https:\/\/admin.industriall-union.org\/es\/no-hay-acuerdo-a-la-vista-y-las-negociaciones-de-la-cop27-ya-entran-en-la-recta-final\/","title":{"rendered":"No hay acuerdo a la vista y las negociaciones de la COP27 ya entran en la recta final"},"content":{"rendered":"<p>En el momento de redactar el presente informe, se hab\u00eda publicado la<a href=\"\/wp-content\/resource\/Presidency%20non-paper2%20on%20cover%20decisions.pdf\"> primera versi\u00f3n de las decisiones principales <\/a>&mdash;el esquema general de una declaraci\u00f3n pol\u00edtica&mdash;, con muchos puntos a\u00fan pendientes indicados por la expresi\u00f3n &ldquo;espacio a completar&rdquo;.<\/p><p>La COP26, celebrada en Glasgow el a\u00f1o pasado, fue el escenario de una serie de anuncios de gran importancia: la <a href=\"https:\/\/www.industriall-union.org\/just-transition-declaration-adopted-at-cop26\">Declaraci\u00f3n sobre la Transici\u00f3n Justa<\/a>, la primera<a href=\"https:\/\/www.industriall-union.org\/unions-uneasy-over-south-african-just-transition-finance-deal-announced-at-cop26\"> Asociaci\u00f3n para una Transici\u00f3n Energ\u00e9tica Justa <\/a>(JETP), y el<a href=\"https:\/\/www.industriall-union.org\/cop26-concludes-with-half-hearted-glasgow-climate-pact\"> Pacto Clim\u00e1tico de Glasgow<\/a>, que instaba a los pa\u00edses a presentar objetivos mejorados dentro de los siguientes doce meses.<\/p><p>Anunciada como la COP de la implementaci\u00f3n, la COP27 ha generado menos anuncios impresionantes y se ha centrado en precisar los detalles de los compromisos anteriores. Los principales \u00e1mbitos de negociaci\u00f3n han sido los siguientes:<\/p><ul><li>Mitigaci\u00f3n: reducir las emisiones de gases de efecto invernadero para limitar el calentamiento a 1,5 grados.<\/li><li>Adaptaci\u00f3n: adaptaci\u00f3n al cambio clim\u00e1tico, por ejemplo, mediante el financiamiento de la defensa contra inundaciones.<\/li><li>Finanzas: financiaci\u00f3n de la transici\u00f3n a cero emisiones netas.<\/li><li>P\u00e9rdidas y da\u00f1os: indemnizar a los pa\u00edses y comunidades por las p\u00e9rdidas ocasionadas por eventos clim\u00e1ticos.<\/li><\/ul><p>Para la mayor\u00eda de estas medidas se ha registrado un avance muy poco significativo. A nivel mundial, necesitamos reducir las emisiones en un 45&nbsp;% para 2030. Actualmente, estamos en camino de aumentarlas en un 10&nbsp;% y, en 2022,<a href=\"https:\/\/www.theguardian.com\/environment\/2022\/nov\/10\/carbon-emissions-from-fossil-fuels-will-hit-record-high-in-2022-climate-crisis\"> alcanzaron un r\u00e9cord absoluto<\/a>. En cuanto a la financiaci\u00f3n, los 100 mil millones de d\u00f3lares anuales a los que se comprometieron los pa\u00edses desarrollados, insuficientes desde el primer momento, no se han brindado en su totalidad, y gran parte de la financiaci\u00f3n disponible se ha otorgado en forma de pr\u00e9stamos.<\/p><p>Tampoco hay un acuerdo respecto a las p\u00e9rdidas y da\u00f1os, y el enviado especial presidencial para el Clima de Estados Unidos, John Kerry, anunci\u00f3 que el pa\u00eds &mdash;causante del 40&nbsp;% de las emisiones&mdash; <a href=\"https:\/\/www.eenews.net\/articles\/u-s-isolated-on-loss-and-damage\/\">no aceptar\u00e1 responsabilidad alguna<\/a>.<\/p><p>A diferencia de la COP26, que se caracteriz\u00f3 por una participaci\u00f3n en\u00e9rgica de la sociedad civil (que form\u00f3 una COP alternativa fuera de la zona verde), la COP27 se ha desarrollado en un contexto de represi\u00f3n, con muchos activistas clim\u00e1ticos egipcios <a href=\"https:\/\/www.hrw.org\/news\/2022\/11\/16\/egypt-detentions-repression-follow-protest-calls\">encarcelados<\/a> y sin poder participar, y delegaciones espiadas por funcionarios de seguridad. Los sindicatos han tenido que velar por la seguridad de las reuniones.<\/p><p>Fuera de las sesiones plenarias donde se han llevado a cabo las negociaciones, los sindicatos se centraron en presionar a las delegaciones de sus respectivos pa\u00edses para que incluyeran t\u00e9rminos a favor de los trabajadores en los textos, as\u00ed como en garantizar su implementaci\u00f3n pr\u00e1ctica. Un hecho que suscita especial preocupaci\u00f3n es que el t\u00e9rmino &ldquo;Transici\u00f3n Justa&rdquo; hab\u00eda sido utilizado por muchos actores, entre ellos empresas y pa\u00edses, para hacer referencia a una compensaci\u00f3n que les corresponder\u00eda recibir por la descarbonizaci\u00f3n.<\/p><p>Los activistas sindicales intervinieron en muchas sesiones para insistir en el empleo adecuado del t\u00e9rmino, seg\u00fan la<a href=\"https:\/\/www.industriall-union.org\/what-we-do\/just-transition\"> definici\u00f3n correcta de la Transici\u00f3n Justa <\/a>como una transici\u00f3n lograda a trav\u00e9s del di\u00e1logo social con los sindicatos. La directora de IndustriALL Global Union para el sector de energ\u00eda y Transici\u00f3n Justa, Diana Junquera Curiel, habl\u00f3 en una serie de paneles para reforzar este planteo.<\/p><p>En un <a href=\"https:\/\/www.german-climate-pavilion.de\/live-programm\/just-transition-on-the-ground-concrete-examples-of-how-to-shape-the-transition\">panel con Revierwende y la confederaci\u00f3n sindical alemana DGB<\/a>, Junquera present\u00f3 la idea de acuerdos globales sobre Transici\u00f3n Justa con empresas, supervisados por la ONU. Tambi\u00e9n habl\u00f3 en un panel con la<a href=\"https:\/\/www.irena.org\/events\/2022\/Nov\/IRENA-at-COP27\"> Agencia Internacional de Energ\u00edas Renovables <\/a>(IRENA) acerca del potencial de crecimiento del empleo en las energ\u00edas renovables.<\/p><p><\/p><p>Los sindicatos tambi\u00e9n siguieron de cerca los progresos de la Asociaci\u00f3n para una Transici\u00f3n Energ\u00e9tica Justa (JETP) sudafricana. La primera fase de este proyecto est\u00e1 en marcha e implica el cierre de la central el\u00e9ctrica de Komati y su sustituci\u00f3n por energ\u00edas renovables en el mismo lugar, sin p\u00e9rdida de puestos de trabajo. El proyecto tiene como objetivo reducir significativamente las emisiones de Sud\u00e1frica y financiar el cambio del carb\u00f3n a las energ\u00edas renovables. Existe un marco de Transici\u00f3n Justa e IndustriALL supervisar\u00e1 muy de cerca su implementaci\u00f3n.<\/p><p>Esta semana, se firm\u00f3 una JETP de USD 20 mil millones con Indonesia en la G20 que tuvo lugar en Bali.<\/p><p>Diana Junquera Curiel expres\u00f3:<\/p><blockquote><p>&ldquo;Vamos a estar observando muy de cerca la implementaci\u00f3n de estas JETP, particularmente el primer ejemplo que est\u00e1 en marcha, en Komati en Sud\u00e1frica. Si el proyecto tiene \u00e9xito y se logra una transici\u00f3n genuinamente justa para todos los trabajadores de la cadena de valor, este proporcionar\u00e1 un camino hacia la financiaci\u00f3n clim\u00e1tica que se emular\u00e1 en todo el mundo. Si falla, se destrozar\u00e1 la confianza y estaremos m\u00e1s lejos que nunca de nuestros objetivos&rdquo;.<\/p><p>Nuestro objetivo es reunir a nuestros afiliados indonesios y sudafricanos con el fin de compartir experiencias y estrategias para garantizar que los trabajadores no queden relegados&rdquo;.<\/p><\/blockquote>","protected":false},"featured_media":0,"template":"","issues":[393,361,425],"companies":[],"regions":[291],"sectors":[],"article_tags":[],"class_list":["post-153783","article","type-article","status-publish","hentry","issues-climate-change-just-transition","issues-cop","issues-workers-rights","regions-egypt"],"acf":[],"yoast_head":"<!-- This site is optimized with the Yoast SEO Premium plugin v27.1 (Yoast SEO v27.1) - https:\/\/yoast.com\/product\/yoast-seo-premium-wordpress\/ -->\n<title>No hay acuerdo a la vista y las negociaciones de la COP27 ya entran en la recta final - industriall-union<\/title>\n<meta name=\"description\" content=\"En el momento de redactar el presente informe, se hab\u00eda publicado la primera versi\u00f3n de las decisiones principales &mdash;el esquema general de una\" \/>\n<meta name=\"robots\" content=\"index, follow, max-snippet:-1, max-image-preview:large, max-video-preview:-1\" \/>\n<link rel=\"canonical\" href=\"https:\/\/admin.industriall-union.org\/es\/no-hay-acuerdo-a-la-vista-y-las-negociaciones-de-la-cop27-ya-entran-en-la-recta-final\/\" \/>\n<meta property=\"og:locale\" content=\"es_ES\" \/>\n<meta property=\"og:type\" content=\"article\" \/>\n<meta property=\"og:title\" content=\"No hay acuerdo a la vista y las negociaciones de la COP27 ya entran en la recta final\" \/>\n<meta property=\"og:description\" content=\"En el momento de redactar el presente informe, se hab\u00eda publicado la primera versi\u00f3n de las decisiones principales &mdash;el esquema general de una\" \/>\n<meta property=\"og:url\" content=\"https:\/\/admin.industriall-union.org\/es\/no-hay-acuerdo-a-la-vista-y-las-negociaciones-de-la-cop27-ya-entran-en-la-recta-final\/\" \/>\n<meta property=\"og:site_name\" content=\"industriall-union\" \/>\n<meta property=\"article:modified_time\" content=\"2025-01-27T23:27:46+00:00\" \/>\n<meta name=\"twitter:card\" content=\"summary_large_image\" \/>\n<meta name=\"twitter:label1\" content=\"Est. reading time\" \/>\n\t<meta name=\"twitter:data1\" content=\"4 minutes\" \/>\n<script type=\"application\/ld+json\" class=\"yoast-schema-graph\">{\"@context\":\"https:\/\/schema.org\",\"@graph\":[{\"@type\":\"WebPage\",\"@id\":\"https:\/\/admin.industriall-union.org\/es\/no-hay-acuerdo-a-la-vista-y-las-negociaciones-de-la-cop27-ya-entran-en-la-recta-final\/\",\"url\":\"https:\/\/admin.industriall-union.org\/es\/no-hay-acuerdo-a-la-vista-y-las-negociaciones-de-la-cop27-ya-entran-en-la-recta-final\/\",\"name\":\"No hay acuerdo a la vista y las negociaciones de la COP27 ya entran en la recta final - industriall-union\",\"isPartOf\":{\"@id\":\"https:\/\/admin.industriall-union.org\/#website\"},\"datePublished\":\"2022-11-17T16:13:23+00:00\",\"dateModified\":\"2025-01-27T23:27:46+00:00\",\"description\":\"En el momento de redactar el presente informe, se hab\u00eda publicado la primera versi\u00f3n de las decisiones principales &mdash;el esquema general de una\",\"breadcrumb\":{\"@id\":\"https:\/\/admin.industriall-union.org\/es\/no-hay-acuerdo-a-la-vista-y-las-negociaciones-de-la-cop27-ya-entran-en-la-recta-final\/#breadcrumb\"},\"inLanguage\":\"es-ES\",\"potentialAction\":[{\"@type\":\"ReadAction\",\"target\":[\"https:\/\/admin.industriall-union.org\/es\/no-hay-acuerdo-a-la-vista-y-las-negociaciones-de-la-cop27-ya-entran-en-la-recta-final\/\"]}]},{\"@type\":\"BreadcrumbList\",\"@id\":\"https:\/\/admin.industriall-union.org\/es\/no-hay-acuerdo-a-la-vista-y-las-negociaciones-de-la-cop27-ya-entran-en-la-recta-final\/#breadcrumb\",\"itemListElement\":[{\"@type\":\"ListItem\",\"position\":1,\"name\":\"Home\",\"item\":\"https:\/\/admin.industriall-union.org\/\"},{\"@type\":\"ListItem\",\"position\":2,\"name\":\"Articles\",\"item\":\"https:\/\/admin.industriall-union.org\/article\/\"},{\"@type\":\"ListItem\",\"position\":3,\"name\":\"No hay acuerdo a la vista y las negociaciones de la COP27 ya entran en la recta final\"}]},{\"@type\":\"WebSite\",\"@id\":\"https:\/\/admin.industriall-union.org\/#website\",\"url\":\"https:\/\/admin.industriall-union.org\/\",\"name\":\"industriall-union\",\"description\":\"\",\"potentialAction\":[{\"@type\":\"SearchAction\",\"target\":{\"@type\":\"EntryPoint\",\"urlTemplate\":\"https:\/\/admin.industriall-union.org\/?s={search_term_string}\"},\"query-input\":{\"@type\":\"PropertyValueSpecification\",\"valueRequired\":true,\"valueName\":\"search_term_string\"}}],\"inLanguage\":\"es-ES\"}]}<\/script>\n<!-- \/ Yoast SEO Premium plugin. -->","yoast_head_json":{"title":"No hay acuerdo a la vista y las negociaciones de la COP27 ya entran en la recta final - industriall-union","description":"En el momento de redactar el presente informe, se hab\u00eda publicado la primera versi\u00f3n de las decisiones principales &mdash;el esquema general de una","robots":{"index":"index","follow":"follow","max-snippet":"max-snippet:-1","max-image-preview":"max-image-preview:large","max-video-preview":"max-video-preview:-1"},"canonical":"https:\/\/admin.industriall-union.org\/es\/no-hay-acuerdo-a-la-vista-y-las-negociaciones-de-la-cop27-ya-entran-en-la-recta-final\/","og_locale":"es_ES","og_type":"article","og_title":"No hay acuerdo a la vista y las negociaciones de la COP27 ya entran en la recta final","og_description":"En el momento de redactar el presente informe, se hab\u00eda publicado la primera versi\u00f3n de las decisiones principales &mdash;el esquema general de una","og_url":"https:\/\/admin.industriall-union.org\/es\/no-hay-acuerdo-a-la-vista-y-las-negociaciones-de-la-cop27-ya-entran-en-la-recta-final\/","og_site_name":"industriall-union","article_modified_time":"2025-01-27T23:27:46+00:00","twitter_card":"summary_large_image","twitter_misc":{"Est. reading time":"4 minutes"},"schema":{"@context":"https:\/\/schema.org","@graph":[{"@type":"WebPage","@id":"https:\/\/admin.industriall-union.org\/es\/no-hay-acuerdo-a-la-vista-y-las-negociaciones-de-la-cop27-ya-entran-en-la-recta-final\/","url":"https:\/\/admin.industriall-union.org\/es\/no-hay-acuerdo-a-la-vista-y-las-negociaciones-de-la-cop27-ya-entran-en-la-recta-final\/","name":"No hay acuerdo a la vista y las negociaciones de la COP27 ya entran en la recta final - industriall-union","isPartOf":{"@id":"https:\/\/admin.industriall-union.org\/#website"},"datePublished":"2022-11-17T16:13:23+00:00","dateModified":"2025-01-27T23:27:46+00:00","description":"En el momento de redactar el presente informe, se hab\u00eda publicado la primera versi\u00f3n de las decisiones principales &mdash;el esquema general de una","breadcrumb":{"@id":"https:\/\/admin.industriall-union.org\/es\/no-hay-acuerdo-a-la-vista-y-las-negociaciones-de-la-cop27-ya-entran-en-la-recta-final\/#breadcrumb"},"inLanguage":"es-ES","potentialAction":[{"@type":"ReadAction","target":["https:\/\/admin.industriall-union.org\/es\/no-hay-acuerdo-a-la-vista-y-las-negociaciones-de-la-cop27-ya-entran-en-la-recta-final\/"]}]},{"@type":"BreadcrumbList","@id":"https:\/\/admin.industriall-union.org\/es\/no-hay-acuerdo-a-la-vista-y-las-negociaciones-de-la-cop27-ya-entran-en-la-recta-final\/#breadcrumb","itemListElement":[{"@type":"ListItem","position":1,"name":"Home","item":"https:\/\/admin.industriall-union.org\/"},{"@type":"ListItem","position":2,"name":"Articles","item":"https:\/\/admin.industriall-union.org\/article\/"},{"@type":"ListItem","position":3,"name":"No hay acuerdo a la vista y las negociaciones de la COP27 ya entran en la recta final"}]},{"@type":"WebSite","@id":"https:\/\/admin.industriall-union.org\/#website","url":"https:\/\/admin.industriall-union.org\/","name":"industriall-union","description":"","potentialAction":[{"@type":"SearchAction","target":{"@type":"EntryPoint","urlTemplate":"https:\/\/admin.industriall-union.org\/?s={search_term_string}"},"query-input":{"@type":"PropertyValueSpecification","valueRequired":true,"valueName":"search_term_string"}}],"inLanguage":"es-ES"}]}},"_links":{"self":[{"href":"https:\/\/admin.industriall-union.org\/es\/wp-json\/wp\/v2\/article\/153783","targetHints":{"allow":["GET"]}}],"collection":[{"href":"https:\/\/admin.industriall-union.org\/es\/wp-json\/wp\/v2\/article"}],"about":[{"href":"https:\/\/admin.industriall-union.org\/es\/wp-json\/wp\/v2\/types\/article"}],"wp:attachment":[{"href":"https:\/\/admin.industriall-union.org\/es\/wp-json\/wp\/v2\/media?parent=153783"}],"wp:term":[{"taxonomy":"issues","embeddable":true,"href":"https:\/\/admin.industriall-union.org\/es\/wp-json\/wp\/v2\/issues?post=153783"},{"taxonomy":"companies","embeddable":true,"href":"https:\/\/admin.industriall-union.org\/es\/wp-json\/wp\/v2\/companies?post=153783"},{"taxonomy":"regions","embeddable":true,"href":"https:\/\/admin.industriall-union.org\/es\/wp-json\/wp\/v2\/regions?post=153783"},{"taxonomy":"sectors","embeddable":true,"href":"https:\/\/admin.industriall-union.org\/es\/wp-json\/wp\/v2\/sectors?post=153783"},{"taxonomy":"article_tags","embeddable":true,"href":"https:\/\/admin.industriall-union.org\/es\/wp-json\/wp\/v2\/article_tags?post=153783"}],"curies":[{"name":"wp","href":"https:\/\/api.w.org\/{rel}","templated":true}]}}