{"id":153663,"date":"2022-12-06T19:54:49","date_gmt":"2022-12-06T19:54:49","guid":{"rendered":"https:\/\/admin.industriall-union.org\/sindicatos-mexicanos-del-sector-de-movilidad-coordinan-sus-acciones-para-el-2023\/"},"modified":"2025-01-27T23:13:38","modified_gmt":"2025-01-27T23:13:38","slug":"sindicatos-mexicanos-del-sector-de-movilidad-coordinan-sus-acciones-para-el-2023","status":"publish","type":"article","link":"https:\/\/admin.industriall-union.org\/es\/sindicatos-mexicanos-del-sector-de-movilidad-coordinan-sus-acciones-para-el-2023\/","title":{"rendered":"Sindicatos mexicanos del sector de movilidad coordinan sus acciones para el 2023"},"content":{"rendered":"<p>El encuentro inici\u00f3 con una conferencia de prensa donde la FESIIAAAN hizo un pronunciamiento de solidaridad con el Sindicato independiente de trabajadores de Audi en M\u00e9xico (SITAUDI). El sindicato desarrolla un proceso de revisi\u00f3n salarial para conseguir un incremento del 18%.<\/p><p>Luego de la conferencia de prensa, los miembros de la FESSIAAAN y los sindicatos invitados realizaron un balance sobre los procesos m\u00e1s relevantes que acontecieron durante el a\u00f1o. Efectuaron un an\u00e1lisis sobre el escenario en el que se encuentra la industria automotriz, a partir de un reconocimiento del contexto nacional e internacional.<\/p><p>Aseguraron que persiste la escasez de materia prima y la implamentaci\u00f3n de la nueva matriz energ\u00e9tica, la cual impacta en la reconfiguraci\u00f3n del mundo laboral, productivo y econ\u00f3mico.<\/p><p>A su vez, resaltaron las distintas experiencias de los sindicatos en relaci\u00f3n a la implementaci\u00f3n de la reforma laboral del 2019 y el Tratado comercial de M\u00e9xico, Estados Unidos y Canad\u00e1 (T-MEC) para concebir posibilidades concretas dentro de la estructura productiva y la pr\u00e1ctica sindical.<\/p><p>Destacaron que, a pesar de que posibilita la acci\u00f3n pol\u00edtica democr\u00e1tica, plural e independiente, resulta urgente que FESSIAAAN se pronuncie sobre los vac\u00edos, contradicciones, trabas legislativas y culturales que supone para la construcci\u00f3n y el fortalecimiento del sindicalismo democr\u00e1tico.<\/p><p>Finalmente, los participantes presentaron acciones a realizar en un corto y mediano plazo con las cuales buscar\u00e1n incidir en el fortalecimiento del poder sindical, a partir de la eliminaci\u00f3n progresiva de los contratos colectivos patronales. Subrayaron que la acci\u00f3n solidaria es un eje fundamental. Por \u00faltimo, proyectaron y priorizar objetivos coordinados para el Plan de Trabajo 2023.<\/p><p>Por su parte, el secretario regional de IndustriALL Global Union para Am\u00e9rica Latina y el Caribe evalu\u00f3 el seminario y expres\u00f3:&nbsp;<\/p><blockquote><p>&ldquo;FESIIAAAN es resultado de un largo proceso de debate que los sindicatos independientes realizan desde hace a\u00f1os en M\u00e9xico.<\/p><p>Desde IndustriALL y otras organizaciones fraternas acompa\u00f1amos e incentivamos su trabajo coordinado como Federaci\u00f3n, el cual les permitir\u00e1 ganar poder sindical y espacios de participaci\u00f3n en la pol\u00edtica laboral e industrial del pa\u00eds.&rdquo;<\/p><\/blockquote>","protected":false},"featured_media":0,"template":"","issues":[396,420],"companies":[],"regions":[254,275],"sectors":[426,482],"article_tags":[511,513],"class_list":["post-153663","article","type-article","status-publish","hentry","issues-building-strong-unions","issues-solidarity","regions-latin-america-and-the-caribbean","regions-mexico","sectors-aeroespacial","sectors-automotive","article_tags-industriall","article_tags-labour-laws"],"acf":[],"yoast_head":"<!-- This site is optimized with the Yoast SEO Premium plugin v27.1 (Yoast SEO v27.1) - https:\/\/yoast.com\/product\/yoast-seo-premium-wordpress\/ -->\n<title>Sindicatos mexicanos del sector de movilidad coordinan sus acciones para el 2023 - industriall-union<\/title>\n<meta name=\"description\" content=\"El encuentro inici\u00f3 con una conferencia de prensa donde la FESIIAAAN hizo un pronunciamiento de solidaridad con el Sindicato independiente de trabajadores\" \/>\n<meta name=\"robots\" content=\"index, follow, max-snippet:-1, max-image-preview:large, max-video-preview:-1\" \/>\n<link rel=\"canonical\" href=\"https:\/\/admin.industriall-union.org\/es\/sindicatos-mexicanos-del-sector-de-movilidad-coordinan-sus-acciones-para-el-2023\/\" \/>\n<meta property=\"og:locale\" content=\"es_ES\" \/>\n<meta property=\"og:type\" content=\"article\" \/>\n<meta property=\"og:title\" content=\"Sindicatos mexicanos del sector de movilidad coordinan sus acciones para el 2023\" \/>\n<meta property=\"og:description\" content=\"El encuentro inici\u00f3 con una conferencia de prensa donde la FESIIAAAN hizo un pronunciamiento de solidaridad con el Sindicato independiente de trabajadores\" \/>\n<meta property=\"og:url\" content=\"https:\/\/admin.industriall-union.org\/es\/sindicatos-mexicanos-del-sector-de-movilidad-coordinan-sus-acciones-para-el-2023\/\" \/>\n<meta property=\"og:site_name\" content=\"industriall-union\" \/>\n<meta property=\"article:modified_time\" content=\"2025-01-27T23:13:38+00:00\" \/>\n<meta name=\"twitter:card\" content=\"summary_large_image\" \/>\n<meta name=\"twitter:label1\" content=\"Est. reading time\" \/>\n\t<meta name=\"twitter:data1\" content=\"2 minutes\" \/>\n<script type=\"application\/ld+json\" class=\"yoast-schema-graph\">{\"@context\":\"https:\/\/schema.org\",\"@graph\":[{\"@type\":\"WebPage\",\"@id\":\"https:\/\/admin.industriall-union.org\/es\/sindicatos-mexicanos-del-sector-de-movilidad-coordinan-sus-acciones-para-el-2023\/\",\"url\":\"https:\/\/admin.industriall-union.org\/es\/sindicatos-mexicanos-del-sector-de-movilidad-coordinan-sus-acciones-para-el-2023\/\",\"name\":\"Sindicatos mexicanos del sector de movilidad coordinan sus acciones para el 2023 - industriall-union\",\"isPartOf\":{\"@id\":\"https:\/\/admin.industriall-union.org\/#website\"},\"datePublished\":\"2022-12-06T19:54:49+00:00\",\"dateModified\":\"2025-01-27T23:13:38+00:00\",\"description\":\"El encuentro inici\u00f3 con una conferencia de prensa donde la FESIIAAAN hizo un pronunciamiento de solidaridad con el Sindicato independiente de trabajadores\",\"breadcrumb\":{\"@id\":\"https:\/\/admin.industriall-union.org\/es\/sindicatos-mexicanos-del-sector-de-movilidad-coordinan-sus-acciones-para-el-2023\/#breadcrumb\"},\"inLanguage\":\"es-ES\",\"potentialAction\":[{\"@type\":\"ReadAction\",\"target\":[\"https:\/\/admin.industriall-union.org\/es\/sindicatos-mexicanos-del-sector-de-movilidad-coordinan-sus-acciones-para-el-2023\/\"]}]},{\"@type\":\"BreadcrumbList\",\"@id\":\"https:\/\/admin.industriall-union.org\/es\/sindicatos-mexicanos-del-sector-de-movilidad-coordinan-sus-acciones-para-el-2023\/#breadcrumb\",\"itemListElement\":[{\"@type\":\"ListItem\",\"position\":1,\"name\":\"Home\",\"item\":\"https:\/\/admin.industriall-union.org\/\"},{\"@type\":\"ListItem\",\"position\":2,\"name\":\"Articles\",\"item\":\"https:\/\/admin.industriall-union.org\/article\/\"},{\"@type\":\"ListItem\",\"position\":3,\"name\":\"Sindicatos mexicanos del sector de movilidad coordinan sus acciones para el 2023\"}]},{\"@type\":\"WebSite\",\"@id\":\"https:\/\/admin.industriall-union.org\/#website\",\"url\":\"https:\/\/admin.industriall-union.org\/\",\"name\":\"industriall-union\",\"description\":\"\",\"potentialAction\":[{\"@type\":\"SearchAction\",\"target\":{\"@type\":\"EntryPoint\",\"urlTemplate\":\"https:\/\/admin.industriall-union.org\/?s={search_term_string}\"},\"query-input\":{\"@type\":\"PropertyValueSpecification\",\"valueRequired\":true,\"valueName\":\"search_term_string\"}}],\"inLanguage\":\"es-ES\"}]}<\/script>\n<!-- \/ Yoast SEO Premium plugin. -->","yoast_head_json":{"title":"Sindicatos mexicanos del sector de movilidad coordinan sus acciones para el 2023 - industriall-union","description":"El encuentro inici\u00f3 con una conferencia de prensa donde la FESIIAAAN hizo un pronunciamiento de solidaridad con el Sindicato independiente de trabajadores","robots":{"index":"index","follow":"follow","max-snippet":"max-snippet:-1","max-image-preview":"max-image-preview:large","max-video-preview":"max-video-preview:-1"},"canonical":"https:\/\/admin.industriall-union.org\/es\/sindicatos-mexicanos-del-sector-de-movilidad-coordinan-sus-acciones-para-el-2023\/","og_locale":"es_ES","og_type":"article","og_title":"Sindicatos mexicanos del sector de movilidad coordinan sus acciones para el 2023","og_description":"El encuentro inici\u00f3 con una conferencia de prensa donde la FESIIAAAN hizo un pronunciamiento de solidaridad con el Sindicato independiente de trabajadores","og_url":"https:\/\/admin.industriall-union.org\/es\/sindicatos-mexicanos-del-sector-de-movilidad-coordinan-sus-acciones-para-el-2023\/","og_site_name":"industriall-union","article_modified_time":"2025-01-27T23:13:38+00:00","twitter_card":"summary_large_image","twitter_misc":{"Est. reading time":"2 minutes"},"schema":{"@context":"https:\/\/schema.org","@graph":[{"@type":"WebPage","@id":"https:\/\/admin.industriall-union.org\/es\/sindicatos-mexicanos-del-sector-de-movilidad-coordinan-sus-acciones-para-el-2023\/","url":"https:\/\/admin.industriall-union.org\/es\/sindicatos-mexicanos-del-sector-de-movilidad-coordinan-sus-acciones-para-el-2023\/","name":"Sindicatos mexicanos del sector de movilidad coordinan sus acciones para el 2023 - industriall-union","isPartOf":{"@id":"https:\/\/admin.industriall-union.org\/#website"},"datePublished":"2022-12-06T19:54:49+00:00","dateModified":"2025-01-27T23:13:38+00:00","description":"El encuentro inici\u00f3 con una conferencia de prensa donde la FESIIAAAN hizo un pronunciamiento de solidaridad con el Sindicato independiente de trabajadores","breadcrumb":{"@id":"https:\/\/admin.industriall-union.org\/es\/sindicatos-mexicanos-del-sector-de-movilidad-coordinan-sus-acciones-para-el-2023\/#breadcrumb"},"inLanguage":"es-ES","potentialAction":[{"@type":"ReadAction","target":["https:\/\/admin.industriall-union.org\/es\/sindicatos-mexicanos-del-sector-de-movilidad-coordinan-sus-acciones-para-el-2023\/"]}]},{"@type":"BreadcrumbList","@id":"https:\/\/admin.industriall-union.org\/es\/sindicatos-mexicanos-del-sector-de-movilidad-coordinan-sus-acciones-para-el-2023\/#breadcrumb","itemListElement":[{"@type":"ListItem","position":1,"name":"Home","item":"https:\/\/admin.industriall-union.org\/"},{"@type":"ListItem","position":2,"name":"Articles","item":"https:\/\/admin.industriall-union.org\/article\/"},{"@type":"ListItem","position":3,"name":"Sindicatos mexicanos del sector de movilidad coordinan sus acciones para el 2023"}]},{"@type":"WebSite","@id":"https:\/\/admin.industriall-union.org\/#website","url":"https:\/\/admin.industriall-union.org\/","name":"industriall-union","description":"","potentialAction":[{"@type":"SearchAction","target":{"@type":"EntryPoint","urlTemplate":"https:\/\/admin.industriall-union.org\/?s={search_term_string}"},"query-input":{"@type":"PropertyValueSpecification","valueRequired":true,"valueName":"search_term_string"}}],"inLanguage":"es-ES"}]}},"_links":{"self":[{"href":"https:\/\/admin.industriall-union.org\/es\/wp-json\/wp\/v2\/article\/153663","targetHints":{"allow":["GET"]}}],"collection":[{"href":"https:\/\/admin.industriall-union.org\/es\/wp-json\/wp\/v2\/article"}],"about":[{"href":"https:\/\/admin.industriall-union.org\/es\/wp-json\/wp\/v2\/types\/article"}],"wp:attachment":[{"href":"https:\/\/admin.industriall-union.org\/es\/wp-json\/wp\/v2\/media?parent=153663"}],"wp:term":[{"taxonomy":"issues","embeddable":true,"href":"https:\/\/admin.industriall-union.org\/es\/wp-json\/wp\/v2\/issues?post=153663"},{"taxonomy":"companies","embeddable":true,"href":"https:\/\/admin.industriall-union.org\/es\/wp-json\/wp\/v2\/companies?post=153663"},{"taxonomy":"regions","embeddable":true,"href":"https:\/\/admin.industriall-union.org\/es\/wp-json\/wp\/v2\/regions?post=153663"},{"taxonomy":"sectors","embeddable":true,"href":"https:\/\/admin.industriall-union.org\/es\/wp-json\/wp\/v2\/sectors?post=153663"},{"taxonomy":"article_tags","embeddable":true,"href":"https:\/\/admin.industriall-union.org\/es\/wp-json\/wp\/v2\/article_tags?post=153663"}],"curies":[{"name":"wp","href":"https:\/\/api.w.org\/{rel}","templated":true}]}}