{"id":153661,"date":"2022-12-07T16:50:55","date_gmt":"2022-12-07T16:50:55","guid":{"rendered":"https:\/\/admin.industriall-union.org\/en-el-dia-de-los-derechos-humanos-debemos-apoyar-a-los-sindicalistas-encarcelados\/"},"modified":"2025-01-27T23:13:23","modified_gmt":"2025-01-27T23:13:23","slug":"en-el-dia-de-los-derechos-humanos-debemos-apoyar-a-los-sindicalistas-encarcelados","status":"publish","type":"article","link":"https:\/\/admin.industriall-union.org\/es\/en-el-dia-de-los-derechos-humanos-debemos-apoyar-a-los-sindicalistas-encarcelados\/","title":{"rendered":"En el D\u00eda de los Derechos Humanos debemos apoyar a los sindicalistas encarcelados"},"content":{"rendered":"<p><img decoding=\"async\" alt=\"\" src=\"\" style=\"width: 700px;height: 350px\" \/><\/p><p>El 10 de diciembre es el D\u00eda de los Derechos Humanos, en conmemoraci\u00f3n de la adopci\u00f3n de la Declaraci\u00f3n Universal de Derechos Humanos de la ONU. En este d\u00eda, recordamos al mundo entero que los derechos de los trabajadores son derechos humanos y volvemos a pedir la liberaci\u00f3n de todos los activistas sindicales encarcelados.<\/p><p>La persecuci\u00f3n judicial, que puede culminar en arrestos y penas de prisi\u00f3n, es motivo de preocupaci\u00f3n para los activistas sindicales de muchos pa\u00edses. Los sindicalistas son defensores de primera l\u00ednea de la democracia. Debido a que est\u00e1n organizados y arraigados en los lugares de trabajo y las comunidades de la clase trabajadora, no es inusual que sean los primeros en oponer resistencia cuando se ataca la democracia y, por ende, tambi\u00e9n los primeros en ser perseguidos.<\/p><p>Hoy en d\u00eda, los Gobiernos opresores y los empleadores que explotan a los trabajadores unen su poder para reprimir a los sindicatos, mientras que se acusa a los activistas de terrorismo y sedici\u00f3n, de ser agentes extranjeros, participar en reuniones ilegales, crear disturbios o destruir la propiedad de la empresa y perjudicar las actividades comerciales.<\/p><p>En algunos pa\u00edses el problema es de particular gravedad. En<a href=\"https:\/\/www.industriall-union.org\/free-myanmars-jailed-trade-unionists-recognise-the-nug\"> Myanmar<\/a>, los sindicatos est\u00e1n prohibidos por ley y m\u00e1s de 60 sindicalistas han sido encarcelados por cargos falsos desde el violento golpe militar de febrero de 2021.<\/p><blockquote><p>&ldquo;Exigimos la desestimaci\u00f3n inmediata de todos los cargos falsos presentados contra los activistas democr\u00e1ticos recluidos, garant\u00edas s\u00f3lidas del respeto de su salud y seguridad dentro de las prisiones, y su retorno r\u00e1pido y seguro a sus seres queridos&rdquo;.<\/p><\/blockquote><p style=\"text-align: center\"><span style=\"color:#95a5a6\"><em>Declaraci\u00f3n de Global Unions de octubre de 2022<\/em><\/span><\/p><p>La Corte Suprema de Bielorrusia ha disuelto de manera efectiva los sindicatos libres e independientes del pa\u00eds. Se ha arrestado a 16 dirigentes sindicales y activistas, algunos est\u00e1n a la espera de un juicio, otros tienen su libertad restringida, y al menos tres han sido condenados a penas de prisi\u00f3n por huelgas de advertencia y difamaci\u00f3n del presidente. Adem\u00e1s, se han confiscado los activos y los datos de afiliaci\u00f3n de los sindicatos.<\/p><p>En noviembre, el Comit\u00e9 Ejecutivo de IndustriALL adopt\u00f3 una <a href=\"\/wp-content\/uploads\/images\/2022\/Switzerland\/EXCO\/draft_exco_resolution_on_belarus_english.pdf\">resoluci\u00f3n<\/a> mediante la que condena la disoluci\u00f3n de los sindicatos independientes y <a href=\"https:\/\/www.labourstartcampaigns.net\/show_campaign.cgi?c=5229\">exige la liberaci\u00f3n inmediata<\/a> de todos los sindicalistas en Bielorrusia.<\/p><p>En Madagascar, un <a href=\"https:\/\/www.industriall-union.org\/madagascar-unions-demand-justice-for-jailed-trade-unionist\">sindicalista est\u00e1 en la c\u00e1rcel<\/a> por denunciar las violaciones contra los trabajadores de la f\u00e1brica donde trabajaba.<\/p><p>En Ir\u00e1n, actualmente en medio de una ola de protestas a favor de la democracia, los trabajadores que intentan formar sindicatos libres e independientes a menudo terminan en prisi\u00f3n.<\/p><p>El arresto y encarcelamiento de activistas sindicales tambi\u00e9n es una caracter\u00edstica regular de las relaciones laborales en Turqu\u00eda, Egipto, Colombia y muchos otros pa\u00edses.<\/p><p>La opresi\u00f3n ejercida por las autoridades genera un entorno propicio para otros cr\u00edmenes, incluido el asesinato. En <a href=\"https:\/\/www.industriall-union.org\/madagascar-unions-demand-justice-for-jailed-trade-unionist\">Filipinas<\/a>, donde se arresta a los trabajadores por hacer huelga, el Gobierno y otros actores persiguen a los sindicalistas, los tildan de terroristas y los convierten en blanco de ataques, lo que ha llevado a la muerte de varios de ellos.<\/p><p>Desafortunadamente, la lista de los sindicalistas perseguidos es demasiado extensa, tal como se destaca en el <a href=\"https:\/\/www.globalrightsindex.org\/en\/2022\">\u00cdndice Global de los Derechos de la CSI<\/a> sobre violaciones de los derechos de los trabajadores, publicado cada a\u00f1o, cuyos datos m\u00e1s recientes demuestran que estos abusos se encuentran en un m\u00e1ximo hist\u00f3rico.<\/p><p>A pesar de ello, lo que s\u00ed sabemos es que las campa\u00f1as de solidaridad internacional para liberar a los sindicalistas encarcelados funcionan. En 2017, por ejemplo, 35 sindicalistas banglades\u00edes fueron encarcelados como parte de la represi\u00f3n gubernamental, alentada por empresarios locales, en contra de la sindicalizaci\u00f3n. Al presionar al Gobierno, as\u00ed como a las marcas que se abastecen en este pa\u00eds,<a href=\"https:\/\/www.industriall-union.org\/bangladeshi-unionists-and-garment-workers-freed-following-international-pressure\"> una campa\u00f1a internacional logr\u00f3 la liberaci\u00f3n<\/a> de todos los sindicalistas.<\/p><p>Atle H\u00f8ie, el secretario general de IndustriALL, expres\u00f3:<\/p><blockquote><p>&ldquo;Tenemos que apoyar a nuestros compa\u00f1eros y compa\u00f1eras encarcelados y seguir ejerciendo presi\u00f3n, tanto sobre los Gobiernos opresivos como sobre las empresas multinacionales que se abastecen de pa\u00edses donde se violan los derechos de los trabajadores. Debemos asegurarnos de que la diligencia debida en materia de derechos humanos incluya los derechos de los trabajadores y que las empresas rindan cuentas por los abusos cometidos en sus cadenas de suministro&rdquo;.<\/p><\/blockquote><figure class=\"imageArticle imageMedium\">&nbsp;<figcaption class=\"imageContent\">&nbsp;<\/figcaption><\/figure>","protected":false},"featured_media":0,"template":"","issues":[422,424,425],"companies":[],"regions":[207,264,291,292,336,177,184,250],"sectors":[],"article_tags":[],"class_list":["post-153661","article","type-article","status-publish","hentry","issues-human-trade-union-rights","issues-violation","issues-workers-rights","regions-belarus","regions-colombia","regions-egypt","regions-iran","regions-madagascar","regions-myanmar","regions-philippines","regions-turkiye"],"acf":[],"yoast_head":"<!-- This site is optimized with the Yoast SEO Premium plugin v27.1 (Yoast SEO v27.1) - https:\/\/yoast.com\/product\/yoast-seo-premium-wordpress\/ -->\n<title>En el D\u00eda de los Derechos Humanos debemos apoyar a los sindicalistas encarcelados - industriall-union<\/title>\n<meta name=\"description\" content=\"El 10 de diciembre es el D\u00eda de los Derechos Humanos, en conmemoraci\u00f3n de la adopci\u00f3n de la Declaraci\u00f3n Universal de Derechos Humanos de la ONU. En este\" \/>\n<meta name=\"robots\" content=\"index, follow, max-snippet:-1, max-image-preview:large, max-video-preview:-1\" \/>\n<link rel=\"canonical\" href=\"https:\/\/admin.industriall-union.org\/es\/en-el-dia-de-los-derechos-humanos-debemos-apoyar-a-los-sindicalistas-encarcelados\/\" \/>\n<meta property=\"og:locale\" content=\"es_ES\" \/>\n<meta property=\"og:type\" content=\"article\" \/>\n<meta property=\"og:title\" content=\"En el D\u00eda de los Derechos Humanos debemos apoyar a los sindicalistas encarcelados\" \/>\n<meta property=\"og:description\" content=\"El 10 de diciembre es el D\u00eda de los Derechos Humanos, en conmemoraci\u00f3n de la adopci\u00f3n de la Declaraci\u00f3n Universal de Derechos Humanos de la ONU. En este\" \/>\n<meta property=\"og:url\" content=\"https:\/\/admin.industriall-union.org\/es\/en-el-dia-de-los-derechos-humanos-debemos-apoyar-a-los-sindicalistas-encarcelados\/\" \/>\n<meta property=\"og:site_name\" content=\"industriall-union\" \/>\n<meta property=\"article:modified_time\" content=\"2025-01-27T23:13:23+00:00\" \/>\n<meta name=\"twitter:card\" content=\"summary_large_image\" \/>\n<meta name=\"twitter:label1\" content=\"Est. reading time\" \/>\n\t<meta name=\"twitter:data1\" content=\"4 minutes\" \/>\n<script type=\"application\/ld+json\" class=\"yoast-schema-graph\">{\"@context\":\"https:\/\/schema.org\",\"@graph\":[{\"@type\":\"WebPage\",\"@id\":\"https:\/\/admin.industriall-union.org\/es\/en-el-dia-de-los-derechos-humanos-debemos-apoyar-a-los-sindicalistas-encarcelados\/\",\"url\":\"https:\/\/admin.industriall-union.org\/es\/en-el-dia-de-los-derechos-humanos-debemos-apoyar-a-los-sindicalistas-encarcelados\/\",\"name\":\"En el D\u00eda de los Derechos Humanos debemos apoyar a los sindicalistas encarcelados - industriall-union\",\"isPartOf\":{\"@id\":\"https:\/\/admin.industriall-union.org\/#website\"},\"datePublished\":\"2022-12-07T16:50:55+00:00\",\"dateModified\":\"2025-01-27T23:13:23+00:00\",\"description\":\"El 10 de diciembre es el D\u00eda de los Derechos Humanos, en conmemoraci\u00f3n de la adopci\u00f3n de la Declaraci\u00f3n Universal de Derechos Humanos de la ONU. En este\",\"breadcrumb\":{\"@id\":\"https:\/\/admin.industriall-union.org\/es\/en-el-dia-de-los-derechos-humanos-debemos-apoyar-a-los-sindicalistas-encarcelados\/#breadcrumb\"},\"inLanguage\":\"es-ES\",\"potentialAction\":[{\"@type\":\"ReadAction\",\"target\":[\"https:\/\/admin.industriall-union.org\/es\/en-el-dia-de-los-derechos-humanos-debemos-apoyar-a-los-sindicalistas-encarcelados\/\"]}]},{\"@type\":\"BreadcrumbList\",\"@id\":\"https:\/\/admin.industriall-union.org\/es\/en-el-dia-de-los-derechos-humanos-debemos-apoyar-a-los-sindicalistas-encarcelados\/#breadcrumb\",\"itemListElement\":[{\"@type\":\"ListItem\",\"position\":1,\"name\":\"Home\",\"item\":\"https:\/\/admin.industriall-union.org\/\"},{\"@type\":\"ListItem\",\"position\":2,\"name\":\"Articles\",\"item\":\"https:\/\/admin.industriall-union.org\/article\/\"},{\"@type\":\"ListItem\",\"position\":3,\"name\":\"En el D\u00eda de los Derechos Humanos debemos apoyar a los sindicalistas encarcelados\"}]},{\"@type\":\"WebSite\",\"@id\":\"https:\/\/admin.industriall-union.org\/#website\",\"url\":\"https:\/\/admin.industriall-union.org\/\",\"name\":\"industriall-union\",\"description\":\"\",\"potentialAction\":[{\"@type\":\"SearchAction\",\"target\":{\"@type\":\"EntryPoint\",\"urlTemplate\":\"https:\/\/admin.industriall-union.org\/?s={search_term_string}\"},\"query-input\":{\"@type\":\"PropertyValueSpecification\",\"valueRequired\":true,\"valueName\":\"search_term_string\"}}],\"inLanguage\":\"es-ES\"}]}<\/script>\n<!-- \/ Yoast SEO Premium plugin. -->","yoast_head_json":{"title":"En el D\u00eda de los Derechos Humanos debemos apoyar a los sindicalistas encarcelados - industriall-union","description":"El 10 de diciembre es el D\u00eda de los Derechos Humanos, en conmemoraci\u00f3n de la adopci\u00f3n de la Declaraci\u00f3n Universal de Derechos Humanos de la ONU. En este","robots":{"index":"index","follow":"follow","max-snippet":"max-snippet:-1","max-image-preview":"max-image-preview:large","max-video-preview":"max-video-preview:-1"},"canonical":"https:\/\/admin.industriall-union.org\/es\/en-el-dia-de-los-derechos-humanos-debemos-apoyar-a-los-sindicalistas-encarcelados\/","og_locale":"es_ES","og_type":"article","og_title":"En el D\u00eda de los Derechos Humanos debemos apoyar a los sindicalistas encarcelados","og_description":"El 10 de diciembre es el D\u00eda de los Derechos Humanos, en conmemoraci\u00f3n de la adopci\u00f3n de la Declaraci\u00f3n Universal de Derechos Humanos de la ONU. En este","og_url":"https:\/\/admin.industriall-union.org\/es\/en-el-dia-de-los-derechos-humanos-debemos-apoyar-a-los-sindicalistas-encarcelados\/","og_site_name":"industriall-union","article_modified_time":"2025-01-27T23:13:23+00:00","twitter_card":"summary_large_image","twitter_misc":{"Est. reading time":"4 minutes"},"schema":{"@context":"https:\/\/schema.org","@graph":[{"@type":"WebPage","@id":"https:\/\/admin.industriall-union.org\/es\/en-el-dia-de-los-derechos-humanos-debemos-apoyar-a-los-sindicalistas-encarcelados\/","url":"https:\/\/admin.industriall-union.org\/es\/en-el-dia-de-los-derechos-humanos-debemos-apoyar-a-los-sindicalistas-encarcelados\/","name":"En el D\u00eda de los Derechos Humanos debemos apoyar a los sindicalistas encarcelados - industriall-union","isPartOf":{"@id":"https:\/\/admin.industriall-union.org\/#website"},"datePublished":"2022-12-07T16:50:55+00:00","dateModified":"2025-01-27T23:13:23+00:00","description":"El 10 de diciembre es el D\u00eda de los Derechos Humanos, en conmemoraci\u00f3n de la adopci\u00f3n de la Declaraci\u00f3n Universal de Derechos Humanos de la ONU. En este","breadcrumb":{"@id":"https:\/\/admin.industriall-union.org\/es\/en-el-dia-de-los-derechos-humanos-debemos-apoyar-a-los-sindicalistas-encarcelados\/#breadcrumb"},"inLanguage":"es-ES","potentialAction":[{"@type":"ReadAction","target":["https:\/\/admin.industriall-union.org\/es\/en-el-dia-de-los-derechos-humanos-debemos-apoyar-a-los-sindicalistas-encarcelados\/"]}]},{"@type":"BreadcrumbList","@id":"https:\/\/admin.industriall-union.org\/es\/en-el-dia-de-los-derechos-humanos-debemos-apoyar-a-los-sindicalistas-encarcelados\/#breadcrumb","itemListElement":[{"@type":"ListItem","position":1,"name":"Home","item":"https:\/\/admin.industriall-union.org\/"},{"@type":"ListItem","position":2,"name":"Articles","item":"https:\/\/admin.industriall-union.org\/article\/"},{"@type":"ListItem","position":3,"name":"En el D\u00eda de los Derechos Humanos debemos apoyar a los sindicalistas encarcelados"}]},{"@type":"WebSite","@id":"https:\/\/admin.industriall-union.org\/#website","url":"https:\/\/admin.industriall-union.org\/","name":"industriall-union","description":"","potentialAction":[{"@type":"SearchAction","target":{"@type":"EntryPoint","urlTemplate":"https:\/\/admin.industriall-union.org\/?s={search_term_string}"},"query-input":{"@type":"PropertyValueSpecification","valueRequired":true,"valueName":"search_term_string"}}],"inLanguage":"es-ES"}]}},"_links":{"self":[{"href":"https:\/\/admin.industriall-union.org\/es\/wp-json\/wp\/v2\/article\/153661","targetHints":{"allow":["GET"]}}],"collection":[{"href":"https:\/\/admin.industriall-union.org\/es\/wp-json\/wp\/v2\/article"}],"about":[{"href":"https:\/\/admin.industriall-union.org\/es\/wp-json\/wp\/v2\/types\/article"}],"wp:attachment":[{"href":"https:\/\/admin.industriall-union.org\/es\/wp-json\/wp\/v2\/media?parent=153661"}],"wp:term":[{"taxonomy":"issues","embeddable":true,"href":"https:\/\/admin.industriall-union.org\/es\/wp-json\/wp\/v2\/issues?post=153661"},{"taxonomy":"companies","embeddable":true,"href":"https:\/\/admin.industriall-union.org\/es\/wp-json\/wp\/v2\/companies?post=153661"},{"taxonomy":"regions","embeddable":true,"href":"https:\/\/admin.industriall-union.org\/es\/wp-json\/wp\/v2\/regions?post=153661"},{"taxonomy":"sectors","embeddable":true,"href":"https:\/\/admin.industriall-union.org\/es\/wp-json\/wp\/v2\/sectors?post=153661"},{"taxonomy":"article_tags","embeddable":true,"href":"https:\/\/admin.industriall-union.org\/es\/wp-json\/wp\/v2\/article_tags?post=153661"}],"curies":[{"name":"wp","href":"https:\/\/api.w.org\/{rel}","templated":true}]}}