{"id":153536,"date":"2023-01-27T14:57:03","date_gmt":"2023-01-27T14:57:03","guid":{"rendered":"https:\/\/admin.industriall-union.org\/la-democracia-debe-ser-restaurada-en-myanmar\/"},"modified":"2025-01-27T22:35:46","modified_gmt":"2025-01-27T22:35:46","slug":"la-democracia-debe-ser-restaurada-en-myanmar","status":"publish","type":"article","link":"https:\/\/admin.industriall-union.org\/es\/la-democracia-debe-ser-restaurada-en-myanmar\/","title":{"rendered":"La democracia debe ser restaurada en Myanmar"},"content":{"rendered":"<p>La situaci\u00f3n de la poblaci\u00f3n trabajadora en el pa\u00eds se deterior\u00f3 dr\u00e1sticamente despu\u00e9s del golpe militar en febrero de 2021. Al d\u00eda de hoy, la mayor\u00eda de los sindicatos est\u00e1n prohibidos, y muchos trabajadores que alguna vez estuvieron protegidos por convenios colectivos han sido despedidos y reemplazados por trabajadores informales y carentes de derechos.<\/p><p>Despu\u00e9s del golpe, el Ej\u00e9rcito comenz\u00f3 a reprimir a los sindicatos y sus miembros a trav\u00e9s de <a href=\"https:\/\/www.industriall-union.org\/violent-attack-against-myanmar-unionists\">arrestos y ataques violentos<\/a>.<\/p><p>Actualmente, m\u00e1s de 60 sindicalistas est\u00e1n encarcelados por cargos falsos. <a href=\"https:\/\/www.industriall-union.org\/stand-with-imprisoned-trade-unionists-on-human-rights-day\">Deben ser liberados inmediatamente<\/a>.<\/p><p>Las inversiones tienen repercusiones a largo plazo sobre los derechos de los trabajadores. En septiembre de 2021, IndustriALL lanz\u00f3 una campa\u00f1a a favor de la desinversi\u00f3n, en la que exhort\u00f3 a todas las empresas que operan en Myanmar a retirarse del pa\u00eds y a no realizar nuevos pedidos.<\/p><p>IndustriALL, al comunicarse con todas las empresas de los sectores que representa y que est\u00e1n activas en Myanmar, hizo hincapi\u00e9 en que es imposible ejercer la diligencia en un pa\u00eds gobernado por un r\u00e9gimen militar y donde los sindicatos no pueden funcionar. Algunas empresas, como Total, Chevron, Woodside, Telenor, Tesco, Benetton, Aldi South y C&amp;A, se retiraron r\u00e1pidamente.<\/p><p>Hacia fines del a\u00f1o pasado, se comenz\u00f3 a debatir con varias marcas de moda acerca de una salida responsable del pa\u00eds. Varias de ellas, como Primark y New Look, dejaron de realizar pedidos en Myanmar.<\/p><p>&ldquo;Se ha avanzado en cierto sentido&rdquo;, expres\u00f3 el secretario general de IndustriALL, Atle H\u00f8ie. &ldquo;No obstante, los militares siguen gobernando de forma ileg\u00edtima y vulnerando los derechos humanos y laborales, por lo que debemos mantener la presi\u00f3n&rdquo;.<\/p><p>Las federaciones sindicales internacionales exigen un reconocimiento inequ\u00edvoco de los poderes del Gobierno de Unidad Nacional (GUN) de Myanmar a nivel internacional y nacional como el \u00fanico y verdadero Gobierno democr\u00e1tico del pueblo birmano.<\/p><blockquote><p>&ldquo;Al reconocer al GUN, salvaguardamos los derechos humanos y sindicales de los trabajadores de Myanmar y, de una vez por todas, ponemos fin a la brutal dictadura de la junta militar y a la falsa representaci\u00f3n del pa\u00eds ante la comunidad internacional&rdquo;.<\/p><\/blockquote><p>(<a href=\"https:\/\/www.industriall-union.org\/free-myanmars-jailed-trade-unionists-recognise-the-nug\">Declaraci\u00f3n de las federaciones sindicales internacionales<\/a>, octubre de 2022)<\/p><p>Un a\u00f1o despu\u00e9s del golpe militar, el movimiento sindical mundial se comprometi\u00f3 a no descansar hasta que el poder sea devuelto al pueblo.<\/p><p>Atle H\u00f8ie declar\u00f3:<\/p><blockquote><p>&ldquo;Ha pasado otro a\u00f1o en el que el pueblo de Myanmar sigui\u00f3 pagando un alto precio a manos de la violenta junta militar. Este aniversario, \u00fanase a nosotros para reiterar el llamamiento por el retorno de la democracia a Myanmar&rdquo;.<\/p><\/blockquote><figure class=\"imageArticle imageMedium\"><img decoding=\"async\" alt=\"\" src=\"\/wp-content\/uploads\/images\/2023\/MYANMAR\/social_media_reminder.png\" style=\"width: 600px;height: 601px\" \/><figcaption class=\"imageContent\">&nbsp;<\/figcaption><\/figure>","protected":false},"featured_media":0,"template":"","issues":[406,422,424,425],"companies":[],"regions":[177],"sectors":[],"article_tags":[],"class_list":["post-153536","article","type-article","status-publish","hentry","issues-confronting-global-capital","issues-human-trade-union-rights","issues-violation","issues-workers-rights","regions-myanmar"],"acf":[],"yoast_head":"<!-- This site is optimized with the Yoast SEO Premium plugin v27.1 (Yoast SEO v27.1) - https:\/\/yoast.com\/product\/yoast-seo-premium-wordpress\/ -->\n<title>La democracia debe ser restaurada en Myanmar - industriall-union<\/title>\n<meta name=\"description\" content=\"La situaci\u00f3n de la poblaci\u00f3n trabajadora en el pa\u00eds se deterior\u00f3 dr\u00e1sticamente despu\u00e9s del golpe militar en febrero de 2021. Al d\u00eda de hoy, la mayor\u00eda de\" \/>\n<meta name=\"robots\" content=\"index, follow, max-snippet:-1, max-image-preview:large, max-video-preview:-1\" \/>\n<link rel=\"canonical\" href=\"https:\/\/admin.industriall-union.org\/es\/la-democracia-debe-ser-restaurada-en-myanmar\/\" \/>\n<meta property=\"og:locale\" content=\"es_ES\" \/>\n<meta property=\"og:type\" content=\"article\" \/>\n<meta property=\"og:title\" content=\"La democracia debe ser restaurada en Myanmar\" \/>\n<meta property=\"og:description\" content=\"La situaci\u00f3n de la poblaci\u00f3n trabajadora en el pa\u00eds se deterior\u00f3 dr\u00e1sticamente despu\u00e9s del golpe militar en febrero de 2021. Al d\u00eda de hoy, la mayor\u00eda de\" \/>\n<meta property=\"og:url\" content=\"https:\/\/admin.industriall-union.org\/es\/la-democracia-debe-ser-restaurada-en-myanmar\/\" \/>\n<meta property=\"og:site_name\" content=\"industriall-union\" \/>\n<meta property=\"article:modified_time\" content=\"2025-01-27T22:35:46+00:00\" \/>\n<meta name=\"twitter:card\" content=\"summary_large_image\" \/>\n<meta name=\"twitter:label1\" content=\"Est. reading time\" \/>\n\t<meta name=\"twitter:data1\" content=\"2 minutes\" \/>\n<script type=\"application\/ld+json\" class=\"yoast-schema-graph\">{\"@context\":\"https:\/\/schema.org\",\"@graph\":[{\"@type\":\"WebPage\",\"@id\":\"https:\/\/admin.industriall-union.org\/es\/la-democracia-debe-ser-restaurada-en-myanmar\/\",\"url\":\"https:\/\/admin.industriall-union.org\/es\/la-democracia-debe-ser-restaurada-en-myanmar\/\",\"name\":\"La democracia debe ser restaurada en Myanmar - industriall-union\",\"isPartOf\":{\"@id\":\"https:\/\/admin.industriall-union.org\/#website\"},\"datePublished\":\"2023-01-27T14:57:03+00:00\",\"dateModified\":\"2025-01-27T22:35:46+00:00\",\"description\":\"La situaci\u00f3n de la poblaci\u00f3n trabajadora en el pa\u00eds se deterior\u00f3 dr\u00e1sticamente despu\u00e9s del golpe militar en febrero de 2021. Al d\u00eda de hoy, la mayor\u00eda de\",\"breadcrumb\":{\"@id\":\"https:\/\/admin.industriall-union.org\/es\/la-democracia-debe-ser-restaurada-en-myanmar\/#breadcrumb\"},\"inLanguage\":\"es-ES\",\"potentialAction\":[{\"@type\":\"ReadAction\",\"target\":[\"https:\/\/admin.industriall-union.org\/es\/la-democracia-debe-ser-restaurada-en-myanmar\/\"]}]},{\"@type\":\"BreadcrumbList\",\"@id\":\"https:\/\/admin.industriall-union.org\/es\/la-democracia-debe-ser-restaurada-en-myanmar\/#breadcrumb\",\"itemListElement\":[{\"@type\":\"ListItem\",\"position\":1,\"name\":\"Home\",\"item\":\"https:\/\/admin.industriall-union.org\/\"},{\"@type\":\"ListItem\",\"position\":2,\"name\":\"Articles\",\"item\":\"https:\/\/admin.industriall-union.org\/article\/\"},{\"@type\":\"ListItem\",\"position\":3,\"name\":\"La democracia debe ser restaurada en Myanmar\"}]},{\"@type\":\"WebSite\",\"@id\":\"https:\/\/admin.industriall-union.org\/#website\",\"url\":\"https:\/\/admin.industriall-union.org\/\",\"name\":\"industriall-union\",\"description\":\"\",\"potentialAction\":[{\"@type\":\"SearchAction\",\"target\":{\"@type\":\"EntryPoint\",\"urlTemplate\":\"https:\/\/admin.industriall-union.org\/?s={search_term_string}\"},\"query-input\":{\"@type\":\"PropertyValueSpecification\",\"valueRequired\":true,\"valueName\":\"search_term_string\"}}],\"inLanguage\":\"es-ES\"}]}<\/script>\n<!-- \/ Yoast SEO Premium plugin. -->","yoast_head_json":{"title":"La democracia debe ser restaurada en Myanmar - industriall-union","description":"La situaci\u00f3n de la poblaci\u00f3n trabajadora en el pa\u00eds se deterior\u00f3 dr\u00e1sticamente despu\u00e9s del golpe militar en febrero de 2021. Al d\u00eda de hoy, la mayor\u00eda de","robots":{"index":"index","follow":"follow","max-snippet":"max-snippet:-1","max-image-preview":"max-image-preview:large","max-video-preview":"max-video-preview:-1"},"canonical":"https:\/\/admin.industriall-union.org\/es\/la-democracia-debe-ser-restaurada-en-myanmar\/","og_locale":"es_ES","og_type":"article","og_title":"La democracia debe ser restaurada en Myanmar","og_description":"La situaci\u00f3n de la poblaci\u00f3n trabajadora en el pa\u00eds se deterior\u00f3 dr\u00e1sticamente despu\u00e9s del golpe militar en febrero de 2021. Al d\u00eda de hoy, la mayor\u00eda de","og_url":"https:\/\/admin.industriall-union.org\/es\/la-democracia-debe-ser-restaurada-en-myanmar\/","og_site_name":"industriall-union","article_modified_time":"2025-01-27T22:35:46+00:00","twitter_card":"summary_large_image","twitter_misc":{"Est. reading time":"2 minutes"},"schema":{"@context":"https:\/\/schema.org","@graph":[{"@type":"WebPage","@id":"https:\/\/admin.industriall-union.org\/es\/la-democracia-debe-ser-restaurada-en-myanmar\/","url":"https:\/\/admin.industriall-union.org\/es\/la-democracia-debe-ser-restaurada-en-myanmar\/","name":"La democracia debe ser restaurada en Myanmar - industriall-union","isPartOf":{"@id":"https:\/\/admin.industriall-union.org\/#website"},"datePublished":"2023-01-27T14:57:03+00:00","dateModified":"2025-01-27T22:35:46+00:00","description":"La situaci\u00f3n de la poblaci\u00f3n trabajadora en el pa\u00eds se deterior\u00f3 dr\u00e1sticamente despu\u00e9s del golpe militar en febrero de 2021. Al d\u00eda de hoy, la mayor\u00eda de","breadcrumb":{"@id":"https:\/\/admin.industriall-union.org\/es\/la-democracia-debe-ser-restaurada-en-myanmar\/#breadcrumb"},"inLanguage":"es-ES","potentialAction":[{"@type":"ReadAction","target":["https:\/\/admin.industriall-union.org\/es\/la-democracia-debe-ser-restaurada-en-myanmar\/"]}]},{"@type":"BreadcrumbList","@id":"https:\/\/admin.industriall-union.org\/es\/la-democracia-debe-ser-restaurada-en-myanmar\/#breadcrumb","itemListElement":[{"@type":"ListItem","position":1,"name":"Home","item":"https:\/\/admin.industriall-union.org\/"},{"@type":"ListItem","position":2,"name":"Articles","item":"https:\/\/admin.industriall-union.org\/article\/"},{"@type":"ListItem","position":3,"name":"La democracia debe ser restaurada en Myanmar"}]},{"@type":"WebSite","@id":"https:\/\/admin.industriall-union.org\/#website","url":"https:\/\/admin.industriall-union.org\/","name":"industriall-union","description":"","potentialAction":[{"@type":"SearchAction","target":{"@type":"EntryPoint","urlTemplate":"https:\/\/admin.industriall-union.org\/?s={search_term_string}"},"query-input":{"@type":"PropertyValueSpecification","valueRequired":true,"valueName":"search_term_string"}}],"inLanguage":"es-ES"}]}},"_links":{"self":[{"href":"https:\/\/admin.industriall-union.org\/es\/wp-json\/wp\/v2\/article\/153536","targetHints":{"allow":["GET"]}}],"collection":[{"href":"https:\/\/admin.industriall-union.org\/es\/wp-json\/wp\/v2\/article"}],"about":[{"href":"https:\/\/admin.industriall-union.org\/es\/wp-json\/wp\/v2\/types\/article"}],"wp:attachment":[{"href":"https:\/\/admin.industriall-union.org\/es\/wp-json\/wp\/v2\/media?parent=153536"}],"wp:term":[{"taxonomy":"issues","embeddable":true,"href":"https:\/\/admin.industriall-union.org\/es\/wp-json\/wp\/v2\/issues?post=153536"},{"taxonomy":"companies","embeddable":true,"href":"https:\/\/admin.industriall-union.org\/es\/wp-json\/wp\/v2\/companies?post=153536"},{"taxonomy":"regions","embeddable":true,"href":"https:\/\/admin.industriall-union.org\/es\/wp-json\/wp\/v2\/regions?post=153536"},{"taxonomy":"sectors","embeddable":true,"href":"https:\/\/admin.industriall-union.org\/es\/wp-json\/wp\/v2\/sectors?post=153536"},{"taxonomy":"article_tags","embeddable":true,"href":"https:\/\/admin.industriall-union.org\/es\/wp-json\/wp\/v2\/article_tags?post=153536"}],"curies":[{"name":"wp","href":"https:\/\/api.w.org\/{rel}","templated":true}]}}