{"id":153354,"date":"2023-03-17T19:34:58","date_gmt":"2023-03-17T19:34:58","guid":{"rendered":"https:\/\/admin.industriall-union.org\/laboratorios-sma-peru-intensifica-sus-medidas-antisindicales-contra-sus-trabajadores\/"},"modified":"2025-01-27T21:47:38","modified_gmt":"2025-01-27T21:47:38","slug":"laboratorios-sma-peru-intensifica-sus-medidas-antisindicales-contra-sus-trabajadores","status":"publish","type":"article","link":"https:\/\/admin.industriall-union.org\/es\/laboratorios-sma-peru-intensifica-sus-medidas-antisindicales-contra-sus-trabajadores\/","title":{"rendered":"Laboratorios SMA Per\u00fa intensifica sus medidas antisindicales contra sus trabajadores"},"content":{"rendered":"<p>El Sindicato nacional de trabajadores del Laboratorio SMA (el cual forma parte de la Federaci\u00f3n de trabajadores de la industria manufacturera y servicios afines del Per\u00fa, FETRIMAP-CGTP, a su vez afiliada a IndustriALL Global Union) enfrenta una continua discriminaci\u00f3n antisindical desde que se form\u00f3 en abril del 2022. Recientemente le mand\u00f3 una carta de pre-despido a su secretaria general, Flor de Mar\u00eda Aranda Surichaqui, por cargos falsos de falta grave.<\/p><p>La empresa peruana especializada en la elaboraci\u00f3n integral de productos cosm\u00e9ticos, de cuidado personal y de higiene dom\u00e9stica, Laboratorio SMA, alega que Aranda Surichaqui tergivers\u00f3 una comunicaci\u00f3n que sostuvo con la empresa y enga\u00f1\u00f3 a los miembros del sindicato.<\/p><p>Seg\u00fan la compa\u00f1\u00eda, la dirigenta sindical le dijo a los trabajadores sindicalizados que no sufrir\u00edan repercusiones si participaban en la huelga general convocada por la Confederaci\u00f3n general de trabajadores del Per\u00fa (CGTP) el 9 de febrero.<br \/>&nbsp;<br \/>&ldquo;Esto es una tonter\u00eda. La empresa dej\u00f3 perfectamente claro que los trabajadores perder\u00edan un d\u00eda de salario si decid\u00edan participar en la huelga, quienes de todos modos optaron por participar&rdquo;&nbsp;<\/p><p>dijo el director del sector qu\u00edmico de IndustriALL, Tom Grinter, y agreg\u00f3:<br \/>&nbsp;<br \/>&ldquo;La verdadera raz\u00f3n de la amenaza de despido es clara: es una represalia por atraer el escrutinio nacional e internacional sobre las pr\u00e1cticas laborales de la empresa.<\/p><p>De hecho, la amenaza de despido se produce solo una semana despu\u00e9s de que los compradores multinacionales desarrollaran una auditor\u00eda de diligencia debida, la cual formul\u00f3 preguntas sobre las relaciones entre la administraci\u00f3n y el sindicato, y solo d\u00edas despu\u00e9s de una inspecci\u00f3n de la&nbsp;Superintendencia nacional de fiscalizaci\u00f3n laboral de Per\u00fa (SUNAFIL).&rdquo;<\/p><p>Uno de los principales compradores internacionales de Laboratorio SMA de Per\u00fa es Unilever. La compa\u00f1\u00eda angloholandesa de producci\u00f3n mundial de bienes de consumo &nbsp;posee un <a href=\"https:\/\/www.industriall-union.org\/es\/unilever-firma-memorando-de-entendimiento-con-industriall-y-la-uita\" target=\"_self\">Memorando de entendimiento con IndustriALL<\/a> destinado a garantizar el cumplimiento de los derechos sindicales, donde reconoce a IndustriALL como una organizaci\u00f3n representativa a nivel internacional. Por dicho motivo, IndustriALL inform\u00f3 a Unilever sobre la situaci\u00f3n en Per\u00fa, y la multinacional conduce investigaciones de diligencia debida.&nbsp;<br \/>&nbsp;<br \/>Por su parte, FETRIMAP-CGTP asegura que la amenaza de despido a la l\u00edder sindical es la \u00faltima de una larga serie de violaciones a los derechos laborales, entre ellas: la discriminaci\u00f3n antisindical, la injerencia en el funcionamiento del sindicato y la negativa a negociar de buena fe.<\/p><p>La federaci\u00f3n sindical explica que la compa\u00f1\u00eda tambi\u00e9n hace un uso abusivo de los contratos temporales para evitar el empleo regular y le niega as\u00ed a los derechos fundamentales a sus trabajadores, incluido el derecho a la libertad de asociaci\u00f3n. Tambi\u00e9n viol\u00f3 el derecho fundamental a la salud y la seguridad, en particular el derecho a conocer los peligros en el lugar de trabajo y obtener capacitaci\u00f3n y educaci\u00f3n.<br \/>&nbsp;<\/p>","protected":false},"featured_media":0,"template":"","issues":[402,422,424,425],"companies":[],"regions":[254,279],"sectors":[476],"article_tags":[505,511],"class_list":["post-153354","article","type-article","status-publish","hentry","issues-health-and-safety","issues-human-trade-union-rights","issues-violation","issues-workers-rights","regions-latin-america-and-the-caribbean","regions-peru","sectors-chemical-pharmaceutical-bio-science","article_tags-collective-bargaining","article_tags-industriall"],"acf":[],"yoast_head":"<!-- This site is optimized with the Yoast SEO Premium plugin v27.1 (Yoast SEO v27.1) - https:\/\/yoast.com\/product\/yoast-seo-premium-wordpress\/ -->\n<title>Laboratorios SMA Per\u00fa intensifica sus medidas antisindicales contra sus trabajadores - industriall-union<\/title>\n<meta name=\"description\" content=\"El Sindicato nacional de trabajadores del Laboratorio SMA (el cual forma parte de la Federaci\u00f3n de trabajadores de la industria manufacturera y servicios\" \/>\n<meta name=\"robots\" content=\"index, follow, max-snippet:-1, max-image-preview:large, max-video-preview:-1\" \/>\n<link rel=\"canonical\" href=\"https:\/\/admin.industriall-union.org\/es\/laboratorios-sma-peru-intensifica-sus-medidas-antisindicales-contra-sus-trabajadores\/\" \/>\n<meta property=\"og:locale\" content=\"es_ES\" \/>\n<meta property=\"og:type\" content=\"article\" \/>\n<meta property=\"og:title\" content=\"Laboratorios SMA Per\u00fa intensifica sus medidas antisindicales contra sus trabajadores\" \/>\n<meta property=\"og:description\" content=\"El Sindicato nacional de trabajadores del Laboratorio SMA (el cual forma parte de la Federaci\u00f3n de trabajadores de la industria manufacturera y servicios\" \/>\n<meta property=\"og:url\" content=\"https:\/\/admin.industriall-union.org\/es\/laboratorios-sma-peru-intensifica-sus-medidas-antisindicales-contra-sus-trabajadores\/\" \/>\n<meta property=\"og:site_name\" content=\"industriall-union\" \/>\n<meta property=\"article:modified_time\" content=\"2025-01-27T21:47:38+00:00\" \/>\n<meta name=\"twitter:card\" content=\"summary_large_image\" \/>\n<meta name=\"twitter:label1\" content=\"Est. reading time\" \/>\n\t<meta name=\"twitter:data1\" content=\"3 minutes\" \/>\n<script type=\"application\/ld+json\" class=\"yoast-schema-graph\">{\"@context\":\"https:\/\/schema.org\",\"@graph\":[{\"@type\":\"WebPage\",\"@id\":\"https:\/\/admin.industriall-union.org\/es\/laboratorios-sma-peru-intensifica-sus-medidas-antisindicales-contra-sus-trabajadores\/\",\"url\":\"https:\/\/admin.industriall-union.org\/es\/laboratorios-sma-peru-intensifica-sus-medidas-antisindicales-contra-sus-trabajadores\/\",\"name\":\"Laboratorios SMA Per\u00fa intensifica sus medidas antisindicales contra sus trabajadores - industriall-union\",\"isPartOf\":{\"@id\":\"https:\/\/admin.industriall-union.org\/#website\"},\"datePublished\":\"2023-03-17T19:34:58+00:00\",\"dateModified\":\"2025-01-27T21:47:38+00:00\",\"description\":\"El Sindicato nacional de trabajadores del Laboratorio SMA (el cual forma parte de la Federaci\u00f3n de trabajadores de la industria manufacturera y servicios\",\"breadcrumb\":{\"@id\":\"https:\/\/admin.industriall-union.org\/es\/laboratorios-sma-peru-intensifica-sus-medidas-antisindicales-contra-sus-trabajadores\/#breadcrumb\"},\"inLanguage\":\"es-ES\",\"potentialAction\":[{\"@type\":\"ReadAction\",\"target\":[\"https:\/\/admin.industriall-union.org\/es\/laboratorios-sma-peru-intensifica-sus-medidas-antisindicales-contra-sus-trabajadores\/\"]}]},{\"@type\":\"BreadcrumbList\",\"@id\":\"https:\/\/admin.industriall-union.org\/es\/laboratorios-sma-peru-intensifica-sus-medidas-antisindicales-contra-sus-trabajadores\/#breadcrumb\",\"itemListElement\":[{\"@type\":\"ListItem\",\"position\":1,\"name\":\"Home\",\"item\":\"https:\/\/admin.industriall-union.org\/\"},{\"@type\":\"ListItem\",\"position\":2,\"name\":\"Articles\",\"item\":\"https:\/\/admin.industriall-union.org\/article\/\"},{\"@type\":\"ListItem\",\"position\":3,\"name\":\"Laboratorios SMA Per\u00fa intensifica sus medidas antisindicales contra sus trabajadores\"}]},{\"@type\":\"WebSite\",\"@id\":\"https:\/\/admin.industriall-union.org\/#website\",\"url\":\"https:\/\/admin.industriall-union.org\/\",\"name\":\"industriall-union\",\"description\":\"\",\"potentialAction\":[{\"@type\":\"SearchAction\",\"target\":{\"@type\":\"EntryPoint\",\"urlTemplate\":\"https:\/\/admin.industriall-union.org\/?s={search_term_string}\"},\"query-input\":{\"@type\":\"PropertyValueSpecification\",\"valueRequired\":true,\"valueName\":\"search_term_string\"}}],\"inLanguage\":\"es-ES\"}]}<\/script>\n<!-- \/ Yoast SEO Premium plugin. -->","yoast_head_json":{"title":"Laboratorios SMA Per\u00fa intensifica sus medidas antisindicales contra sus trabajadores - industriall-union","description":"El Sindicato nacional de trabajadores del Laboratorio SMA (el cual forma parte de la Federaci\u00f3n de trabajadores de la industria manufacturera y servicios","robots":{"index":"index","follow":"follow","max-snippet":"max-snippet:-1","max-image-preview":"max-image-preview:large","max-video-preview":"max-video-preview:-1"},"canonical":"https:\/\/admin.industriall-union.org\/es\/laboratorios-sma-peru-intensifica-sus-medidas-antisindicales-contra-sus-trabajadores\/","og_locale":"es_ES","og_type":"article","og_title":"Laboratorios SMA Per\u00fa intensifica sus medidas antisindicales contra sus trabajadores","og_description":"El Sindicato nacional de trabajadores del Laboratorio SMA (el cual forma parte de la Federaci\u00f3n de trabajadores de la industria manufacturera y servicios","og_url":"https:\/\/admin.industriall-union.org\/es\/laboratorios-sma-peru-intensifica-sus-medidas-antisindicales-contra-sus-trabajadores\/","og_site_name":"industriall-union","article_modified_time":"2025-01-27T21:47:38+00:00","twitter_card":"summary_large_image","twitter_misc":{"Est. reading time":"3 minutes"},"schema":{"@context":"https:\/\/schema.org","@graph":[{"@type":"WebPage","@id":"https:\/\/admin.industriall-union.org\/es\/laboratorios-sma-peru-intensifica-sus-medidas-antisindicales-contra-sus-trabajadores\/","url":"https:\/\/admin.industriall-union.org\/es\/laboratorios-sma-peru-intensifica-sus-medidas-antisindicales-contra-sus-trabajadores\/","name":"Laboratorios SMA Per\u00fa intensifica sus medidas antisindicales contra sus trabajadores - industriall-union","isPartOf":{"@id":"https:\/\/admin.industriall-union.org\/#website"},"datePublished":"2023-03-17T19:34:58+00:00","dateModified":"2025-01-27T21:47:38+00:00","description":"El Sindicato nacional de trabajadores del Laboratorio SMA (el cual forma parte de la Federaci\u00f3n de trabajadores de la industria manufacturera y servicios","breadcrumb":{"@id":"https:\/\/admin.industriall-union.org\/es\/laboratorios-sma-peru-intensifica-sus-medidas-antisindicales-contra-sus-trabajadores\/#breadcrumb"},"inLanguage":"es-ES","potentialAction":[{"@type":"ReadAction","target":["https:\/\/admin.industriall-union.org\/es\/laboratorios-sma-peru-intensifica-sus-medidas-antisindicales-contra-sus-trabajadores\/"]}]},{"@type":"BreadcrumbList","@id":"https:\/\/admin.industriall-union.org\/es\/laboratorios-sma-peru-intensifica-sus-medidas-antisindicales-contra-sus-trabajadores\/#breadcrumb","itemListElement":[{"@type":"ListItem","position":1,"name":"Home","item":"https:\/\/admin.industriall-union.org\/"},{"@type":"ListItem","position":2,"name":"Articles","item":"https:\/\/admin.industriall-union.org\/article\/"},{"@type":"ListItem","position":3,"name":"Laboratorios SMA Per\u00fa intensifica sus medidas antisindicales contra sus trabajadores"}]},{"@type":"WebSite","@id":"https:\/\/admin.industriall-union.org\/#website","url":"https:\/\/admin.industriall-union.org\/","name":"industriall-union","description":"","potentialAction":[{"@type":"SearchAction","target":{"@type":"EntryPoint","urlTemplate":"https:\/\/admin.industriall-union.org\/?s={search_term_string}"},"query-input":{"@type":"PropertyValueSpecification","valueRequired":true,"valueName":"search_term_string"}}],"inLanguage":"es-ES"}]}},"_links":{"self":[{"href":"https:\/\/admin.industriall-union.org\/es\/wp-json\/wp\/v2\/article\/153354","targetHints":{"allow":["GET"]}}],"collection":[{"href":"https:\/\/admin.industriall-union.org\/es\/wp-json\/wp\/v2\/article"}],"about":[{"href":"https:\/\/admin.industriall-union.org\/es\/wp-json\/wp\/v2\/types\/article"}],"wp:attachment":[{"href":"https:\/\/admin.industriall-union.org\/es\/wp-json\/wp\/v2\/media?parent=153354"}],"wp:term":[{"taxonomy":"issues","embeddable":true,"href":"https:\/\/admin.industriall-union.org\/es\/wp-json\/wp\/v2\/issues?post=153354"},{"taxonomy":"companies","embeddable":true,"href":"https:\/\/admin.industriall-union.org\/es\/wp-json\/wp\/v2\/companies?post=153354"},{"taxonomy":"regions","embeddable":true,"href":"https:\/\/admin.industriall-union.org\/es\/wp-json\/wp\/v2\/regions?post=153354"},{"taxonomy":"sectors","embeddable":true,"href":"https:\/\/admin.industriall-union.org\/es\/wp-json\/wp\/v2\/sectors?post=153354"},{"taxonomy":"article_tags","embeddable":true,"href":"https:\/\/admin.industriall-union.org\/es\/wp-json\/wp\/v2\/article_tags?post=153354"}],"curies":[{"name":"wp","href":"https:\/\/api.w.org\/{rel}","templated":true}]}}