{"id":153307,"date":"2023-04-13T14:29:19","date_gmt":"2023-04-13T14:29:19","guid":{"rendered":"https:\/\/admin.industriall-union.org\/300-000-trabajadores-del-sector-automotor-de-sudafrica-afectados-por-el-retraso-en-el-acuerdo-salarial\/"},"modified":"2025-01-27T21:32:33","modified_gmt":"2025-01-27T21:32:33","slug":"300-000-trabajadores-del-sector-automotor-de-sudafrica-afectados-por-el-retraso-en-el-acuerdo-salarial","status":"publish","type":"article","link":"https:\/\/admin.industriall-union.org\/es\/300-000-trabajadores-del-sector-automotor-de-sudafrica-afectados-por-el-retraso-en-el-acuerdo-salarial\/","title":{"rendered":"300.000 trabajadores del sector automotor de Sud\u00e1frica afectados por el retraso en el acuerdo salarial"},"content":{"rendered":"<p>Los acuerdos colectivos sobre salarios solo pasan a ser vinculantes para los dem\u00e1s trabajadores del sector cuando el ministro de Empleo y Trabajo los publica en el bolet\u00edn oficial. Este proceso se conoce como publicaci\u00f3n oficial, y es a partir de este momento que todos los trabajadores pueden beneficiarse de sus disposiciones. Al demorarse este proceso, los trabajadores no pueden acceder a los beneficios previstos en el convenio.<\/p><p>El ministro de Trabajo tard\u00f3 m\u00e1s de cuatro meses en publicar oficialmente el acuerdo, que se firm\u00f3 en noviembre de 2022 despu\u00e9s de extensas negociaciones. En este documento se establecen aumentos salariales del 5&nbsp;% para los trabajadores de gasolineras, del 6,5&nbsp;% para los de concesionarios de autom\u00f3viles y del 7,5&nbsp;% para los de proveedores de componentes. En ciertas instancias de las negociaciones, el NUMSA consider\u00f3 hacer huelga para presionar a los empleadores y lograr que respondieran a las demandas salariales.<\/p><blockquote><p>&ldquo;Los empleadores deben implementar inmediatamente el aumento y ponerle fin a este enga\u00f1o a los trabajadores. No existe motivo alguno para que los empleadores en el sector minorista del combustible y el resto de la industria automotriz retrasen el aumento desde la fecha en que se firm\u00f3 en el Consejo de Negociaci\u00f3n de Industrias Automotrices (MIBCO) en noviembre del a\u00f1o pasado. Hicieron esto para maximizar las ganancias a expensas de los trabajadores. El NUMSA condena las acciones de los empleadores para demorar la implementaci\u00f3n del aumento. En el futuro, el sindicato tomar\u00e1 las medidas necesarias para garantizar que el Ministerio de Trabajo publique inmediatamente los acuerdos que se alcancen&rdquo;,<\/p><\/blockquote><p>declar\u00f3 Irvin Jim, secretario general del NUMSA.<\/p><p>Las leyes laborales sudafricanas permiten la extensi\u00f3n de los acuerdos concretados en los consejos de negociaci\u00f3n a todo el sector siempre que la mayor\u00eda de los sindicatos y empleadores la apoyen. Los consejos de negociaci\u00f3n est\u00e1n formados por organizaciones de empleadores y sindicatos, y las extensiones se realizan a trav\u00e9s de boletines oficiales del ministro de Trabajo. La extensi\u00f3n del acuerdo a terceros mejora los salarios en todo el sector.<\/p><blockquote><p>&ldquo;Los retrasos innecesarios en la publicaci\u00f3n oficial del acuerdo implican que los trabajadores sigan luchando para poder mantenerse en el contexto del creciente costo de vida, mientras que los empleadores se niegan a pagar lo que corresponde. Apoyamos al NUMSA en sus exigencias para poner fin a este perjuicio&rdquo;,<\/p><\/blockquote><p>expres\u00f3 Paule France Ndessomin, secretaria regional de IndustriALL para \u00c1frica Subsahariana.<\/p>","protected":false},"featured_media":0,"template":"","issues":[],"companies":[],"regions":[350],"sectors":[482],"article_tags":[],"class_list":["post-153307","article","type-article","status-publish","hentry","regions-south-africa","sectors-automotive"],"acf":[],"yoast_head":"<!-- This site is optimized with the Yoast SEO Premium plugin v27.1 (Yoast SEO v27.1) - https:\/\/yoast.com\/product\/yoast-seo-premium-wordpress\/ -->\n<title>300.000 trabajadores del sector automotor de Sud\u00e1frica afectados por el retraso en el acuerdo salarial - industriall-union<\/title>\n<meta name=\"description\" content=\"Los acuerdos colectivos sobre salarios solo pasan a ser vinculantes para los dem\u00e1s trabajadores del sector cuando el ministro de Empleo y Trabajo los\" \/>\n<meta name=\"robots\" content=\"index, follow, max-snippet:-1, max-image-preview:large, max-video-preview:-1\" \/>\n<link rel=\"canonical\" href=\"https:\/\/admin.industriall-union.org\/es\/300-000-trabajadores-del-sector-automotor-de-sudafrica-afectados-por-el-retraso-en-el-acuerdo-salarial\/\" \/>\n<meta property=\"og:locale\" content=\"es_ES\" \/>\n<meta property=\"og:type\" content=\"article\" \/>\n<meta property=\"og:title\" content=\"300.000 trabajadores del sector automotor de Sud\u00e1frica afectados por el retraso en el acuerdo salarial\" \/>\n<meta property=\"og:description\" content=\"Los acuerdos colectivos sobre salarios solo pasan a ser vinculantes para los dem\u00e1s trabajadores del sector cuando el ministro de Empleo y Trabajo los\" \/>\n<meta property=\"og:url\" content=\"https:\/\/admin.industriall-union.org\/es\/300-000-trabajadores-del-sector-automotor-de-sudafrica-afectados-por-el-retraso-en-el-acuerdo-salarial\/\" \/>\n<meta property=\"og:site_name\" content=\"industriall-union\" \/>\n<meta property=\"article:modified_time\" content=\"2025-01-27T21:32:33+00:00\" \/>\n<meta name=\"twitter:card\" content=\"summary_large_image\" \/>\n<meta name=\"twitter:label1\" content=\"Est. reading time\" \/>\n\t<meta name=\"twitter:data1\" content=\"2 minutes\" \/>\n<script type=\"application\/ld+json\" class=\"yoast-schema-graph\">{\"@context\":\"https:\/\/schema.org\",\"@graph\":[{\"@type\":\"WebPage\",\"@id\":\"https:\/\/admin.industriall-union.org\/es\/300-000-trabajadores-del-sector-automotor-de-sudafrica-afectados-por-el-retraso-en-el-acuerdo-salarial\/\",\"url\":\"https:\/\/admin.industriall-union.org\/es\/300-000-trabajadores-del-sector-automotor-de-sudafrica-afectados-por-el-retraso-en-el-acuerdo-salarial\/\",\"name\":\"300.000 trabajadores del sector automotor de Sud\u00e1frica afectados por el retraso en el acuerdo salarial - industriall-union\",\"isPartOf\":{\"@id\":\"https:\/\/admin.industriall-union.org\/#website\"},\"datePublished\":\"2023-04-13T14:29:19+00:00\",\"dateModified\":\"2025-01-27T21:32:33+00:00\",\"description\":\"Los acuerdos colectivos sobre salarios solo pasan a ser vinculantes para los dem\u00e1s trabajadores del sector cuando el ministro de Empleo y Trabajo los\",\"breadcrumb\":{\"@id\":\"https:\/\/admin.industriall-union.org\/es\/300-000-trabajadores-del-sector-automotor-de-sudafrica-afectados-por-el-retraso-en-el-acuerdo-salarial\/#breadcrumb\"},\"inLanguage\":\"es-ES\",\"potentialAction\":[{\"@type\":\"ReadAction\",\"target\":[\"https:\/\/admin.industriall-union.org\/es\/300-000-trabajadores-del-sector-automotor-de-sudafrica-afectados-por-el-retraso-en-el-acuerdo-salarial\/\"]}]},{\"@type\":\"BreadcrumbList\",\"@id\":\"https:\/\/admin.industriall-union.org\/es\/300-000-trabajadores-del-sector-automotor-de-sudafrica-afectados-por-el-retraso-en-el-acuerdo-salarial\/#breadcrumb\",\"itemListElement\":[{\"@type\":\"ListItem\",\"position\":1,\"name\":\"Home\",\"item\":\"https:\/\/admin.industriall-union.org\/\"},{\"@type\":\"ListItem\",\"position\":2,\"name\":\"Articles\",\"item\":\"https:\/\/admin.industriall-union.org\/article\/\"},{\"@type\":\"ListItem\",\"position\":3,\"name\":\"300.000 trabajadores del sector automotor de Sud\u00e1frica afectados por el retraso en el acuerdo salarial\"}]},{\"@type\":\"WebSite\",\"@id\":\"https:\/\/admin.industriall-union.org\/#website\",\"url\":\"https:\/\/admin.industriall-union.org\/\",\"name\":\"industriall-union\",\"description\":\"\",\"potentialAction\":[{\"@type\":\"SearchAction\",\"target\":{\"@type\":\"EntryPoint\",\"urlTemplate\":\"https:\/\/admin.industriall-union.org\/?s={search_term_string}\"},\"query-input\":{\"@type\":\"PropertyValueSpecification\",\"valueRequired\":true,\"valueName\":\"search_term_string\"}}],\"inLanguage\":\"es-ES\"}]}<\/script>\n<!-- \/ Yoast SEO Premium plugin. -->","yoast_head_json":{"title":"300.000 trabajadores del sector automotor de Sud\u00e1frica afectados por el retraso en el acuerdo salarial - industriall-union","description":"Los acuerdos colectivos sobre salarios solo pasan a ser vinculantes para los dem\u00e1s trabajadores del sector cuando el ministro de Empleo y Trabajo los","robots":{"index":"index","follow":"follow","max-snippet":"max-snippet:-1","max-image-preview":"max-image-preview:large","max-video-preview":"max-video-preview:-1"},"canonical":"https:\/\/admin.industriall-union.org\/es\/300-000-trabajadores-del-sector-automotor-de-sudafrica-afectados-por-el-retraso-en-el-acuerdo-salarial\/","og_locale":"es_ES","og_type":"article","og_title":"300.000 trabajadores del sector automotor de Sud\u00e1frica afectados por el retraso en el acuerdo salarial","og_description":"Los acuerdos colectivos sobre salarios solo pasan a ser vinculantes para los dem\u00e1s trabajadores del sector cuando el ministro de Empleo y Trabajo los","og_url":"https:\/\/admin.industriall-union.org\/es\/300-000-trabajadores-del-sector-automotor-de-sudafrica-afectados-por-el-retraso-en-el-acuerdo-salarial\/","og_site_name":"industriall-union","article_modified_time":"2025-01-27T21:32:33+00:00","twitter_card":"summary_large_image","twitter_misc":{"Est. reading time":"2 minutes"},"schema":{"@context":"https:\/\/schema.org","@graph":[{"@type":"WebPage","@id":"https:\/\/admin.industriall-union.org\/es\/300-000-trabajadores-del-sector-automotor-de-sudafrica-afectados-por-el-retraso-en-el-acuerdo-salarial\/","url":"https:\/\/admin.industriall-union.org\/es\/300-000-trabajadores-del-sector-automotor-de-sudafrica-afectados-por-el-retraso-en-el-acuerdo-salarial\/","name":"300.000 trabajadores del sector automotor de Sud\u00e1frica afectados por el retraso en el acuerdo salarial - industriall-union","isPartOf":{"@id":"https:\/\/admin.industriall-union.org\/#website"},"datePublished":"2023-04-13T14:29:19+00:00","dateModified":"2025-01-27T21:32:33+00:00","description":"Los acuerdos colectivos sobre salarios solo pasan a ser vinculantes para los dem\u00e1s trabajadores del sector cuando el ministro de Empleo y Trabajo los","breadcrumb":{"@id":"https:\/\/admin.industriall-union.org\/es\/300-000-trabajadores-del-sector-automotor-de-sudafrica-afectados-por-el-retraso-en-el-acuerdo-salarial\/#breadcrumb"},"inLanguage":"es-ES","potentialAction":[{"@type":"ReadAction","target":["https:\/\/admin.industriall-union.org\/es\/300-000-trabajadores-del-sector-automotor-de-sudafrica-afectados-por-el-retraso-en-el-acuerdo-salarial\/"]}]},{"@type":"BreadcrumbList","@id":"https:\/\/admin.industriall-union.org\/es\/300-000-trabajadores-del-sector-automotor-de-sudafrica-afectados-por-el-retraso-en-el-acuerdo-salarial\/#breadcrumb","itemListElement":[{"@type":"ListItem","position":1,"name":"Home","item":"https:\/\/admin.industriall-union.org\/"},{"@type":"ListItem","position":2,"name":"Articles","item":"https:\/\/admin.industriall-union.org\/article\/"},{"@type":"ListItem","position":3,"name":"300.000 trabajadores del sector automotor de Sud\u00e1frica afectados por el retraso en el acuerdo salarial"}]},{"@type":"WebSite","@id":"https:\/\/admin.industriall-union.org\/#website","url":"https:\/\/admin.industriall-union.org\/","name":"industriall-union","description":"","potentialAction":[{"@type":"SearchAction","target":{"@type":"EntryPoint","urlTemplate":"https:\/\/admin.industriall-union.org\/?s={search_term_string}"},"query-input":{"@type":"PropertyValueSpecification","valueRequired":true,"valueName":"search_term_string"}}],"inLanguage":"es-ES"}]}},"_links":{"self":[{"href":"https:\/\/admin.industriall-union.org\/es\/wp-json\/wp\/v2\/article\/153307","targetHints":{"allow":["GET"]}}],"collection":[{"href":"https:\/\/admin.industriall-union.org\/es\/wp-json\/wp\/v2\/article"}],"about":[{"href":"https:\/\/admin.industriall-union.org\/es\/wp-json\/wp\/v2\/types\/article"}],"wp:attachment":[{"href":"https:\/\/admin.industriall-union.org\/es\/wp-json\/wp\/v2\/media?parent=153307"}],"wp:term":[{"taxonomy":"issues","embeddable":true,"href":"https:\/\/admin.industriall-union.org\/es\/wp-json\/wp\/v2\/issues?post=153307"},{"taxonomy":"companies","embeddable":true,"href":"https:\/\/admin.industriall-union.org\/es\/wp-json\/wp\/v2\/companies?post=153307"},{"taxonomy":"regions","embeddable":true,"href":"https:\/\/admin.industriall-union.org\/es\/wp-json\/wp\/v2\/regions?post=153307"},{"taxonomy":"sectors","embeddable":true,"href":"https:\/\/admin.industriall-union.org\/es\/wp-json\/wp\/v2\/sectors?post=153307"},{"taxonomy":"article_tags","embeddable":true,"href":"https:\/\/admin.industriall-union.org\/es\/wp-json\/wp\/v2\/article_tags?post=153307"}],"curies":[{"name":"wp","href":"https:\/\/api.w.org\/{rel}","templated":true}]}}