{"id":153300,"date":"2023-04-18T13:04:44","date_gmt":"2023-04-18T13:04:44","guid":{"rendered":"https:\/\/admin.industriall-union.org\/los-sindicatos-de-myanmar-condenan-la-iniciativa-de-la-ue-para-el-sector-de-la-confeccion\/"},"modified":"2025-01-27T21:32:16","modified_gmt":"2025-01-27T21:32:16","slug":"los-sindicatos-de-myanmar-condenan-la-iniciativa-de-la-ue-para-el-sector-de-la-confeccion","status":"publish","type":"article","link":"https:\/\/admin.industriall-union.org\/es\/los-sindicatos-de-myanmar-condenan-la-iniciativa-de-la-ue-para-el-sector-de-la-confeccion\/","title":{"rendered":"Los sindicatos de Myanmar condenan la iniciativa de la UE para el sector de la confecci\u00f3n"},"content":{"rendered":"<p>La Alianza Multipartita para el Empleo Decente en la Industria de la Moda de Myanmar (MADE in Myanmar, por su nombre en ingl\u00e9s) afirma promover el di\u00e1logo social y los mecanismos de negociaci\u00f3n colectiva.<\/p><p>Esta iniciativa sostiene respaldar la creaci\u00f3n de comit\u00e9s paritarios y la formulaci\u00f3n de programas de formaci\u00f3n y desarrollo de capacidades para el personal y la direcci\u00f3n de las f\u00e1bricas con el fin de mejorar la comunicaci\u00f3n y la colaboraci\u00f3n. Sin embargo, en un pa\u00eds dominado por los militares desde el golpe de Estado de febrero de 2021, un r\u00e9gimen que reprime duramente a los sindicatos, esto es imposible.<\/p><p>En una <a href=\"\/wp-content\/uploads\/images\/2023\/MYANMAR\/2023_april_12_myanmar_labour_alliance_open_letter_to_meps.pdf\">carta a la Uni\u00f3n Europea<\/a>, la Alianza Obrera de Myanmar y otros sindicatos expresaron que la prohibici\u00f3n de los sindicatos independientes en el pa\u00eds es un atentado contra la libertad sindical y que MADE&nbsp;in Myanmar&nbsp;asiste a la junta militar en su b\u00fasqueda de legitimidad.<\/p><p><a href=\"\/wp-content\/uploads\/images\/2023\/MYANMAR\/joint_igu-iaetu_letter_to_eu_on_made_in_myanmar_project_18-04-2023.pdf\">IndustriALL Global Union e industriALL Europe tambi\u00e9n le han escrito<\/a> a la Uni\u00f3n Europea para expresar su preocupaci\u00f3n por esta iniciativa:<\/p><blockquote><p>&ldquo;Los empleadores aprovechan la situaci\u00f3n pol\u00edtica para privar a las y los trabajadores de sus derechos. Contin\u00faan las graves violaciones de los derechos humanos y laborales en Myanmar&rdquo;.<\/p><\/blockquote><p>La libertad sindical es un derecho humano y un principio fundamental consagrado por la UE. Por lo tanto, las restricciones impuestas a los sindicatos y el derecho a la negociaci\u00f3n colectiva en Myanmar bajo el r\u00e9gimen militar son una grave preocupaci\u00f3n que pone en tela de juicio la legitimidad de esta iniciativa.<\/p><p>La carta a la UE tambi\u00e9n hace hincapi\u00e9 en que:<\/p><blockquote><p>&ldquo;Con el apoyo de MADE in Myanmar, las organizaciones no representativas se registran bajo el mecanismo de registro sindical del Consejo Administrativo del Estado (CAE). Mediante la creaci\u00f3n de comit\u00e9s de coordinaci\u00f3n en el lugar de trabajo &mdash;con representantes de los trabajadores aprobados por el empleador&mdash; MADE in Myanmar ofrece a los empresarios y al CAE una herramienta de propaganda para crear la impresi\u00f3n de que existe el di\u00e1logo social. Esto genera la ilusi\u00f3n de que Myanmar permite la libertad sindical, que los sindicatos son reconocidos y pueden registrarse y pueden funcionar libremente, y que se respetan los derechos laborales&rdquo;.<\/p><\/blockquote><p>Seg\u00fan el <a href=\"https:\/\/www.ethicaltrade.org\/resources\/myanmar-enhanced-due-diligence-sectoral-assessment\" title=\"https:\/\/www.ethicaltrade.org\/resources\/myanmar-enhanced-due-diligence-sectoral-assessment\">informe<\/a>, encargado por la Iniciativa de Comercio \u00c9tico (ETI, por sus siglas en ingl\u00e9s) en septiembre de 2022, es imposible que las marcas que operan en Myanmar ejerzan la diligencia debida y se adhieran a las normas sobre comercio responsable reconocidas a nivel mundial.<\/p><p>El mensaje es muy claro: el movimiento sindical internacional exige a la UE que ponga fin a su apoyo al programa SMART Myanmar\/MADE in Myanmar.<\/p><blockquote><p>&ldquo;IndustriALL Global Union e industriAll European Trade Union expresan su firme oposici\u00f3n a la pretensi\u00f3n de que MADE in Myanmar protege los derechos laborales, y a sus actividades que apoyan y legitiman al CAE&rdquo;,<\/p><\/blockquote><p>declar\u00f3 Atle H\u00f8ie, secretario general de IndustriALL.<\/p>","protected":false},"featured_media":0,"template":"","issues":[],"companies":[],"regions":[177],"sectors":[],"article_tags":[],"class_list":["post-153300","article","type-article","status-publish","hentry","regions-myanmar"],"acf":[],"yoast_head":"<!-- This site is optimized with the Yoast SEO Premium plugin v27.1 (Yoast SEO v27.1) - https:\/\/yoast.com\/product\/yoast-seo-premium-wordpress\/ -->\n<title>Los sindicatos de Myanmar condenan la iniciativa de la UE para el sector de la confecci\u00f3n - industriall-union<\/title>\n<meta name=\"description\" content=\"La Alianza Multipartita para el Empleo Decente en la Industria de la Moda de Myanmar (MADE in Myanmar, por su nombre en ingl\u00e9s) afirma promover el di\u00e1logo\" \/>\n<meta name=\"robots\" content=\"index, follow, max-snippet:-1, max-image-preview:large, max-video-preview:-1\" \/>\n<link rel=\"canonical\" href=\"https:\/\/admin.industriall-union.org\/es\/los-sindicatos-de-myanmar-condenan-la-iniciativa-de-la-ue-para-el-sector-de-la-confeccion\/\" \/>\n<meta property=\"og:locale\" content=\"es_ES\" \/>\n<meta property=\"og:type\" content=\"article\" \/>\n<meta property=\"og:title\" content=\"Los sindicatos de Myanmar condenan la iniciativa de la UE para el sector de la confecci\u00f3n\" \/>\n<meta property=\"og:description\" content=\"La Alianza Multipartita para el Empleo Decente en la Industria de la Moda de Myanmar (MADE in Myanmar, por su nombre en ingl\u00e9s) afirma promover el di\u00e1logo\" \/>\n<meta property=\"og:url\" content=\"https:\/\/admin.industriall-union.org\/es\/los-sindicatos-de-myanmar-condenan-la-iniciativa-de-la-ue-para-el-sector-de-la-confeccion\/\" \/>\n<meta property=\"og:site_name\" content=\"industriall-union\" \/>\n<meta property=\"article:modified_time\" content=\"2025-01-27T21:32:16+00:00\" \/>\n<meta name=\"twitter:card\" content=\"summary_large_image\" \/>\n<meta name=\"twitter:label1\" content=\"Est. reading time\" \/>\n\t<meta name=\"twitter:data1\" content=\"3 minutes\" \/>\n<script type=\"application\/ld+json\" class=\"yoast-schema-graph\">{\"@context\":\"https:\/\/schema.org\",\"@graph\":[{\"@type\":\"WebPage\",\"@id\":\"https:\/\/admin.industriall-union.org\/es\/los-sindicatos-de-myanmar-condenan-la-iniciativa-de-la-ue-para-el-sector-de-la-confeccion\/\",\"url\":\"https:\/\/admin.industriall-union.org\/es\/los-sindicatos-de-myanmar-condenan-la-iniciativa-de-la-ue-para-el-sector-de-la-confeccion\/\",\"name\":\"Los sindicatos de Myanmar condenan la iniciativa de la UE para el sector de la confecci\u00f3n - industriall-union\",\"isPartOf\":{\"@id\":\"https:\/\/admin.industriall-union.org\/#website\"},\"datePublished\":\"2023-04-18T13:04:44+00:00\",\"dateModified\":\"2025-01-27T21:32:16+00:00\",\"description\":\"La Alianza Multipartita para el Empleo Decente en la Industria de la Moda de Myanmar (MADE in Myanmar, por su nombre en ingl\u00e9s) afirma promover el di\u00e1logo\",\"breadcrumb\":{\"@id\":\"https:\/\/admin.industriall-union.org\/es\/los-sindicatos-de-myanmar-condenan-la-iniciativa-de-la-ue-para-el-sector-de-la-confeccion\/#breadcrumb\"},\"inLanguage\":\"es-ES\",\"potentialAction\":[{\"@type\":\"ReadAction\",\"target\":[\"https:\/\/admin.industriall-union.org\/es\/los-sindicatos-de-myanmar-condenan-la-iniciativa-de-la-ue-para-el-sector-de-la-confeccion\/\"]}]},{\"@type\":\"BreadcrumbList\",\"@id\":\"https:\/\/admin.industriall-union.org\/es\/los-sindicatos-de-myanmar-condenan-la-iniciativa-de-la-ue-para-el-sector-de-la-confeccion\/#breadcrumb\",\"itemListElement\":[{\"@type\":\"ListItem\",\"position\":1,\"name\":\"Home\",\"item\":\"https:\/\/admin.industriall-union.org\/\"},{\"@type\":\"ListItem\",\"position\":2,\"name\":\"Articles\",\"item\":\"https:\/\/admin.industriall-union.org\/article\/\"},{\"@type\":\"ListItem\",\"position\":3,\"name\":\"Los sindicatos de Myanmar condenan la iniciativa de la UE para el sector de la confecci\u00f3n\"}]},{\"@type\":\"WebSite\",\"@id\":\"https:\/\/admin.industriall-union.org\/#website\",\"url\":\"https:\/\/admin.industriall-union.org\/\",\"name\":\"industriall-union\",\"description\":\"\",\"potentialAction\":[{\"@type\":\"SearchAction\",\"target\":{\"@type\":\"EntryPoint\",\"urlTemplate\":\"https:\/\/admin.industriall-union.org\/?s={search_term_string}\"},\"query-input\":{\"@type\":\"PropertyValueSpecification\",\"valueRequired\":true,\"valueName\":\"search_term_string\"}}],\"inLanguage\":\"es-ES\"}]}<\/script>\n<!-- \/ Yoast SEO Premium plugin. -->","yoast_head_json":{"title":"Los sindicatos de Myanmar condenan la iniciativa de la UE para el sector de la confecci\u00f3n - industriall-union","description":"La Alianza Multipartita para el Empleo Decente en la Industria de la Moda de Myanmar (MADE in Myanmar, por su nombre en ingl\u00e9s) afirma promover el di\u00e1logo","robots":{"index":"index","follow":"follow","max-snippet":"max-snippet:-1","max-image-preview":"max-image-preview:large","max-video-preview":"max-video-preview:-1"},"canonical":"https:\/\/admin.industriall-union.org\/es\/los-sindicatos-de-myanmar-condenan-la-iniciativa-de-la-ue-para-el-sector-de-la-confeccion\/","og_locale":"es_ES","og_type":"article","og_title":"Los sindicatos de Myanmar condenan la iniciativa de la UE para el sector de la confecci\u00f3n","og_description":"La Alianza Multipartita para el Empleo Decente en la Industria de la Moda de Myanmar (MADE in Myanmar, por su nombre en ingl\u00e9s) afirma promover el di\u00e1logo","og_url":"https:\/\/admin.industriall-union.org\/es\/los-sindicatos-de-myanmar-condenan-la-iniciativa-de-la-ue-para-el-sector-de-la-confeccion\/","og_site_name":"industriall-union","article_modified_time":"2025-01-27T21:32:16+00:00","twitter_card":"summary_large_image","twitter_misc":{"Est. reading time":"3 minutes"},"schema":{"@context":"https:\/\/schema.org","@graph":[{"@type":"WebPage","@id":"https:\/\/admin.industriall-union.org\/es\/los-sindicatos-de-myanmar-condenan-la-iniciativa-de-la-ue-para-el-sector-de-la-confeccion\/","url":"https:\/\/admin.industriall-union.org\/es\/los-sindicatos-de-myanmar-condenan-la-iniciativa-de-la-ue-para-el-sector-de-la-confeccion\/","name":"Los sindicatos de Myanmar condenan la iniciativa de la UE para el sector de la confecci\u00f3n - industriall-union","isPartOf":{"@id":"https:\/\/admin.industriall-union.org\/#website"},"datePublished":"2023-04-18T13:04:44+00:00","dateModified":"2025-01-27T21:32:16+00:00","description":"La Alianza Multipartita para el Empleo Decente en la Industria de la Moda de Myanmar (MADE in Myanmar, por su nombre en ingl\u00e9s) afirma promover el di\u00e1logo","breadcrumb":{"@id":"https:\/\/admin.industriall-union.org\/es\/los-sindicatos-de-myanmar-condenan-la-iniciativa-de-la-ue-para-el-sector-de-la-confeccion\/#breadcrumb"},"inLanguage":"es-ES","potentialAction":[{"@type":"ReadAction","target":["https:\/\/admin.industriall-union.org\/es\/los-sindicatos-de-myanmar-condenan-la-iniciativa-de-la-ue-para-el-sector-de-la-confeccion\/"]}]},{"@type":"BreadcrumbList","@id":"https:\/\/admin.industriall-union.org\/es\/los-sindicatos-de-myanmar-condenan-la-iniciativa-de-la-ue-para-el-sector-de-la-confeccion\/#breadcrumb","itemListElement":[{"@type":"ListItem","position":1,"name":"Home","item":"https:\/\/admin.industriall-union.org\/"},{"@type":"ListItem","position":2,"name":"Articles","item":"https:\/\/admin.industriall-union.org\/article\/"},{"@type":"ListItem","position":3,"name":"Los sindicatos de Myanmar condenan la iniciativa de la UE para el sector de la confecci\u00f3n"}]},{"@type":"WebSite","@id":"https:\/\/admin.industriall-union.org\/#website","url":"https:\/\/admin.industriall-union.org\/","name":"industriall-union","description":"","potentialAction":[{"@type":"SearchAction","target":{"@type":"EntryPoint","urlTemplate":"https:\/\/admin.industriall-union.org\/?s={search_term_string}"},"query-input":{"@type":"PropertyValueSpecification","valueRequired":true,"valueName":"search_term_string"}}],"inLanguage":"es-ES"}]}},"_links":{"self":[{"href":"https:\/\/admin.industriall-union.org\/es\/wp-json\/wp\/v2\/article\/153300","targetHints":{"allow":["GET"]}}],"collection":[{"href":"https:\/\/admin.industriall-union.org\/es\/wp-json\/wp\/v2\/article"}],"about":[{"href":"https:\/\/admin.industriall-union.org\/es\/wp-json\/wp\/v2\/types\/article"}],"wp:attachment":[{"href":"https:\/\/admin.industriall-union.org\/es\/wp-json\/wp\/v2\/media?parent=153300"}],"wp:term":[{"taxonomy":"issues","embeddable":true,"href":"https:\/\/admin.industriall-union.org\/es\/wp-json\/wp\/v2\/issues?post=153300"},{"taxonomy":"companies","embeddable":true,"href":"https:\/\/admin.industriall-union.org\/es\/wp-json\/wp\/v2\/companies?post=153300"},{"taxonomy":"regions","embeddable":true,"href":"https:\/\/admin.industriall-union.org\/es\/wp-json\/wp\/v2\/regions?post=153300"},{"taxonomy":"sectors","embeddable":true,"href":"https:\/\/admin.industriall-union.org\/es\/wp-json\/wp\/v2\/sectors?post=153300"},{"taxonomy":"article_tags","embeddable":true,"href":"https:\/\/admin.industriall-union.org\/es\/wp-json\/wp\/v2\/article_tags?post=153300"}],"curies":[{"name":"wp","href":"https:\/\/api.w.org\/{rel}","templated":true}]}}