{"id":153289,"date":"2023-04-21T11:49:26","date_gmt":"2023-04-21T11:49:26","guid":{"rendered":"https:\/\/admin.industriall-union.org\/el-kmwu-anuncia-huelgas-nacionales-contra-politicas-antiobreras\/"},"modified":"2025-01-27T21:25:40","modified_gmt":"2025-01-27T21:25:40","slug":"el-kmwu-anuncia-huelgas-nacionales-contra-politicas-antiobreras","status":"publish","type":"article","link":"https:\/\/admin.industriall-union.org\/es\/el-kmwu-anuncia-huelgas-nacionales-contra-politicas-antiobreras\/","title":{"rendered":"El KMWU anuncia huelgas nacionales contra pol\u00edticas antiobreras"},"content":{"rendered":"<blockquote><p>&ldquo;Esta es una declaraci\u00f3n de guerra contra los sindicatos. Los organismos gubernamentales est\u00e1n pintando a los sindicatos como matones corruptos y violentos, y a los sindicalistas como &lsquo;rojos&rsquo;&rdquo;,<\/p><\/blockquote><p>expres\u00f3 Yoon Jang Hyeok, dirigi\u00e9ndose a las y los trabajadores en la manifestaci\u00f3n masiva.<\/p><figure class=\"imageArticle imageFull\"><img decoding=\"async\" alt=\"\" src=\"\" style=\"width: 1432px;height: 910px\" \/><figcaption class=\"imageContent\"><div class=\"imageCaption\"><p>Miembros del KMWU en la protesta del 19 de abril en Se\u00fal<\/p><\/div><\/figcaption><\/figure><p>M\u00e1s de 10.000 miembros del KMWU se reunieron en el centro de Se\u00fal, donde el presidente de la organizaci\u00f3n, Yoon Jang Hyeok, inst\u00f3 a los activistas a organizar una huelga de advertencia el 31 de mayo, seguida de una huelga nacional en julio, como protesta contra las pol\u00edticas antiobreras aprobadas por el r\u00e9gimen de Yoon Suk-Yeol.<\/p><blockquote><p>&ldquo;El Gobierno quiere aprobar una ley que permite 69 horas semanales de trabajo y deroga la estructura salarial, incluido el salario m\u00ednimo, al tiempo que desregula a los chaebols (conglomerados de empresas familiares) y les otorga exoneraciones fiscales. El presidente est\u00e1 bloqueando la reforma laboral necesaria para proteger los derechos sindicales consagrados en la Constituci\u00f3n&rdquo;,<\/p><\/blockquote><p>a\u00f1adi\u00f3 Jang Hyeok.<\/p><p>El KMWU tambi\u00e9n reclam\u00f3 al Gobierno que reforme los art\u00edculos 2 y 3 de la Ley de Regulaci\u00f3n de las Relaciones Laborales y Sindicatos (TULRAA), como un paso necesario despu\u00e9s de la ratificaci\u00f3n nacional de los Convenios 87 y 98 de la OIT en abril de 2021.<\/p><p>Seg\u00fan el sindicato, esta modificaci\u00f3n es crucial para ampliar la definici\u00f3n de trabajador y proteger el derecho de las y los trabajadores subcontratados a negociar con el empleador principal. Las disposiciones vigentes, que prev\u00e9n una protecci\u00f3n d\u00e9bil para los huelguistas, tambi\u00e9n deben revisarse.<\/p><p>Los miembros del Parlamento han preparado un proyecto de ley con una versi\u00f3n diluida de los art\u00edculos 2 y 3 revisados de la TULRAA, que actualmente se encuentra en manos de un comit\u00e9 de la Asamblea Nacional compuesto mayoritariamente por el partido gobernante. Incluso si el comit\u00e9 aprueba el proyecto de ley, el presidente coreano Yoon Suk-Yeol ha anunciado que lo vetar\u00e1.<\/p><p>El KMWU sostiene que, aunque el proyecto de ley ampl\u00eda la definici\u00f3n de empleador, no trata aspectos importantes como la interrupci\u00f3n del derecho de huelga. El sindicato afirma que los derechos laborales fundamentales a\u00fan no se han abordado por completo, pero que el proyecto de ley es un paso en la direcci\u00f3n correcta y que la lucha por la revisi\u00f3n de la TULRAA continuar\u00e1.<\/p><blockquote><p>&ldquo;IndustriALL Global Union se solidariza con los sindicatos coreanos en su lucha contra las pol\u00edticas antiobreras y apoya plenamente la huelga general. Instamos al Gobierno, que ha ratificado dos convenios de la OIT, a cumplir con sus obligaciones internacionales relacionadas con el derecho de huelga y la negociaci\u00f3n colectiva&rdquo;,<\/p><\/blockquote><p>declar\u00f3 Kemal \u00d6zkan, secretario general adjunto de IndustriALL.<\/p>","protected":false},"featured_media":0,"template":"","issues":[],"companies":[],"regions":[170],"sectors":[],"article_tags":[],"class_list":["post-153289","article","type-article","status-publish","hentry","regions-korea"],"acf":[],"yoast_head":"<!-- This site is optimized with the Yoast SEO Premium plugin v27.1 (Yoast SEO v27.1) - https:\/\/yoast.com\/product\/yoast-seo-premium-wordpress\/ -->\n<title>El KMWU anuncia huelgas nacionales contra pol\u00edticas antiobreras - industriall-union<\/title>\n<meta name=\"description\" content=\"&ldquo;Esta es una declaraci\u00f3n de guerra contra los sindicatos. Los organismos gubernamentales est\u00e1n pintando a los sindicatos como matones corruptos y\" \/>\n<meta name=\"robots\" content=\"index, follow, max-snippet:-1, max-image-preview:large, max-video-preview:-1\" \/>\n<link rel=\"canonical\" href=\"https:\/\/admin.industriall-union.org\/es\/el-kmwu-anuncia-huelgas-nacionales-contra-politicas-antiobreras\/\" \/>\n<meta property=\"og:locale\" content=\"es_ES\" \/>\n<meta property=\"og:type\" content=\"article\" \/>\n<meta property=\"og:title\" content=\"El KMWU anuncia huelgas nacionales contra pol\u00edticas antiobreras\" \/>\n<meta property=\"og:description\" content=\"&ldquo;Esta es una declaraci\u00f3n de guerra contra los sindicatos. Los organismos gubernamentales est\u00e1n pintando a los sindicatos como matones corruptos y\" \/>\n<meta property=\"og:url\" content=\"https:\/\/admin.industriall-union.org\/es\/el-kmwu-anuncia-huelgas-nacionales-contra-politicas-antiobreras\/\" \/>\n<meta property=\"og:site_name\" content=\"industriall-union\" \/>\n<meta property=\"article:modified_time\" content=\"2025-01-27T21:25:40+00:00\" \/>\n<meta name=\"twitter:card\" content=\"summary_large_image\" \/>\n<meta name=\"twitter:label1\" content=\"Est. reading time\" \/>\n\t<meta name=\"twitter:data1\" content=\"2 minutes\" \/>\n<script type=\"application\/ld+json\" class=\"yoast-schema-graph\">{\"@context\":\"https:\/\/schema.org\",\"@graph\":[{\"@type\":\"WebPage\",\"@id\":\"https:\/\/admin.industriall-union.org\/es\/el-kmwu-anuncia-huelgas-nacionales-contra-politicas-antiobreras\/\",\"url\":\"https:\/\/admin.industriall-union.org\/es\/el-kmwu-anuncia-huelgas-nacionales-contra-politicas-antiobreras\/\",\"name\":\"El KMWU anuncia huelgas nacionales contra pol\u00edticas antiobreras - industriall-union\",\"isPartOf\":{\"@id\":\"https:\/\/admin.industriall-union.org\/#website\"},\"datePublished\":\"2023-04-21T11:49:26+00:00\",\"dateModified\":\"2025-01-27T21:25:40+00:00\",\"description\":\"&ldquo;Esta es una declaraci\u00f3n de guerra contra los sindicatos. Los organismos gubernamentales est\u00e1n pintando a los sindicatos como matones corruptos y\",\"breadcrumb\":{\"@id\":\"https:\/\/admin.industriall-union.org\/es\/el-kmwu-anuncia-huelgas-nacionales-contra-politicas-antiobreras\/#breadcrumb\"},\"inLanguage\":\"es-ES\",\"potentialAction\":[{\"@type\":\"ReadAction\",\"target\":[\"https:\/\/admin.industriall-union.org\/es\/el-kmwu-anuncia-huelgas-nacionales-contra-politicas-antiobreras\/\"]}]},{\"@type\":\"BreadcrumbList\",\"@id\":\"https:\/\/admin.industriall-union.org\/es\/el-kmwu-anuncia-huelgas-nacionales-contra-politicas-antiobreras\/#breadcrumb\",\"itemListElement\":[{\"@type\":\"ListItem\",\"position\":1,\"name\":\"Home\",\"item\":\"https:\/\/admin.industriall-union.org\/\"},{\"@type\":\"ListItem\",\"position\":2,\"name\":\"Articles\",\"item\":\"https:\/\/admin.industriall-union.org\/article\/\"},{\"@type\":\"ListItem\",\"position\":3,\"name\":\"El KMWU anuncia huelgas nacionales contra pol\u00edticas antiobreras\"}]},{\"@type\":\"WebSite\",\"@id\":\"https:\/\/admin.industriall-union.org\/#website\",\"url\":\"https:\/\/admin.industriall-union.org\/\",\"name\":\"industriall-union\",\"description\":\"\",\"potentialAction\":[{\"@type\":\"SearchAction\",\"target\":{\"@type\":\"EntryPoint\",\"urlTemplate\":\"https:\/\/admin.industriall-union.org\/?s={search_term_string}\"},\"query-input\":{\"@type\":\"PropertyValueSpecification\",\"valueRequired\":true,\"valueName\":\"search_term_string\"}}],\"inLanguage\":\"es-ES\"}]}<\/script>\n<!-- \/ Yoast SEO Premium plugin. -->","yoast_head_json":{"title":"El KMWU anuncia huelgas nacionales contra pol\u00edticas antiobreras - industriall-union","description":"&ldquo;Esta es una declaraci\u00f3n de guerra contra los sindicatos. Los organismos gubernamentales est\u00e1n pintando a los sindicatos como matones corruptos y","robots":{"index":"index","follow":"follow","max-snippet":"max-snippet:-1","max-image-preview":"max-image-preview:large","max-video-preview":"max-video-preview:-1"},"canonical":"https:\/\/admin.industriall-union.org\/es\/el-kmwu-anuncia-huelgas-nacionales-contra-politicas-antiobreras\/","og_locale":"es_ES","og_type":"article","og_title":"El KMWU anuncia huelgas nacionales contra pol\u00edticas antiobreras","og_description":"&ldquo;Esta es una declaraci\u00f3n de guerra contra los sindicatos. Los organismos gubernamentales est\u00e1n pintando a los sindicatos como matones corruptos y","og_url":"https:\/\/admin.industriall-union.org\/es\/el-kmwu-anuncia-huelgas-nacionales-contra-politicas-antiobreras\/","og_site_name":"industriall-union","article_modified_time":"2025-01-27T21:25:40+00:00","twitter_card":"summary_large_image","twitter_misc":{"Est. reading time":"2 minutes"},"schema":{"@context":"https:\/\/schema.org","@graph":[{"@type":"WebPage","@id":"https:\/\/admin.industriall-union.org\/es\/el-kmwu-anuncia-huelgas-nacionales-contra-politicas-antiobreras\/","url":"https:\/\/admin.industriall-union.org\/es\/el-kmwu-anuncia-huelgas-nacionales-contra-politicas-antiobreras\/","name":"El KMWU anuncia huelgas nacionales contra pol\u00edticas antiobreras - industriall-union","isPartOf":{"@id":"https:\/\/admin.industriall-union.org\/#website"},"datePublished":"2023-04-21T11:49:26+00:00","dateModified":"2025-01-27T21:25:40+00:00","description":"&ldquo;Esta es una declaraci\u00f3n de guerra contra los sindicatos. Los organismos gubernamentales est\u00e1n pintando a los sindicatos como matones corruptos y","breadcrumb":{"@id":"https:\/\/admin.industriall-union.org\/es\/el-kmwu-anuncia-huelgas-nacionales-contra-politicas-antiobreras\/#breadcrumb"},"inLanguage":"es-ES","potentialAction":[{"@type":"ReadAction","target":["https:\/\/admin.industriall-union.org\/es\/el-kmwu-anuncia-huelgas-nacionales-contra-politicas-antiobreras\/"]}]},{"@type":"BreadcrumbList","@id":"https:\/\/admin.industriall-union.org\/es\/el-kmwu-anuncia-huelgas-nacionales-contra-politicas-antiobreras\/#breadcrumb","itemListElement":[{"@type":"ListItem","position":1,"name":"Home","item":"https:\/\/admin.industriall-union.org\/"},{"@type":"ListItem","position":2,"name":"Articles","item":"https:\/\/admin.industriall-union.org\/article\/"},{"@type":"ListItem","position":3,"name":"El KMWU anuncia huelgas nacionales contra pol\u00edticas antiobreras"}]},{"@type":"WebSite","@id":"https:\/\/admin.industriall-union.org\/#website","url":"https:\/\/admin.industriall-union.org\/","name":"industriall-union","description":"","potentialAction":[{"@type":"SearchAction","target":{"@type":"EntryPoint","urlTemplate":"https:\/\/admin.industriall-union.org\/?s={search_term_string}"},"query-input":{"@type":"PropertyValueSpecification","valueRequired":true,"valueName":"search_term_string"}}],"inLanguage":"es-ES"}]}},"_links":{"self":[{"href":"https:\/\/admin.industriall-union.org\/es\/wp-json\/wp\/v2\/article\/153289","targetHints":{"allow":["GET"]}}],"collection":[{"href":"https:\/\/admin.industriall-union.org\/es\/wp-json\/wp\/v2\/article"}],"about":[{"href":"https:\/\/admin.industriall-union.org\/es\/wp-json\/wp\/v2\/types\/article"}],"wp:attachment":[{"href":"https:\/\/admin.industriall-union.org\/es\/wp-json\/wp\/v2\/media?parent=153289"}],"wp:term":[{"taxonomy":"issues","embeddable":true,"href":"https:\/\/admin.industriall-union.org\/es\/wp-json\/wp\/v2\/issues?post=153289"},{"taxonomy":"companies","embeddable":true,"href":"https:\/\/admin.industriall-union.org\/es\/wp-json\/wp\/v2\/companies?post=153289"},{"taxonomy":"regions","embeddable":true,"href":"https:\/\/admin.industriall-union.org\/es\/wp-json\/wp\/v2\/regions?post=153289"},{"taxonomy":"sectors","embeddable":true,"href":"https:\/\/admin.industriall-union.org\/es\/wp-json\/wp\/v2\/sectors?post=153289"},{"taxonomy":"article_tags","embeddable":true,"href":"https:\/\/admin.industriall-union.org\/es\/wp-json\/wp\/v2\/article_tags?post=153289"}],"curies":[{"name":"wp","href":"https:\/\/api.w.org\/{rel}","templated":true}]}}