{"id":153196,"date":"2023-04-28T19:57:54","date_gmt":"2023-04-28T19:57:54","guid":{"rendered":"https:\/\/admin.industriall-union.org\/la-juventud-de-brasil-debate-sobre-los-desafios-del-mundo-del-trabajo\/"},"modified":"2025-01-27T21:17:27","modified_gmt":"2025-01-27T21:17:27","slug":"la-juventud-de-brasil-debate-sobre-los-desafios-del-mundo-del-trabajo","status":"publish","type":"article","link":"https:\/\/admin.industriall-union.org\/es\/la-juventud-de-brasil-debate-sobre-los-desafios-del-mundo-del-trabajo\/","title":{"rendered":"La juventud de Brasil debate sobre los desaf\u00edos del mundo del trabajo"},"content":{"rendered":"<p>24 j\u00f3venes se reunieron en San Pablo del 30 al 1 de abril para desarrollar un seminario nacional como parte del proyecto para j\u00f3venes que lidera IndustriALL Global Union junto a DGB Bildungswerk en Am\u00e9rica Latina. Los participantes debatieron sobre los cambios que percib\u00edan en el mundo de trabajo, tanto en el aspecto productivo como el econ\u00f3mico.<\/p><p>Durante el debate compartieron que la reforma laboral les impact\u00f3, ya que trajo consigo el trabajo precario, un aumento del trabajo remoto, de la informalidad y del desempleo. A su vez, contemplaron mayores desigualdades entre los pa\u00edses, y a nivel econ\u00f3mico destacaron el aumento de la inflaci\u00f3n, mayor endeudamiento y manifestaron la incertidumbre que les ocasiona este panorama.<\/p><p>Posteriormente analizaron un video de IndustriALL sobre las transformaciones en el mundo del trabajo. El material audiovisual les permiti\u00f3 debatir sobre los cambios que se avecinan, muchos de los cuales afirmaron que ya son parte de su vida cotidiana. Adem\u00e1s, el debate posibilit\u00f3 introducir la dimensi\u00f3n del trabajo de IndustriALL a nivel internacional.<\/p><p>En tanto, el secretario regional de IndustriALL, Marino Vani, particip\u00f3 de forma virtual y efectu\u00f3 una exposici\u00f3n sobre el rol de la organizaci\u00f3n sindical internacional en un contexto de cambios globales. Habl\u00f3 sobre la agenda de la instituci\u00f3n y respondi\u00f3 inquietudes de los participantes sobre sus expectativas para la regi\u00f3n a nivel geopol\u00edtico y laboral.<\/p><p>Por otro lado, los participantes intercambiaron ideas sobre qu\u00e9 sindicato quieren y necesitan para el 2030. Aseguraron que, si bien actualmente los sindicatos enfrentan desaf\u00edos claros (como la poca representatividad y la falta de j\u00f3venes) aspiraban a lograr a futuro un sindicato unido, con formaci\u00f3n, capaz de transformar la sociedad y ser m\u00e1s inclusivo.&nbsp;<br \/>&nbsp;<br \/>Finalmente, los participantes compartieron con el grupo los avances en la construcci\u00f3n de sus Planes de acci\u00f3n sindicales (PAS), as\u00ed como las dificultades que hallaron en el camino a lograr el objetivo que se trazaron. La mayor\u00eda los PAS estuvieron abocados al fortalecimiento de sus sindicatos y a incentivar la participaci\u00f3n de la juventud trabajadora.<\/p><p>La asesora regional de IndustriALL y responsable del proyecto para j\u00f3venes en Am\u00e9rica Latina y el Caribe, Julieta Avalos Abusharekh, concluy\u00f3:<\/p><blockquote><p>&ldquo;Los programas de capacitaci\u00f3n para j\u00f3venes requieren mucha producci\u00f3n, pero sin duda, dan resultado. Para ello, es necesario compromiso, coherencia y mucha paciencia.&rdquo;<br \/>&nbsp;<\/p><\/blockquote>","protected":false},"featured_media":0,"template":"","issues":[390,366],"companies":[],"regions":[152,261],"sectors":[],"article_tags":[511,522,536],"class_list":["post-153196","article","type-article","status-publish","hentry","issues-future-of-work","issues-industria-40","regions-america-latina-y-el-caribe","regions-brazil","article_tags-industriall","article_tags-projects","article_tags-youth"],"acf":[],"yoast_head":"<!-- This site is optimized with the Yoast SEO Premium plugin v27.1 (Yoast SEO v27.1) - https:\/\/yoast.com\/product\/yoast-seo-premium-wordpress\/ -->\n<title>La juventud de Brasil debate sobre los desaf\u00edos del mundo del trabajo - industriall-union<\/title>\n<meta name=\"description\" content=\"24 j\u00f3venes se reunieron en San Pablo del 30 al 1 de abril para desarrollar un seminario nacional como parte del proyecto para j\u00f3venes que lidera\" \/>\n<meta name=\"robots\" content=\"index, follow, max-snippet:-1, max-image-preview:large, max-video-preview:-1\" \/>\n<link rel=\"canonical\" href=\"https:\/\/admin.industriall-union.org\/es\/la-juventud-de-brasil-debate-sobre-los-desafios-del-mundo-del-trabajo\/\" \/>\n<meta property=\"og:locale\" content=\"es_ES\" \/>\n<meta property=\"og:type\" content=\"article\" \/>\n<meta property=\"og:title\" content=\"La juventud de Brasil debate sobre los desaf\u00edos del mundo del trabajo\" \/>\n<meta property=\"og:description\" content=\"24 j\u00f3venes se reunieron en San Pablo del 30 al 1 de abril para desarrollar un seminario nacional como parte del proyecto para j\u00f3venes que lidera\" \/>\n<meta property=\"og:url\" content=\"https:\/\/admin.industriall-union.org\/es\/la-juventud-de-brasil-debate-sobre-los-desafios-del-mundo-del-trabajo\/\" \/>\n<meta property=\"og:site_name\" content=\"industriall-union\" \/>\n<meta property=\"article:modified_time\" content=\"2025-01-27T21:17:27+00:00\" \/>\n<meta name=\"twitter:card\" content=\"summary_large_image\" \/>\n<meta name=\"twitter:label1\" content=\"Est. reading time\" \/>\n\t<meta name=\"twitter:data1\" content=\"2 minutes\" \/>\n<script type=\"application\/ld+json\" class=\"yoast-schema-graph\">{\"@context\":\"https:\/\/schema.org\",\"@graph\":[{\"@type\":\"WebPage\",\"@id\":\"https:\/\/admin.industriall-union.org\/es\/la-juventud-de-brasil-debate-sobre-los-desafios-del-mundo-del-trabajo\/\",\"url\":\"https:\/\/admin.industriall-union.org\/es\/la-juventud-de-brasil-debate-sobre-los-desafios-del-mundo-del-trabajo\/\",\"name\":\"La juventud de Brasil debate sobre los desaf\u00edos del mundo del trabajo - industriall-union\",\"isPartOf\":{\"@id\":\"https:\/\/admin.industriall-union.org\/#website\"},\"datePublished\":\"2023-04-28T19:57:54+00:00\",\"dateModified\":\"2025-01-27T21:17:27+00:00\",\"description\":\"24 j\u00f3venes se reunieron en San Pablo del 30 al 1 de abril para desarrollar un seminario nacional como parte del proyecto para j\u00f3venes que lidera\",\"breadcrumb\":{\"@id\":\"https:\/\/admin.industriall-union.org\/es\/la-juventud-de-brasil-debate-sobre-los-desafios-del-mundo-del-trabajo\/#breadcrumb\"},\"inLanguage\":\"es-ES\",\"potentialAction\":[{\"@type\":\"ReadAction\",\"target\":[\"https:\/\/admin.industriall-union.org\/es\/la-juventud-de-brasil-debate-sobre-los-desafios-del-mundo-del-trabajo\/\"]}]},{\"@type\":\"BreadcrumbList\",\"@id\":\"https:\/\/admin.industriall-union.org\/es\/la-juventud-de-brasil-debate-sobre-los-desafios-del-mundo-del-trabajo\/#breadcrumb\",\"itemListElement\":[{\"@type\":\"ListItem\",\"position\":1,\"name\":\"Home\",\"item\":\"https:\/\/admin.industriall-union.org\/\"},{\"@type\":\"ListItem\",\"position\":2,\"name\":\"Articles\",\"item\":\"https:\/\/admin.industriall-union.org\/article\/\"},{\"@type\":\"ListItem\",\"position\":3,\"name\":\"La juventud de Brasil debate sobre los desaf\u00edos del mundo del trabajo\"}]},{\"@type\":\"WebSite\",\"@id\":\"https:\/\/admin.industriall-union.org\/#website\",\"url\":\"https:\/\/admin.industriall-union.org\/\",\"name\":\"industriall-union\",\"description\":\"\",\"potentialAction\":[{\"@type\":\"SearchAction\",\"target\":{\"@type\":\"EntryPoint\",\"urlTemplate\":\"https:\/\/admin.industriall-union.org\/?s={search_term_string}\"},\"query-input\":{\"@type\":\"PropertyValueSpecification\",\"valueRequired\":true,\"valueName\":\"search_term_string\"}}],\"inLanguage\":\"es-ES\"}]}<\/script>\n<!-- \/ Yoast SEO Premium plugin. -->","yoast_head_json":{"title":"La juventud de Brasil debate sobre los desaf\u00edos del mundo del trabajo - industriall-union","description":"24 j\u00f3venes se reunieron en San Pablo del 30 al 1 de abril para desarrollar un seminario nacional como parte del proyecto para j\u00f3venes que lidera","robots":{"index":"index","follow":"follow","max-snippet":"max-snippet:-1","max-image-preview":"max-image-preview:large","max-video-preview":"max-video-preview:-1"},"canonical":"https:\/\/admin.industriall-union.org\/es\/la-juventud-de-brasil-debate-sobre-los-desafios-del-mundo-del-trabajo\/","og_locale":"es_ES","og_type":"article","og_title":"La juventud de Brasil debate sobre los desaf\u00edos del mundo del trabajo","og_description":"24 j\u00f3venes se reunieron en San Pablo del 30 al 1 de abril para desarrollar un seminario nacional como parte del proyecto para j\u00f3venes que lidera","og_url":"https:\/\/admin.industriall-union.org\/es\/la-juventud-de-brasil-debate-sobre-los-desafios-del-mundo-del-trabajo\/","og_site_name":"industriall-union","article_modified_time":"2025-01-27T21:17:27+00:00","twitter_card":"summary_large_image","twitter_misc":{"Est. reading time":"2 minutes"},"schema":{"@context":"https:\/\/schema.org","@graph":[{"@type":"WebPage","@id":"https:\/\/admin.industriall-union.org\/es\/la-juventud-de-brasil-debate-sobre-los-desafios-del-mundo-del-trabajo\/","url":"https:\/\/admin.industriall-union.org\/es\/la-juventud-de-brasil-debate-sobre-los-desafios-del-mundo-del-trabajo\/","name":"La juventud de Brasil debate sobre los desaf\u00edos del mundo del trabajo - industriall-union","isPartOf":{"@id":"https:\/\/admin.industriall-union.org\/#website"},"datePublished":"2023-04-28T19:57:54+00:00","dateModified":"2025-01-27T21:17:27+00:00","description":"24 j\u00f3venes se reunieron en San Pablo del 30 al 1 de abril para desarrollar un seminario nacional como parte del proyecto para j\u00f3venes que lidera","breadcrumb":{"@id":"https:\/\/admin.industriall-union.org\/es\/la-juventud-de-brasil-debate-sobre-los-desafios-del-mundo-del-trabajo\/#breadcrumb"},"inLanguage":"es-ES","potentialAction":[{"@type":"ReadAction","target":["https:\/\/admin.industriall-union.org\/es\/la-juventud-de-brasil-debate-sobre-los-desafios-del-mundo-del-trabajo\/"]}]},{"@type":"BreadcrumbList","@id":"https:\/\/admin.industriall-union.org\/es\/la-juventud-de-brasil-debate-sobre-los-desafios-del-mundo-del-trabajo\/#breadcrumb","itemListElement":[{"@type":"ListItem","position":1,"name":"Home","item":"https:\/\/admin.industriall-union.org\/"},{"@type":"ListItem","position":2,"name":"Articles","item":"https:\/\/admin.industriall-union.org\/article\/"},{"@type":"ListItem","position":3,"name":"La juventud de Brasil debate sobre los desaf\u00edos del mundo del trabajo"}]},{"@type":"WebSite","@id":"https:\/\/admin.industriall-union.org\/#website","url":"https:\/\/admin.industriall-union.org\/","name":"industriall-union","description":"","potentialAction":[{"@type":"SearchAction","target":{"@type":"EntryPoint","urlTemplate":"https:\/\/admin.industriall-union.org\/?s={search_term_string}"},"query-input":{"@type":"PropertyValueSpecification","valueRequired":true,"valueName":"search_term_string"}}],"inLanguage":"es-ES"}]}},"_links":{"self":[{"href":"https:\/\/admin.industriall-union.org\/es\/wp-json\/wp\/v2\/article\/153196","targetHints":{"allow":["GET"]}}],"collection":[{"href":"https:\/\/admin.industriall-union.org\/es\/wp-json\/wp\/v2\/article"}],"about":[{"href":"https:\/\/admin.industriall-union.org\/es\/wp-json\/wp\/v2\/types\/article"}],"wp:attachment":[{"href":"https:\/\/admin.industriall-union.org\/es\/wp-json\/wp\/v2\/media?parent=153196"}],"wp:term":[{"taxonomy":"issues","embeddable":true,"href":"https:\/\/admin.industriall-union.org\/es\/wp-json\/wp\/v2\/issues?post=153196"},{"taxonomy":"companies","embeddable":true,"href":"https:\/\/admin.industriall-union.org\/es\/wp-json\/wp\/v2\/companies?post=153196"},{"taxonomy":"regions","embeddable":true,"href":"https:\/\/admin.industriall-union.org\/es\/wp-json\/wp\/v2\/regions?post=153196"},{"taxonomy":"sectors","embeddable":true,"href":"https:\/\/admin.industriall-union.org\/es\/wp-json\/wp\/v2\/sectors?post=153196"},{"taxonomy":"article_tags","embeddable":true,"href":"https:\/\/admin.industriall-union.org\/es\/wp-json\/wp\/v2\/article_tags?post=153196"}],"curies":[{"name":"wp","href":"https:\/\/api.w.org\/{rel}","templated":true}]}}