{"id":153107,"date":"2023-05-08T13:15:50","date_gmt":"2023-05-08T13:15:50","guid":{"rendered":"https:\/\/admin.industriall-union.org\/dirigentes-sindicales-de-latinoamerica-debaten-sobre-una-politica-industrial-regional\/"},"modified":"2025-01-27T21:11:14","modified_gmt":"2025-01-27T21:11:14","slug":"dirigentes-sindicales-de-latinoamerica-debaten-sobre-una-politica-industrial-regional","status":"publish","type":"article","link":"https:\/\/admin.industriall-union.org\/es\/dirigentes-sindicales-de-latinoamerica-debaten-sobre-una-politica-industrial-regional\/","title":{"rendered":"Dirigentes sindicales de Latinoam\u00e9rica debaten sobre una pol\u00edtica industrial regional"},"content":{"rendered":"<p>&ldquo;Hace 2 a\u00f1os iniciamos un ciclo de debates sobre pol\u00edtica industrial que incluye 3 seminarios por a\u00f1o. El objetivo es capacitar a los dirigentes de nuestras organizaciones sindicales afiliadas para que puedan participar en espacios tripartitos o bipartitos sobre pol\u00edtica industrial.<\/p><blockquote><p>Es una obligaci\u00f3n para nosotros entender cu\u00e1les son las pol\u00edticas industriales que est\u00e1n siendo implementadas por los gobiernos, contar con propuestas y presentarlas en estas oportunidades. El desaf\u00edo de IndustriALL es construir una visi\u00f3n regional como trabajadores de la industria.&rdquo;<\/p><\/blockquote><p>explic\u00f3 el secretario regional de IndustriALL, Marino Vani, al comienzo del encuentro.<\/p><p>A fin de comprender la situaci\u00f3n actual, las perspectivas para una integraci\u00f3n regional y para un desarrollo industrial sostenible, el encuentro cont\u00f3 con la participaci\u00f3n de Pedro Silva Barros del Instituto de investigaci\u00f3n econ\u00f3mica aplicada (IPEA) de Brasil, coordinador del proyecto integraci\u00f3n de Brasil y Am\u00e9rica del Sur, y ex director de asuntos econ\u00f3micos de la Uni\u00f3n de naciones suramericanas (UNASUR).<\/p><p>Barros explic\u00f3 que Latinoam\u00e9rica atraviesa un momento dif\u00edcil. Se\u00f1al\u00f3 que en los \u00faltimos 10 a\u00f1os empeor\u00f3 la situaci\u00f3n de la distribuci\u00f3n del ingreso, hubo una desintegraci\u00f3n econ\u00f3mica y comercial, menos comercio intrarregional y una fragmentaci\u00f3n pol\u00edtica m\u00e1s acentuada. Por eso, recalc\u00f3 que es necesario buscar una agenda de integraci\u00f3n de consenso:<\/p><p>&ldquo;La integraci\u00f3n productiva y el comercio interregional son importantes para el empleo y el desarrollo. En Sudam\u00e9rica, la mayor parte de la producci\u00f3n industrial se dirige solo al mercado interno. Cuando hay crisis en el mercado interno, se multiplica.<\/p><blockquote><p>Tenemos que contar con una pol\u00edtica de integraci\u00f3n productiva con los vecinos de la regi\u00f3n, mirando al mercado regional, porque la regi\u00f3n est\u00e1 muy vulnerable&rdquo; sostuvo Barros.<\/p><\/blockquote><p>A su vez, asegur\u00f3 que es importante contar con una agenda positiva con EE. UU, Europa y China que tambi\u00e9n sirva a los intereses de la regi\u00f3n, para poder participar de las cadenas industriales. Dijo que es importante considerar nuestros recursos naturales como un activo de pol\u00edtica externa y aumentar el nivel de la discusi\u00f3n.&nbsp;<\/p><p>En tanto, la directora de proyectos de FES sindical regional, experta sobre el<br \/>debate de integraci\u00f3n regional desde la perspectiva sindical, Viviane Barreto,&nbsp;<br \/>manifest\u00f3 que los sindicatos deber\u00edan entrar a la escena de la integraci\u00f3n regional reclamando espacios de participaci\u00f3n en las mesas de dialogo efectivas e intervinientes para colocar lo acumulado hist\u00f3ricamente, teniendo una preocupaci\u00f3n por un di\u00e1logo abierto con sectores de pensamiento estrat\u00e9gico que los pueden ayudar a actualizar la agenda:<\/p><blockquote><p>&ldquo;Debemos discutir con los gobiernos qu\u00e9 pol\u00edticas de industria tienen nuestros estados. Tenemos que saber si ven la necesidad de un rol interviniente del estado en clave de integraci\u00f3n regional para establecer un nuevo modelo&rdquo; dijo Barreto.<\/p><\/blockquote><p>Finalmente, intervino la secretaria de desarrollo sustentable de la CSA y secretaria general adjunta de la Confederaci\u00f3n convergencia sindical de Panam\u00e1, Kaira Reece, quien asegur\u00f3 que el desaf\u00edo es debatir cu\u00e1l es la integraci\u00f3n que necesita el movimiento sindical para el modelo de desarrollo sustentable que promueve. Explic\u00f3 que el nuevo impulso a la integraci\u00f3n de Am\u00e9rica Latina debe priorizar la garant\u00eda de derechos, el bienestar de las sociedades, empleos de calidad y democratizaci\u00f3n energ\u00e9tica. &nbsp;<\/p><blockquote><p>&ldquo;Somos un actor fundamental para establecer un modelo de desarrollo justo, sobre la necesidad inminente de trabajar bajo alianzas. Tenemos que presentar nuestras propuestas en espacios como la UNASUR, la CELAC y el Mercosur hacia resultados concretos que ayuden a la clase trabajadora.&rdquo; concluy\u00f3&nbsp;Reece.<\/p><\/blockquote>","protected":false},"featured_media":0,"template":"","issues":[392,425],"companies":[],"regions":[254],"sectors":[],"article_tags":[511],"class_list":["post-153107","article","type-article","status-publish","hentry","issues-sustainable-industrial-policy","issues-workers-rights","regions-latin-america-and-the-caribbean","article_tags-industriall"],"acf":[],"yoast_head":"<!-- This site is optimized with the Yoast SEO Premium plugin v27.1 (Yoast SEO v27.1) - https:\/\/yoast.com\/product\/yoast-seo-premium-wordpress\/ -->\n<title>Dirigentes sindicales de Latinoam\u00e9rica debaten sobre una pol\u00edtica industrial regional - industriall-union<\/title>\n<meta name=\"description\" content=\"&ldquo;Hace 2 a\u00f1os iniciamos un ciclo de debates sobre pol\u00edtica industrial que incluye 3 seminarios por a\u00f1o. El objetivo es capacitar a los dirigentes de\" \/>\n<meta name=\"robots\" content=\"index, follow, max-snippet:-1, max-image-preview:large, max-video-preview:-1\" \/>\n<link rel=\"canonical\" href=\"https:\/\/admin.industriall-union.org\/es\/dirigentes-sindicales-de-latinoamerica-debaten-sobre-una-politica-industrial-regional\/\" \/>\n<meta property=\"og:locale\" content=\"es_ES\" \/>\n<meta property=\"og:type\" content=\"article\" \/>\n<meta property=\"og:title\" content=\"Dirigentes sindicales de Latinoam\u00e9rica debaten sobre una pol\u00edtica industrial regional\" \/>\n<meta property=\"og:description\" content=\"&ldquo;Hace 2 a\u00f1os iniciamos un ciclo de debates sobre pol\u00edtica industrial que incluye 3 seminarios por a\u00f1o. El objetivo es capacitar a los dirigentes de\" \/>\n<meta property=\"og:url\" content=\"https:\/\/admin.industriall-union.org\/es\/dirigentes-sindicales-de-latinoamerica-debaten-sobre-una-politica-industrial-regional\/\" \/>\n<meta property=\"og:site_name\" content=\"industriall-union\" \/>\n<meta property=\"article:modified_time\" content=\"2025-01-27T21:11:14+00:00\" \/>\n<meta name=\"twitter:card\" content=\"summary_large_image\" \/>\n<meta name=\"twitter:label1\" content=\"Est. reading time\" \/>\n\t<meta name=\"twitter:data1\" content=\"3 minutes\" \/>\n<script type=\"application\/ld+json\" class=\"yoast-schema-graph\">{\"@context\":\"https:\/\/schema.org\",\"@graph\":[{\"@type\":\"WebPage\",\"@id\":\"https:\/\/admin.industriall-union.org\/es\/dirigentes-sindicales-de-latinoamerica-debaten-sobre-una-politica-industrial-regional\/\",\"url\":\"https:\/\/admin.industriall-union.org\/es\/dirigentes-sindicales-de-latinoamerica-debaten-sobre-una-politica-industrial-regional\/\",\"name\":\"Dirigentes sindicales de Latinoam\u00e9rica debaten sobre una pol\u00edtica industrial regional - industriall-union\",\"isPartOf\":{\"@id\":\"https:\/\/admin.industriall-union.org\/#website\"},\"datePublished\":\"2023-05-08T13:15:50+00:00\",\"dateModified\":\"2025-01-27T21:11:14+00:00\",\"description\":\"&ldquo;Hace 2 a\u00f1os iniciamos un ciclo de debates sobre pol\u00edtica industrial que incluye 3 seminarios por a\u00f1o. El objetivo es capacitar a los dirigentes de\",\"breadcrumb\":{\"@id\":\"https:\/\/admin.industriall-union.org\/es\/dirigentes-sindicales-de-latinoamerica-debaten-sobre-una-politica-industrial-regional\/#breadcrumb\"},\"inLanguage\":\"es-ES\",\"potentialAction\":[{\"@type\":\"ReadAction\",\"target\":[\"https:\/\/admin.industriall-union.org\/es\/dirigentes-sindicales-de-latinoamerica-debaten-sobre-una-politica-industrial-regional\/\"]}]},{\"@type\":\"BreadcrumbList\",\"@id\":\"https:\/\/admin.industriall-union.org\/es\/dirigentes-sindicales-de-latinoamerica-debaten-sobre-una-politica-industrial-regional\/#breadcrumb\",\"itemListElement\":[{\"@type\":\"ListItem\",\"position\":1,\"name\":\"Home\",\"item\":\"https:\/\/admin.industriall-union.org\/\"},{\"@type\":\"ListItem\",\"position\":2,\"name\":\"Articles\",\"item\":\"https:\/\/admin.industriall-union.org\/article\/\"},{\"@type\":\"ListItem\",\"position\":3,\"name\":\"Dirigentes sindicales de Latinoam\u00e9rica debaten sobre una pol\u00edtica industrial regional\"}]},{\"@type\":\"WebSite\",\"@id\":\"https:\/\/admin.industriall-union.org\/#website\",\"url\":\"https:\/\/admin.industriall-union.org\/\",\"name\":\"industriall-union\",\"description\":\"\",\"potentialAction\":[{\"@type\":\"SearchAction\",\"target\":{\"@type\":\"EntryPoint\",\"urlTemplate\":\"https:\/\/admin.industriall-union.org\/?s={search_term_string}\"},\"query-input\":{\"@type\":\"PropertyValueSpecification\",\"valueRequired\":true,\"valueName\":\"search_term_string\"}}],\"inLanguage\":\"es-ES\"}]}<\/script>\n<!-- \/ Yoast SEO Premium plugin. -->","yoast_head_json":{"title":"Dirigentes sindicales de Latinoam\u00e9rica debaten sobre una pol\u00edtica industrial regional - industriall-union","description":"&ldquo;Hace 2 a\u00f1os iniciamos un ciclo de debates sobre pol\u00edtica industrial que incluye 3 seminarios por a\u00f1o. El objetivo es capacitar a los dirigentes de","robots":{"index":"index","follow":"follow","max-snippet":"max-snippet:-1","max-image-preview":"max-image-preview:large","max-video-preview":"max-video-preview:-1"},"canonical":"https:\/\/admin.industriall-union.org\/es\/dirigentes-sindicales-de-latinoamerica-debaten-sobre-una-politica-industrial-regional\/","og_locale":"es_ES","og_type":"article","og_title":"Dirigentes sindicales de Latinoam\u00e9rica debaten sobre una pol\u00edtica industrial regional","og_description":"&ldquo;Hace 2 a\u00f1os iniciamos un ciclo de debates sobre pol\u00edtica industrial que incluye 3 seminarios por a\u00f1o. El objetivo es capacitar a los dirigentes de","og_url":"https:\/\/admin.industriall-union.org\/es\/dirigentes-sindicales-de-latinoamerica-debaten-sobre-una-politica-industrial-regional\/","og_site_name":"industriall-union","article_modified_time":"2025-01-27T21:11:14+00:00","twitter_card":"summary_large_image","twitter_misc":{"Est. reading time":"3 minutes"},"schema":{"@context":"https:\/\/schema.org","@graph":[{"@type":"WebPage","@id":"https:\/\/admin.industriall-union.org\/es\/dirigentes-sindicales-de-latinoamerica-debaten-sobre-una-politica-industrial-regional\/","url":"https:\/\/admin.industriall-union.org\/es\/dirigentes-sindicales-de-latinoamerica-debaten-sobre-una-politica-industrial-regional\/","name":"Dirigentes sindicales de Latinoam\u00e9rica debaten sobre una pol\u00edtica industrial regional - industriall-union","isPartOf":{"@id":"https:\/\/admin.industriall-union.org\/#website"},"datePublished":"2023-05-08T13:15:50+00:00","dateModified":"2025-01-27T21:11:14+00:00","description":"&ldquo;Hace 2 a\u00f1os iniciamos un ciclo de debates sobre pol\u00edtica industrial que incluye 3 seminarios por a\u00f1o. El objetivo es capacitar a los dirigentes de","breadcrumb":{"@id":"https:\/\/admin.industriall-union.org\/es\/dirigentes-sindicales-de-latinoamerica-debaten-sobre-una-politica-industrial-regional\/#breadcrumb"},"inLanguage":"es-ES","potentialAction":[{"@type":"ReadAction","target":["https:\/\/admin.industriall-union.org\/es\/dirigentes-sindicales-de-latinoamerica-debaten-sobre-una-politica-industrial-regional\/"]}]},{"@type":"BreadcrumbList","@id":"https:\/\/admin.industriall-union.org\/es\/dirigentes-sindicales-de-latinoamerica-debaten-sobre-una-politica-industrial-regional\/#breadcrumb","itemListElement":[{"@type":"ListItem","position":1,"name":"Home","item":"https:\/\/admin.industriall-union.org\/"},{"@type":"ListItem","position":2,"name":"Articles","item":"https:\/\/admin.industriall-union.org\/article\/"},{"@type":"ListItem","position":3,"name":"Dirigentes sindicales de Latinoam\u00e9rica debaten sobre una pol\u00edtica industrial regional"}]},{"@type":"WebSite","@id":"https:\/\/admin.industriall-union.org\/#website","url":"https:\/\/admin.industriall-union.org\/","name":"industriall-union","description":"","potentialAction":[{"@type":"SearchAction","target":{"@type":"EntryPoint","urlTemplate":"https:\/\/admin.industriall-union.org\/?s={search_term_string}"},"query-input":{"@type":"PropertyValueSpecification","valueRequired":true,"valueName":"search_term_string"}}],"inLanguage":"es-ES"}]}},"_links":{"self":[{"href":"https:\/\/admin.industriall-union.org\/es\/wp-json\/wp\/v2\/article\/153107","targetHints":{"allow":["GET"]}}],"collection":[{"href":"https:\/\/admin.industriall-union.org\/es\/wp-json\/wp\/v2\/article"}],"about":[{"href":"https:\/\/admin.industriall-union.org\/es\/wp-json\/wp\/v2\/types\/article"}],"wp:attachment":[{"href":"https:\/\/admin.industriall-union.org\/es\/wp-json\/wp\/v2\/media?parent=153107"}],"wp:term":[{"taxonomy":"issues","embeddable":true,"href":"https:\/\/admin.industriall-union.org\/es\/wp-json\/wp\/v2\/issues?post=153107"},{"taxonomy":"companies","embeddable":true,"href":"https:\/\/admin.industriall-union.org\/es\/wp-json\/wp\/v2\/companies?post=153107"},{"taxonomy":"regions","embeddable":true,"href":"https:\/\/admin.industriall-union.org\/es\/wp-json\/wp\/v2\/regions?post=153107"},{"taxonomy":"sectors","embeddable":true,"href":"https:\/\/admin.industriall-union.org\/es\/wp-json\/wp\/v2\/sectors?post=153107"},{"taxonomy":"article_tags","embeddable":true,"href":"https:\/\/admin.industriall-union.org\/es\/wp-json\/wp\/v2\/article_tags?post=153107"}],"curies":[{"name":"wp","href":"https:\/\/api.w.org\/{rel}","templated":true}]}}