{"id":153053,"date":"2023-05-18T12:23:20","date_gmt":"2023-05-18T12:23:20","guid":{"rendered":"https:\/\/admin.industriall-union.org\/los-sindicatos-coreanos-necesitan-su-solidaridad\/"},"modified":"2025-01-27T20:59:42","modified_gmt":"2025-01-27T20:59:42","slug":"los-sindicatos-coreanos-necesitan-su-solidaridad","status":"publish","type":"article","link":"https:\/\/admin.industriall-union.org\/es\/los-sindicatos-coreanos-necesitan-su-solidaridad\/","title":{"rendered":"Los sindicatos coreanos necesitan su solidaridad"},"content":{"rendered":"<p>La ret\u00f3rica antisindical del presidente Yoon Suk-yeol y el uso ileg\u00edtimo de fiscales y polic\u00edas para atacar a los sindicatos han generado un ambiente hostil que se ha extendido a los lugares de trabajo de todo el pa\u00eds, donde los ataques contra sindicalistas son cada vez m\u00e1s violentos.<br \/>&nbsp;<br \/>El 4 de mayo, un director de ILJIN Hysolus, empresa proveedora de Hyundai Motor y BMW, embisti\u00f3 su autom\u00f3vil contra los dirigentes del sindicato local, atropellando a tres de ellos y causando heridas graves al vicepresidente del sindicato.<\/p><p>El Primero de Mayo, Yang Hoe-Dong, l\u00edder de distrito del Sindicato Coreano de Trabajadores de la Construcci\u00f3n (KCWU), muri\u00f3 tr\u00e1gicamente luego de prenderse fuego para protestar contra el acoso de las autoridades gubernamentales a los sindicalistas. Yang, que hab\u00eda sido una de las v\u00edctimas de ese acoso, falleci\u00f3 por complicaciones de sus graves quemaduras.<br \/>&nbsp;<br \/>El 17 de mayo, en Se\u00fal, unos 40.000 sindicalistas se movilizaron para protestar contra el gobierno de Yoon.<\/p><p>El Consejo Global Unions ha <a href=\"https:\/\/www.industriall-union.org\/the-council-of-global-unions-cgu-condemns-flagrant-worker-rights-violations-in-south-korea-that-led\">condenado los recientes ataques, <\/a>el acoso judicial y la interferencia contra las actividades leg\u00edtimas de los sindicatos y los derechos de la clase trabajadora en Corea del Sur.<br \/>&nbsp;<br \/>Como respuesta a la campa\u00f1a orquestada contra los sindicatos, el KMWU, afiliado a IndustriALL, convoc\u00f3 a una huelga de advertencia de 4 horas para el 31 de mayo. El sindicato pidi\u00f3 a sus miembros que hagan paro durante cuatro horas y salgan a las calles en Se\u00fal y otras regiones para pedirle al Gobierno que ponga fin a los ataques actuales contra los derechos laborales y sindicales.<br \/>&nbsp;<br \/>El KMWU insta al Gobierno a que deje de hostigar inmediatamente a los sindicatos y, en su lugar, establezca relaciones laborales constructivas y estables donde se protejan los derechos laborales.<\/p><blockquote><p>&ldquo;El Gobierno coreano est\u00e1 promoviendo una imagen negativa de los sindicatos que tiene consecuencias nocivas para los trabajadores. La sindicalizaci\u00f3n es un derecho, no un crimen&rdquo;,<\/p><\/blockquote><p>expres\u00f3 Atle H\u00f8ie, el secretario general de IndustriALL.<br \/>&nbsp;<br \/>IndustriALL apoya al KMWU en su lucha por poner fin al clima de miedo e intimidaci\u00f3n al que est\u00e1n sometidos los sindicatos en Corea y pide a los afiliados de todo el mundo que se unan a la campa\u00f1a de solidaridad.<\/p>","protected":false},"featured_media":0,"template":"","issues":[422,424,425],"companies":[],"regions":[170],"sectors":[481],"article_tags":[],"class_list":["post-153053","article","type-article","status-publish","hentry","issues-human-trade-union-rights","issues-violation","issues-workers-rights","regions-korea","sectors-base-metals"],"acf":[],"yoast_head":"<!-- This site is optimized with the Yoast SEO Premium plugin v27.1 (Yoast SEO v27.1) - https:\/\/yoast.com\/product\/yoast-seo-premium-wordpress\/ -->\n<title>Los sindicatos coreanos necesitan su solidaridad - industriall-union<\/title>\n<meta name=\"description\" content=\"La ret\u00f3rica antisindical del presidente Yoon Suk-yeol y el uso ileg\u00edtimo de fiscales y polic\u00edas para atacar a los sindicatos han generado un ambiente\" \/>\n<meta name=\"robots\" content=\"index, follow, max-snippet:-1, max-image-preview:large, max-video-preview:-1\" \/>\n<link rel=\"canonical\" href=\"https:\/\/admin.industriall-union.org\/es\/los-sindicatos-coreanos-necesitan-su-solidaridad\/\" \/>\n<meta property=\"og:locale\" content=\"es_ES\" \/>\n<meta property=\"og:type\" content=\"article\" \/>\n<meta property=\"og:title\" content=\"Los sindicatos coreanos necesitan su solidaridad\" \/>\n<meta property=\"og:description\" content=\"La ret\u00f3rica antisindical del presidente Yoon Suk-yeol y el uso ileg\u00edtimo de fiscales y polic\u00edas para atacar a los sindicatos han generado un ambiente\" \/>\n<meta property=\"og:url\" content=\"https:\/\/admin.industriall-union.org\/es\/los-sindicatos-coreanos-necesitan-su-solidaridad\/\" \/>\n<meta property=\"og:site_name\" content=\"industriall-union\" \/>\n<meta property=\"article:modified_time\" content=\"2025-01-27T20:59:42+00:00\" \/>\n<meta name=\"twitter:card\" content=\"summary_large_image\" \/>\n<meta name=\"twitter:label1\" content=\"Est. reading time\" \/>\n\t<meta name=\"twitter:data1\" content=\"2 minutes\" \/>\n<script type=\"application\/ld+json\" class=\"yoast-schema-graph\">{\"@context\":\"https:\/\/schema.org\",\"@graph\":[{\"@type\":\"WebPage\",\"@id\":\"https:\/\/admin.industriall-union.org\/es\/los-sindicatos-coreanos-necesitan-su-solidaridad\/\",\"url\":\"https:\/\/admin.industriall-union.org\/es\/los-sindicatos-coreanos-necesitan-su-solidaridad\/\",\"name\":\"Los sindicatos coreanos necesitan su solidaridad - industriall-union\",\"isPartOf\":{\"@id\":\"https:\/\/admin.industriall-union.org\/#website\"},\"datePublished\":\"2023-05-18T12:23:20+00:00\",\"dateModified\":\"2025-01-27T20:59:42+00:00\",\"description\":\"La ret\u00f3rica antisindical del presidente Yoon Suk-yeol y el uso ileg\u00edtimo de fiscales y polic\u00edas para atacar a los sindicatos han generado un ambiente\",\"breadcrumb\":{\"@id\":\"https:\/\/admin.industriall-union.org\/es\/los-sindicatos-coreanos-necesitan-su-solidaridad\/#breadcrumb\"},\"inLanguage\":\"es-ES\",\"potentialAction\":[{\"@type\":\"ReadAction\",\"target\":[\"https:\/\/admin.industriall-union.org\/es\/los-sindicatos-coreanos-necesitan-su-solidaridad\/\"]}]},{\"@type\":\"BreadcrumbList\",\"@id\":\"https:\/\/admin.industriall-union.org\/es\/los-sindicatos-coreanos-necesitan-su-solidaridad\/#breadcrumb\",\"itemListElement\":[{\"@type\":\"ListItem\",\"position\":1,\"name\":\"Home\",\"item\":\"https:\/\/admin.industriall-union.org\/\"},{\"@type\":\"ListItem\",\"position\":2,\"name\":\"Articles\",\"item\":\"https:\/\/admin.industriall-union.org\/article\/\"},{\"@type\":\"ListItem\",\"position\":3,\"name\":\"Los sindicatos coreanos necesitan su solidaridad\"}]},{\"@type\":\"WebSite\",\"@id\":\"https:\/\/admin.industriall-union.org\/#website\",\"url\":\"https:\/\/admin.industriall-union.org\/\",\"name\":\"industriall-union\",\"description\":\"\",\"potentialAction\":[{\"@type\":\"SearchAction\",\"target\":{\"@type\":\"EntryPoint\",\"urlTemplate\":\"https:\/\/admin.industriall-union.org\/?s={search_term_string}\"},\"query-input\":{\"@type\":\"PropertyValueSpecification\",\"valueRequired\":true,\"valueName\":\"search_term_string\"}}],\"inLanguage\":\"es-ES\"}]}<\/script>\n<!-- \/ Yoast SEO Premium plugin. -->","yoast_head_json":{"title":"Los sindicatos coreanos necesitan su solidaridad - industriall-union","description":"La ret\u00f3rica antisindical del presidente Yoon Suk-yeol y el uso ileg\u00edtimo de fiscales y polic\u00edas para atacar a los sindicatos han generado un ambiente","robots":{"index":"index","follow":"follow","max-snippet":"max-snippet:-1","max-image-preview":"max-image-preview:large","max-video-preview":"max-video-preview:-1"},"canonical":"https:\/\/admin.industriall-union.org\/es\/los-sindicatos-coreanos-necesitan-su-solidaridad\/","og_locale":"es_ES","og_type":"article","og_title":"Los sindicatos coreanos necesitan su solidaridad","og_description":"La ret\u00f3rica antisindical del presidente Yoon Suk-yeol y el uso ileg\u00edtimo de fiscales y polic\u00edas para atacar a los sindicatos han generado un ambiente","og_url":"https:\/\/admin.industriall-union.org\/es\/los-sindicatos-coreanos-necesitan-su-solidaridad\/","og_site_name":"industriall-union","article_modified_time":"2025-01-27T20:59:42+00:00","twitter_card":"summary_large_image","twitter_misc":{"Est. reading time":"2 minutes"},"schema":{"@context":"https:\/\/schema.org","@graph":[{"@type":"WebPage","@id":"https:\/\/admin.industriall-union.org\/es\/los-sindicatos-coreanos-necesitan-su-solidaridad\/","url":"https:\/\/admin.industriall-union.org\/es\/los-sindicatos-coreanos-necesitan-su-solidaridad\/","name":"Los sindicatos coreanos necesitan su solidaridad - industriall-union","isPartOf":{"@id":"https:\/\/admin.industriall-union.org\/#website"},"datePublished":"2023-05-18T12:23:20+00:00","dateModified":"2025-01-27T20:59:42+00:00","description":"La ret\u00f3rica antisindical del presidente Yoon Suk-yeol y el uso ileg\u00edtimo de fiscales y polic\u00edas para atacar a los sindicatos han generado un ambiente","breadcrumb":{"@id":"https:\/\/admin.industriall-union.org\/es\/los-sindicatos-coreanos-necesitan-su-solidaridad\/#breadcrumb"},"inLanguage":"es-ES","potentialAction":[{"@type":"ReadAction","target":["https:\/\/admin.industriall-union.org\/es\/los-sindicatos-coreanos-necesitan-su-solidaridad\/"]}]},{"@type":"BreadcrumbList","@id":"https:\/\/admin.industriall-union.org\/es\/los-sindicatos-coreanos-necesitan-su-solidaridad\/#breadcrumb","itemListElement":[{"@type":"ListItem","position":1,"name":"Home","item":"https:\/\/admin.industriall-union.org\/"},{"@type":"ListItem","position":2,"name":"Articles","item":"https:\/\/admin.industriall-union.org\/article\/"},{"@type":"ListItem","position":3,"name":"Los sindicatos coreanos necesitan su solidaridad"}]},{"@type":"WebSite","@id":"https:\/\/admin.industriall-union.org\/#website","url":"https:\/\/admin.industriall-union.org\/","name":"industriall-union","description":"","potentialAction":[{"@type":"SearchAction","target":{"@type":"EntryPoint","urlTemplate":"https:\/\/admin.industriall-union.org\/?s={search_term_string}"},"query-input":{"@type":"PropertyValueSpecification","valueRequired":true,"valueName":"search_term_string"}}],"inLanguage":"es-ES"}]}},"_links":{"self":[{"href":"https:\/\/admin.industriall-union.org\/es\/wp-json\/wp\/v2\/article\/153053","targetHints":{"allow":["GET"]}}],"collection":[{"href":"https:\/\/admin.industriall-union.org\/es\/wp-json\/wp\/v2\/article"}],"about":[{"href":"https:\/\/admin.industriall-union.org\/es\/wp-json\/wp\/v2\/types\/article"}],"wp:attachment":[{"href":"https:\/\/admin.industriall-union.org\/es\/wp-json\/wp\/v2\/media?parent=153053"}],"wp:term":[{"taxonomy":"issues","embeddable":true,"href":"https:\/\/admin.industriall-union.org\/es\/wp-json\/wp\/v2\/issues?post=153053"},{"taxonomy":"companies","embeddable":true,"href":"https:\/\/admin.industriall-union.org\/es\/wp-json\/wp\/v2\/companies?post=153053"},{"taxonomy":"regions","embeddable":true,"href":"https:\/\/admin.industriall-union.org\/es\/wp-json\/wp\/v2\/regions?post=153053"},{"taxonomy":"sectors","embeddable":true,"href":"https:\/\/admin.industriall-union.org\/es\/wp-json\/wp\/v2\/sectors?post=153053"},{"taxonomy":"article_tags","embeddable":true,"href":"https:\/\/admin.industriall-union.org\/es\/wp-json\/wp\/v2\/article_tags?post=153053"}],"curies":[{"name":"wp","href":"https:\/\/api.w.org\/{rel}","templated":true}]}}