{"id":152994,"date":"2023-05-25T06:10:39","date_gmt":"2023-05-25T06:10:39","guid":{"rendered":"https:\/\/admin.industriall-union.org\/trabajadores-latinoamericanos-buscan-impulsar-una-industria-de-metales-basicos-sostenible\/"},"modified":"2025-01-27T20:55:02","modified_gmt":"2025-01-27T20:55:02","slug":"trabajadores-latinoamericanos-buscan-impulsar-una-industria-de-metales-basicos-sostenible","status":"publish","type":"article","link":"https:\/\/admin.industriall-union.org\/es\/trabajadores-latinoamericanos-buscan-impulsar-una-industria-de-metales-basicos-sostenible\/","title":{"rendered":"Trabajadores latinoamericanos buscan impulsar una industria de metales b\u00e1sicos sostenible"},"content":{"rendered":"<p>El nuevo director de IndustriALL Global Union para sector de metales b\u00e1sicos, Patrick Correa, hizo una presentaci\u00f3n sobre la situaci\u00f3n del sector de metales b\u00e1sicos a nivel global. A su vez, habl\u00f3 sobre las nuevas oportunidades que pueden existir para fortalecer la sindicalizaci\u00f3n y la defensa de los derechos laborales.<\/p><p>Explic\u00f3 que se vive un cambio muy serio de la situaci\u00f3n geopol\u00edtica. Aumentan las luchas de poder, los conflictos y las tensiones pol\u00edticas. Destac\u00f3 el regreso del proteccionismo justificado por los desaf\u00edos de la descarbonizaci\u00f3n y el cambio clim\u00e1tico. Sostuvo que la descarbonizaci\u00f3n y la eficiencia energ\u00e9tica afectan a todos los sectores.<\/p><p>En particular, mencion\u00f3 que los retos para la industria sider\u00fargica incluyen: el reciclaje y la reutilizaci\u00f3n de materiales, la gesti\u00f3n de residuos y subproductos, el dise\u00f1o de productos circulares, la cooperaci\u00f3n intersectorial y los aspectos tanto regulatorios como pol\u00edticos. Enfatiz\u00f3 en que es esencial superar estos desaf\u00edos para lograr una industria sider\u00fargica m\u00e1s sostenible y alineada con los principios de la econom\u00eda circular.<\/p><div class=\"regularQuote\"><blockquote><p>&ldquo;Por todo ello, es necesario ayudar a los sindicatos a ser m\u00e1s fuertes. Las organizaciones deben centrarse en fomentar la sindicalizaci\u00f3n, la creaci\u00f3n y\/o fortalecimiento de las redes sindicales y utilizar herramientas como los Acuerdos marco globales. Pr\u00f3ximamente vamos a desarrollar reuniones de las redes sindicales de Tenaris y Ternium, as\u00ed como de ArcelorMittal y del comit\u00e9 del acero de la OCDE, todas oportunidades importantes para los trabajadores del sector&rdquo;<\/p><\/blockquote><\/div><p>dijo Correa.<\/p><p>En tanto, la secretaria regional adjunta de IndustriALL y responsable del sector de metales b\u00e1sicos en la regi\u00f3n, Laura Carter, hizo una presentaci\u00f3n sobre la perspectiva en la regi\u00f3n.<br \/>Explic\u00f3 que tanto el sector minero como el de metales b\u00e1sicos son cruciales para la transici\u00f3n energ\u00e9tica. Son sectores dominados por las multinacionales, pero con grandes cadenas de suministro que permiten el trabajo de los sindicatos.<\/p><p>Explic\u00f3 que hay materiales cr\u00edticos para la econom\u00eda baja en carb\u00f3n. Recalc\u00f3 que es importante pensar la pol\u00edtica de industria sostenible en cada pa\u00eds y del uso del acero a nivel de la regi\u00f3n. Tambi\u00e9n repar\u00f3 en el primer reporte de sustentabilidad de Alacero, un espacio en el cual participan al menos 60 empresas de la industria sider\u00fargica de la regi\u00f3n. Dijo que grandes temas en lo que se detiene el informe son: la salud y seguridad, la \u00e9tica, retenci\u00f3n de empleos, emisiones atmosf\u00e9ricas, inclusi\u00f3n y equidad.<\/p><p>En tanto, el presidente de la CNM\/CUT, Loricardo de Oliveira, habl\u00f3 sobre los esfuerzos de los sindicatos en su pa\u00eds para la reindustrializaci\u00f3n. Explic\u00f3 que el movimiento sindical impulsa un proyecto de industria llamado 10+. Comparti\u00f3 que ya tuvieron una primera reuni\u00f3n con la c\u00e1mara empresarial, el Instituto del Acero, sobre c\u00f3mo reindustrializar al pa\u00eds.<\/p><p>Para ello, acordaron la creaci\u00f3n de un comit\u00e9 industrial de desarrollo, donde el sector de la siderurgia estar\u00e1 muy presente. Adem\u00e1s, reforzaron la importancia de asegurar el trabajo decente, la salud y seguridad laboral y el desarrollo tecnol\u00f3gico en la siderurgia. Adem\u00e1s, destac\u00f3 que ya iniciaron conversaciones con grandes empresas del sector, como ArcelorMittal.<\/p><p>Finalmente, la miembro del comit\u00e9 ejecutivo de IndustriALL, Mar\u00eda Soledad Calle, habl\u00f3 sobre la situaci\u00f3n de la industria de los metales b\u00e1sicos en Argentina. Asegur\u00f3 que, si bien perdieron m\u00e1s de 50.000 puestos de trabajo durante la presidencia de Mauricio Macri, ahora est\u00e1n avanzando a la recuperaci\u00f3n de la actividad industrial, especialmente en la siderurgia.<\/p><p>Dijo que se lograron recuperar casi todos los puestos de trabajo y que los sindicatos participan activamente en la definici\u00f3n de la pol\u00edtica industrial junto al gobierno. En esos espacios buscan asegurar mejores condiciones de trabajo, incorporar capacitaci\u00f3n laboral, implementar pol\u00edticas de g\u00e9nero y promover la equidad de g\u00e9nero en el \u00e1mbito industrial.<\/p>","protected":false},"featured_media":0,"template":"","issues":[418],"companies":[],"regions":[254],"sectors":[481],"article_tags":[],"class_list":["post-152994","article","type-article","status-publish","hentry","issues-sustainability","regions-latin-america-and-the-caribbean","sectors-base-metals"],"acf":[],"yoast_head":"<!-- This site is optimized with the Yoast SEO Premium plugin v27.1 (Yoast SEO v27.1) - https:\/\/yoast.com\/product\/yoast-seo-premium-wordpress\/ -->\n<title>Trabajadores latinoamericanos buscan impulsar una industria de metales b\u00e1sicos sostenible - industriall-union<\/title>\n<meta name=\"description\" content=\"El nuevo director de IndustriALL Global Union para sector de metales b\u00e1sicos, Patrick Correa, hizo una presentaci\u00f3n sobre la situaci\u00f3n del sector de\" \/>\n<meta name=\"robots\" content=\"index, follow, max-snippet:-1, max-image-preview:large, max-video-preview:-1\" \/>\n<link rel=\"canonical\" href=\"https:\/\/admin.industriall-union.org\/es\/trabajadores-latinoamericanos-buscan-impulsar-una-industria-de-metales-basicos-sostenible\/\" \/>\n<meta property=\"og:locale\" content=\"es_ES\" \/>\n<meta property=\"og:type\" content=\"article\" \/>\n<meta property=\"og:title\" content=\"Trabajadores latinoamericanos buscan impulsar una industria de metales b\u00e1sicos sostenible\" \/>\n<meta property=\"og:description\" content=\"El nuevo director de IndustriALL Global Union para sector de metales b\u00e1sicos, Patrick Correa, hizo una presentaci\u00f3n sobre la situaci\u00f3n del sector de\" \/>\n<meta property=\"og:url\" content=\"https:\/\/admin.industriall-union.org\/es\/trabajadores-latinoamericanos-buscan-impulsar-una-industria-de-metales-basicos-sostenible\/\" \/>\n<meta property=\"og:site_name\" content=\"industriall-union\" \/>\n<meta property=\"article:modified_time\" content=\"2025-01-27T20:55:02+00:00\" \/>\n<meta name=\"twitter:card\" content=\"summary_large_image\" \/>\n<meta name=\"twitter:label1\" content=\"Est. reading time\" \/>\n\t<meta name=\"twitter:data1\" content=\"3 minutes\" \/>\n<script type=\"application\/ld+json\" class=\"yoast-schema-graph\">{\"@context\":\"https:\/\/schema.org\",\"@graph\":[{\"@type\":\"WebPage\",\"@id\":\"https:\/\/admin.industriall-union.org\/es\/trabajadores-latinoamericanos-buscan-impulsar-una-industria-de-metales-basicos-sostenible\/\",\"url\":\"https:\/\/admin.industriall-union.org\/es\/trabajadores-latinoamericanos-buscan-impulsar-una-industria-de-metales-basicos-sostenible\/\",\"name\":\"Trabajadores latinoamericanos buscan impulsar una industria de metales b\u00e1sicos sostenible - industriall-union\",\"isPartOf\":{\"@id\":\"https:\/\/admin.industriall-union.org\/#website\"},\"datePublished\":\"2023-05-25T06:10:39+00:00\",\"dateModified\":\"2025-01-27T20:55:02+00:00\",\"description\":\"El nuevo director de IndustriALL Global Union para sector de metales b\u00e1sicos, Patrick Correa, hizo una presentaci\u00f3n sobre la situaci\u00f3n del sector de\",\"breadcrumb\":{\"@id\":\"https:\/\/admin.industriall-union.org\/es\/trabajadores-latinoamericanos-buscan-impulsar-una-industria-de-metales-basicos-sostenible\/#breadcrumb\"},\"inLanguage\":\"es-ES\",\"potentialAction\":[{\"@type\":\"ReadAction\",\"target\":[\"https:\/\/admin.industriall-union.org\/es\/trabajadores-latinoamericanos-buscan-impulsar-una-industria-de-metales-basicos-sostenible\/\"]}]},{\"@type\":\"BreadcrumbList\",\"@id\":\"https:\/\/admin.industriall-union.org\/es\/trabajadores-latinoamericanos-buscan-impulsar-una-industria-de-metales-basicos-sostenible\/#breadcrumb\",\"itemListElement\":[{\"@type\":\"ListItem\",\"position\":1,\"name\":\"Home\",\"item\":\"https:\/\/admin.industriall-union.org\/\"},{\"@type\":\"ListItem\",\"position\":2,\"name\":\"Articles\",\"item\":\"https:\/\/admin.industriall-union.org\/article\/\"},{\"@type\":\"ListItem\",\"position\":3,\"name\":\"Trabajadores latinoamericanos buscan impulsar una industria de metales b\u00e1sicos sostenible\"}]},{\"@type\":\"WebSite\",\"@id\":\"https:\/\/admin.industriall-union.org\/#website\",\"url\":\"https:\/\/admin.industriall-union.org\/\",\"name\":\"industriall-union\",\"description\":\"\",\"potentialAction\":[{\"@type\":\"SearchAction\",\"target\":{\"@type\":\"EntryPoint\",\"urlTemplate\":\"https:\/\/admin.industriall-union.org\/?s={search_term_string}\"},\"query-input\":{\"@type\":\"PropertyValueSpecification\",\"valueRequired\":true,\"valueName\":\"search_term_string\"}}],\"inLanguage\":\"es-ES\"}]}<\/script>\n<!-- \/ Yoast SEO Premium plugin. -->","yoast_head_json":{"title":"Trabajadores latinoamericanos buscan impulsar una industria de metales b\u00e1sicos sostenible - industriall-union","description":"El nuevo director de IndustriALL Global Union para sector de metales b\u00e1sicos, Patrick Correa, hizo una presentaci\u00f3n sobre la situaci\u00f3n del sector de","robots":{"index":"index","follow":"follow","max-snippet":"max-snippet:-1","max-image-preview":"max-image-preview:large","max-video-preview":"max-video-preview:-1"},"canonical":"https:\/\/admin.industriall-union.org\/es\/trabajadores-latinoamericanos-buscan-impulsar-una-industria-de-metales-basicos-sostenible\/","og_locale":"es_ES","og_type":"article","og_title":"Trabajadores latinoamericanos buscan impulsar una industria de metales b\u00e1sicos sostenible","og_description":"El nuevo director de IndustriALL Global Union para sector de metales b\u00e1sicos, Patrick Correa, hizo una presentaci\u00f3n sobre la situaci\u00f3n del sector de","og_url":"https:\/\/admin.industriall-union.org\/es\/trabajadores-latinoamericanos-buscan-impulsar-una-industria-de-metales-basicos-sostenible\/","og_site_name":"industriall-union","article_modified_time":"2025-01-27T20:55:02+00:00","twitter_card":"summary_large_image","twitter_misc":{"Est. reading time":"3 minutes"},"schema":{"@context":"https:\/\/schema.org","@graph":[{"@type":"WebPage","@id":"https:\/\/admin.industriall-union.org\/es\/trabajadores-latinoamericanos-buscan-impulsar-una-industria-de-metales-basicos-sostenible\/","url":"https:\/\/admin.industriall-union.org\/es\/trabajadores-latinoamericanos-buscan-impulsar-una-industria-de-metales-basicos-sostenible\/","name":"Trabajadores latinoamericanos buscan impulsar una industria de metales b\u00e1sicos sostenible - industriall-union","isPartOf":{"@id":"https:\/\/admin.industriall-union.org\/#website"},"datePublished":"2023-05-25T06:10:39+00:00","dateModified":"2025-01-27T20:55:02+00:00","description":"El nuevo director de IndustriALL Global Union para sector de metales b\u00e1sicos, Patrick Correa, hizo una presentaci\u00f3n sobre la situaci\u00f3n del sector de","breadcrumb":{"@id":"https:\/\/admin.industriall-union.org\/es\/trabajadores-latinoamericanos-buscan-impulsar-una-industria-de-metales-basicos-sostenible\/#breadcrumb"},"inLanguage":"es-ES","potentialAction":[{"@type":"ReadAction","target":["https:\/\/admin.industriall-union.org\/es\/trabajadores-latinoamericanos-buscan-impulsar-una-industria-de-metales-basicos-sostenible\/"]}]},{"@type":"BreadcrumbList","@id":"https:\/\/admin.industriall-union.org\/es\/trabajadores-latinoamericanos-buscan-impulsar-una-industria-de-metales-basicos-sostenible\/#breadcrumb","itemListElement":[{"@type":"ListItem","position":1,"name":"Home","item":"https:\/\/admin.industriall-union.org\/"},{"@type":"ListItem","position":2,"name":"Articles","item":"https:\/\/admin.industriall-union.org\/article\/"},{"@type":"ListItem","position":3,"name":"Trabajadores latinoamericanos buscan impulsar una industria de metales b\u00e1sicos sostenible"}]},{"@type":"WebSite","@id":"https:\/\/admin.industriall-union.org\/#website","url":"https:\/\/admin.industriall-union.org\/","name":"industriall-union","description":"","potentialAction":[{"@type":"SearchAction","target":{"@type":"EntryPoint","urlTemplate":"https:\/\/admin.industriall-union.org\/?s={search_term_string}"},"query-input":{"@type":"PropertyValueSpecification","valueRequired":true,"valueName":"search_term_string"}}],"inLanguage":"es-ES"}]}},"_links":{"self":[{"href":"https:\/\/admin.industriall-union.org\/es\/wp-json\/wp\/v2\/article\/152994","targetHints":{"allow":["GET"]}}],"collection":[{"href":"https:\/\/admin.industriall-union.org\/es\/wp-json\/wp\/v2\/article"}],"about":[{"href":"https:\/\/admin.industriall-union.org\/es\/wp-json\/wp\/v2\/types\/article"}],"wp:attachment":[{"href":"https:\/\/admin.industriall-union.org\/es\/wp-json\/wp\/v2\/media?parent=152994"}],"wp:term":[{"taxonomy":"issues","embeddable":true,"href":"https:\/\/admin.industriall-union.org\/es\/wp-json\/wp\/v2\/issues?post=152994"},{"taxonomy":"companies","embeddable":true,"href":"https:\/\/admin.industriall-union.org\/es\/wp-json\/wp\/v2\/companies?post=152994"},{"taxonomy":"regions","embeddable":true,"href":"https:\/\/admin.industriall-union.org\/es\/wp-json\/wp\/v2\/regions?post=152994"},{"taxonomy":"sectors","embeddable":true,"href":"https:\/\/admin.industriall-union.org\/es\/wp-json\/wp\/v2\/sectors?post=152994"},{"taxonomy":"article_tags","embeddable":true,"href":"https:\/\/admin.industriall-union.org\/es\/wp-json\/wp\/v2\/article_tags?post=152994"}],"curies":[{"name":"wp","href":"https:\/\/api.w.org\/{rel}","templated":true}]}}