{"id":147278,"date":"2023-07-17T10:44:38","date_gmt":"2023-07-17T10:44:38","guid":{"rendered":"https:\/\/admin.industriall-union.org\/organizaciones-sindicales-presentan-una-queja-contra-las-marcas-italianas-que-siguen-presentes-en-myanmar\/"},"modified":"2025-01-27T20:01:33","modified_gmt":"2025-01-27T20:01:33","slug":"organizaciones-sindicales-presentan-una-queja-contra-las-marcas-italianas-que-siguen-presentes-en-myanmar","status":"publish","type":"article","link":"https:\/\/admin.industriall-union.org\/es\/organizaciones-sindicales-presentan-una-queja-contra-las-marcas-italianas-que-siguen-presentes-en-myanmar\/","title":{"rendered":"Organizaciones sindicales presentan una queja contra las marcas italianas que siguen presentes en Myanmar"},"content":{"rendered":"<p>Desde el golpe militar de febrero de 2021, la junta militar ha prohibido a los sindicatos y perseguido a los activistas sindicales. Los derechos laborales son vulnerados permanentemente, por lo que es imposible ejercer la diligencia debida en el pa\u00eds.<br \/>&nbsp;<br \/>Como respuesta a esta situaci\u00f3n, la CGIL, la CISL, la UIL e Italia-Birmania Insieme, que apoyan el reclamo de sanciones econ\u00f3micas integrales y una salida responsable de Myanmar, presentaron una queja en el Punto Nacional de Contacto (PNC) en Italia. Los PNC tienen la responsabilidad de ayudar a resolver las quejas relativas a presuntas infracciones de las <a href=\"https:\/\/www.oecd.org\/daf\/inv\/mne\/48004323.pdf\">L\u00edneas Directrices de la OCDE para Empresas Multinacionales<\/a>.<br \/>&nbsp;<br \/>Khaing Zar, presidenta de la IWFM, afiliada a IndustriALL, expres\u00f3:<\/p><blockquote><p>&ldquo;Los derechos fundamentales en el trabajo han sido violados desde el comienzo del golpe y estamos tomando medidas para contrarrestar la falta de cooperaci\u00f3n de las marcas que insisten en permanecer en Myanmar. Muchas marcas se esconden detr\u00e1s del apoyo de la Uni\u00f3n Europea a trav\u00e9s del programa <a href=\"https:\/\/www.industriall-union.org\/made-in-myanmar-project-eu-must-stop-supporting-military-juntas-rule\">MADE in Myanmar<\/a>. En la pr\u00e1ctica, este proyecto encubre el espacio que la UE le brinda a falsos sindicatos y procesos de di\u00e1logo social&rdquo;.<\/p><\/blockquote><p>En septiembre de 2021, el 3.er Congreso de IndustriALL adopt\u00f3 una resoluci\u00f3n de emergencia en apoyo de la democracia en Myanmar, <a href=\"\/wp-content\/uploads\/images\/2021\/CONGRESS2021\/Resolutions\/resolution_on_myanmar_english.pdf\">en la que reclam\u00f3 sanciones integrales amplias contra la junta militar<\/a>.<\/p><blockquote><p>&ldquo;La queja que nuestros afiliados italianos presentaron al PNC es una de las numerosas v\u00edas que utilizamos tras la resoluci\u00f3n del Congreso&rdquo;,<\/p><\/blockquote><p>declar\u00f3 Atle H\u00f8ie, secretario general de IndustriALL.<\/p><blockquote><p>&ldquo;En otros pa\u00edses y contra otras marcas, utilizamos diferentes mecanismos para obtener los mismos resultados. La libertad sindical no es posible en Myanmar; toda actividad realizada en este pa\u00eds va a parar a los bolsillos de la junta militar&rdquo;.<\/p><\/blockquote><p><br \/>&nbsp;<\/p>","protected":false},"featured_media":0,"template":"","issues":[],"companies":[],"regions":[],"sectors":[],"article_tags":[],"class_list":["post-147278","article","type-article","status-publish","hentry"],"acf":[],"yoast_head":"<!-- This site is optimized with the Yoast SEO Premium plugin v27.1 (Yoast SEO v27.1) - https:\/\/yoast.com\/product\/yoast-seo-premium-wordpress\/ -->\n<title>Organizaciones sindicales presentan una queja contra las marcas italianas que siguen presentes en Myanmar - industriall-union<\/title>\n<meta name=\"description\" content=\"Desde el golpe militar de febrero de 2021, la junta militar ha prohibido a los sindicatos y perseguido a los activistas sindicales. Los derechos laborales\" \/>\n<meta name=\"robots\" content=\"index, follow, max-snippet:-1, max-image-preview:large, max-video-preview:-1\" \/>\n<link rel=\"canonical\" href=\"https:\/\/admin.industriall-union.org\/es\/organizaciones-sindicales-presentan-una-queja-contra-las-marcas-italianas-que-siguen-presentes-en-myanmar\/\" \/>\n<meta property=\"og:locale\" content=\"es_ES\" \/>\n<meta property=\"og:type\" content=\"article\" \/>\n<meta property=\"og:title\" content=\"Organizaciones sindicales presentan una queja contra las marcas italianas que siguen presentes en Myanmar\" \/>\n<meta property=\"og:description\" content=\"Desde el golpe militar de febrero de 2021, la junta militar ha prohibido a los sindicatos y perseguido a los activistas sindicales. Los derechos laborales\" \/>\n<meta property=\"og:url\" content=\"https:\/\/admin.industriall-union.org\/es\/organizaciones-sindicales-presentan-una-queja-contra-las-marcas-italianas-que-siguen-presentes-en-myanmar\/\" \/>\n<meta property=\"og:site_name\" content=\"industriall-union\" \/>\n<meta property=\"article:modified_time\" content=\"2025-01-27T20:01:33+00:00\" \/>\n<meta name=\"twitter:card\" content=\"summary_large_image\" \/>\n<meta name=\"twitter:label1\" content=\"Est. reading time\" \/>\n\t<meta name=\"twitter:data1\" content=\"2 minutes\" \/>\n<script type=\"application\/ld+json\" class=\"yoast-schema-graph\">{\"@context\":\"https:\/\/schema.org\",\"@graph\":[{\"@type\":\"WebPage\",\"@id\":\"https:\/\/admin.industriall-union.org\/es\/organizaciones-sindicales-presentan-una-queja-contra-las-marcas-italianas-que-siguen-presentes-en-myanmar\/\",\"url\":\"https:\/\/admin.industriall-union.org\/es\/organizaciones-sindicales-presentan-una-queja-contra-las-marcas-italianas-que-siguen-presentes-en-myanmar\/\",\"name\":\"Organizaciones sindicales presentan una queja contra las marcas italianas que siguen presentes en Myanmar - industriall-union\",\"isPartOf\":{\"@id\":\"https:\/\/admin.industriall-union.org\/#website\"},\"datePublished\":\"2023-07-17T10:44:38+00:00\",\"dateModified\":\"2025-01-27T20:01:33+00:00\",\"description\":\"Desde el golpe militar de febrero de 2021, la junta militar ha prohibido a los sindicatos y perseguido a los activistas sindicales. Los derechos laborales\",\"breadcrumb\":{\"@id\":\"https:\/\/admin.industriall-union.org\/es\/organizaciones-sindicales-presentan-una-queja-contra-las-marcas-italianas-que-siguen-presentes-en-myanmar\/#breadcrumb\"},\"inLanguage\":\"es-ES\",\"potentialAction\":[{\"@type\":\"ReadAction\",\"target\":[\"https:\/\/admin.industriall-union.org\/es\/organizaciones-sindicales-presentan-una-queja-contra-las-marcas-italianas-que-siguen-presentes-en-myanmar\/\"]}]},{\"@type\":\"BreadcrumbList\",\"@id\":\"https:\/\/admin.industriall-union.org\/es\/organizaciones-sindicales-presentan-una-queja-contra-las-marcas-italianas-que-siguen-presentes-en-myanmar\/#breadcrumb\",\"itemListElement\":[{\"@type\":\"ListItem\",\"position\":1,\"name\":\"Home\",\"item\":\"https:\/\/admin.industriall-union.org\/\"},{\"@type\":\"ListItem\",\"position\":2,\"name\":\"Articles\",\"item\":\"https:\/\/admin.industriall-union.org\/article\/\"},{\"@type\":\"ListItem\",\"position\":3,\"name\":\"Organizaciones sindicales presentan una queja contra las marcas italianas que siguen presentes en Myanmar\"}]},{\"@type\":\"WebSite\",\"@id\":\"https:\/\/admin.industriall-union.org\/#website\",\"url\":\"https:\/\/admin.industriall-union.org\/\",\"name\":\"industriall-union\",\"description\":\"\",\"potentialAction\":[{\"@type\":\"SearchAction\",\"target\":{\"@type\":\"EntryPoint\",\"urlTemplate\":\"https:\/\/admin.industriall-union.org\/?s={search_term_string}\"},\"query-input\":{\"@type\":\"PropertyValueSpecification\",\"valueRequired\":true,\"valueName\":\"search_term_string\"}}],\"inLanguage\":\"es-ES\"}]}<\/script>\n<!-- \/ Yoast SEO Premium plugin. -->","yoast_head_json":{"title":"Organizaciones sindicales presentan una queja contra las marcas italianas que siguen presentes en Myanmar - industriall-union","description":"Desde el golpe militar de febrero de 2021, la junta militar ha prohibido a los sindicatos y perseguido a los activistas sindicales. Los derechos laborales","robots":{"index":"index","follow":"follow","max-snippet":"max-snippet:-1","max-image-preview":"max-image-preview:large","max-video-preview":"max-video-preview:-1"},"canonical":"https:\/\/admin.industriall-union.org\/es\/organizaciones-sindicales-presentan-una-queja-contra-las-marcas-italianas-que-siguen-presentes-en-myanmar\/","og_locale":"es_ES","og_type":"article","og_title":"Organizaciones sindicales presentan una queja contra las marcas italianas que siguen presentes en Myanmar","og_description":"Desde el golpe militar de febrero de 2021, la junta militar ha prohibido a los sindicatos y perseguido a los activistas sindicales. Los derechos laborales","og_url":"https:\/\/admin.industriall-union.org\/es\/organizaciones-sindicales-presentan-una-queja-contra-las-marcas-italianas-que-siguen-presentes-en-myanmar\/","og_site_name":"industriall-union","article_modified_time":"2025-01-27T20:01:33+00:00","twitter_card":"summary_large_image","twitter_misc":{"Est. reading time":"2 minutes"},"schema":{"@context":"https:\/\/schema.org","@graph":[{"@type":"WebPage","@id":"https:\/\/admin.industriall-union.org\/es\/organizaciones-sindicales-presentan-una-queja-contra-las-marcas-italianas-que-siguen-presentes-en-myanmar\/","url":"https:\/\/admin.industriall-union.org\/es\/organizaciones-sindicales-presentan-una-queja-contra-las-marcas-italianas-que-siguen-presentes-en-myanmar\/","name":"Organizaciones sindicales presentan una queja contra las marcas italianas que siguen presentes en Myanmar - industriall-union","isPartOf":{"@id":"https:\/\/admin.industriall-union.org\/#website"},"datePublished":"2023-07-17T10:44:38+00:00","dateModified":"2025-01-27T20:01:33+00:00","description":"Desde el golpe militar de febrero de 2021, la junta militar ha prohibido a los sindicatos y perseguido a los activistas sindicales. Los derechos laborales","breadcrumb":{"@id":"https:\/\/admin.industriall-union.org\/es\/organizaciones-sindicales-presentan-una-queja-contra-las-marcas-italianas-que-siguen-presentes-en-myanmar\/#breadcrumb"},"inLanguage":"es-ES","potentialAction":[{"@type":"ReadAction","target":["https:\/\/admin.industriall-union.org\/es\/organizaciones-sindicales-presentan-una-queja-contra-las-marcas-italianas-que-siguen-presentes-en-myanmar\/"]}]},{"@type":"BreadcrumbList","@id":"https:\/\/admin.industriall-union.org\/es\/organizaciones-sindicales-presentan-una-queja-contra-las-marcas-italianas-que-siguen-presentes-en-myanmar\/#breadcrumb","itemListElement":[{"@type":"ListItem","position":1,"name":"Home","item":"https:\/\/admin.industriall-union.org\/"},{"@type":"ListItem","position":2,"name":"Articles","item":"https:\/\/admin.industriall-union.org\/article\/"},{"@type":"ListItem","position":3,"name":"Organizaciones sindicales presentan una queja contra las marcas italianas que siguen presentes en Myanmar"}]},{"@type":"WebSite","@id":"https:\/\/admin.industriall-union.org\/#website","url":"https:\/\/admin.industriall-union.org\/","name":"industriall-union","description":"","potentialAction":[{"@type":"SearchAction","target":{"@type":"EntryPoint","urlTemplate":"https:\/\/admin.industriall-union.org\/?s={search_term_string}"},"query-input":{"@type":"PropertyValueSpecification","valueRequired":true,"valueName":"search_term_string"}}],"inLanguage":"es-ES"}]}},"_links":{"self":[{"href":"https:\/\/admin.industriall-union.org\/es\/wp-json\/wp\/v2\/article\/147278","targetHints":{"allow":["GET"]}}],"collection":[{"href":"https:\/\/admin.industriall-union.org\/es\/wp-json\/wp\/v2\/article"}],"about":[{"href":"https:\/\/admin.industriall-union.org\/es\/wp-json\/wp\/v2\/types\/article"}],"wp:attachment":[{"href":"https:\/\/admin.industriall-union.org\/es\/wp-json\/wp\/v2\/media?parent=147278"}],"wp:term":[{"taxonomy":"issues","embeddable":true,"href":"https:\/\/admin.industriall-union.org\/es\/wp-json\/wp\/v2\/issues?post=147278"},{"taxonomy":"companies","embeddable":true,"href":"https:\/\/admin.industriall-union.org\/es\/wp-json\/wp\/v2\/companies?post=147278"},{"taxonomy":"regions","embeddable":true,"href":"https:\/\/admin.industriall-union.org\/es\/wp-json\/wp\/v2\/regions?post=147278"},{"taxonomy":"sectors","embeddable":true,"href":"https:\/\/admin.industriall-union.org\/es\/wp-json\/wp\/v2\/sectors?post=147278"},{"taxonomy":"article_tags","embeddable":true,"href":"https:\/\/admin.industriall-union.org\/es\/wp-json\/wp\/v2\/article_tags?post=147278"}],"curies":[{"name":"wp","href":"https:\/\/api.w.org\/{rel}","templated":true}]}}