{"id":147273,"date":"2023-07-20T08:49:12","date_gmt":"2023-07-20T08:49:12","guid":{"rendered":"https:\/\/admin.industriall-union.org\/trabajar-en-una-ucrania-devastada-por-la-guerra\/"},"modified":"2025-01-27T19:56:45","modified_gmt":"2025-01-27T19:56:45","slug":"trabajar-en-una-ucrania-devastada-por-la-guerra","status":"publish","type":"article","link":"https:\/\/admin.industriall-union.org\/es\/trabajar-en-una-ucrania-devastada-por-la-guerra\/","title":{"rendered":"Trabajar en una Ucrania devastada por la guerra"},"content":{"rendered":"<h4>&iquest;Por qu\u00e9 es importante debatir sobre la protecci\u00f3n de los derechos laborales en Ucrania en este momento, en medio de la guerra?&nbsp;<\/h4><p>&ldquo;Es importante porque los trabajadores est\u00e1n sufriendo las consecuencias de la guerra, la ocupaci\u00f3n y la agresi\u00f3n. Mientras son ellos los que pierden sus empleos e ingresos, y los que deben huir con sus familias, tanto dentro como fuera de Ucrania, tambi\u00e9n se espera que defiendan y salven a su pa\u00eds. Todos tenemos esperanza de que se respeten sus derechos laborales, que se apoye a sus sindicatos y que se les d\u00e9 la oportunidad de ser \u00fatiles para sus miembros, pero la realidad es otra.<\/p><p>En un momento en que el pa\u00eds necesita unidad, el Gobierno no deber\u00eda priorizar la modificaci\u00f3n de las leyes laborales en contra de los intereses de los trabajadores que luchan por la soberan\u00eda, la integridad, la democracia y la prosperidad de su pa\u00eds. Esta situaci\u00f3n es, cuando menos, extremadamente decepcionante y frustrante.<\/p><p>Hay dos aspectos que debemos considerar al hablar de los derechos laborales: uno de ellos corresponde a las zonas ocupadas temporal e ilegalmente donde se registran violaciones graves. Recibimos informes terribles desde estos lugares sobre asesinatos, torturas, detenciones arbitrarias, trabajos forzados y deportaciones mediante coacci\u00f3n. El otro aspecto son las recientes modificaciones en casi todas las leyes relacionadas con el trabajo, incluida la legislaci\u00f3n laboral individual y colectiva, lo que implica una gran regresi\u00f3n&rdquo;.&nbsp;<\/p><h4>&iquest;C\u00f3mo logran los trabajadores seguir realizando sus tareas en medio de la guerra?&nbsp;<\/h4><p>&ldquo;La respuesta es: con valent\u00eda. Imaginen a un trabajador de una mina bajo tierra mientras caen bombas. Los trabajadores del sector energ\u00e9tico intentan brindar electricidad a las ciudades para garantizar que la vida cotidiana contin\u00fae, o reparar los sistemas de energ\u00eda, poniendo en riesgo sus propias vidas. Incluso lo hacen sin recibir ning\u00fan pago o menos de lo que deber\u00edan, y sin protecci\u00f3n alguna.&nbsp;<\/p><p>Si la econom\u00eda del pa\u00eds sigue en marcha, es gracias a los trabajadores de la industria, la agricultura y los servicios. Se merecen mucho m\u00e1s de lo que tienen hoy. El trato hacia ellos debe mejorar y sus derechos deben avanzar en lugar de retroceder.<\/p><p>Nuestra tarea principal como sindicato internacional es apoyarlos, debemos ser su voz. Su Gobierno y la comunidad internacional deben entender la realidad de los trabajadores. Por eso seguimos luchando dentro y fuera del pa\u00eds&rdquo;.<\/p><h4>Para algunos trabajadores, por ejemplo, en las centrales nucleares, la situaci\u00f3n en cuanto a la salud y seguridad es p\u00e9sima. &iquest;No pueden simplemente negarse a trabajar, como es su derecho?&nbsp;<\/h4><p>&ldquo;Los trabajadores est\u00e1n expuestos a un mayor riesgo de ser v\u00edctimas de ataques con misiles y minas terrestres que la poblaci\u00f3n en general. Se ven obligados a trabajar en situaciones inseguras e insalubres donde la infraestructura f\u00edsica y el espacio de trabajo est\u00e1n da\u00f1ados, los sistemas de gesti\u00f3n de salud y seguridad no funcionan y no se siguen los procedimientos normales de seguridad.<\/p><p>Para los trabajadores de la energ\u00eda nuclear, existe un alto riesgo de exposici\u00f3n a la radiaci\u00f3n. Sabemos que se les niega informaci\u00f3n sobre los riesgos de salud y seguridad debido a los cambios en el entorno de trabajo y la invasi\u00f3n. Es muy dif\u00edcil obtener informaci\u00f3n de esos lugares de trabajo, por lo que no sabemos si los trabajadores tienen la oportunidad de alejarse en caso de estar ante un peligro inminente y en situaciones potencialmente inseguras.<\/p><p>Nos preocupa mucho que no se les proporcione equipos de protecci\u00f3n personal de la misma calidad que antes. Todo trabajador debe tener derecho a un ambiente de trabajo seguro y saludable. Negarse a trabajar en condiciones inseguras es un derecho fundamental. Sin embargo, dadas las circunstancias, estos trabajadores&nbsp;se ven obligados a hacer muchas cosas sin consentimiento. Esta es la realidad que debe ser expuesta y que debemos cambiar&rdquo;.<\/p><figure class=\"imageArticle imageFull\"><img decoding=\"async\" alt=\"\" src=\"\" style=\"width: 1000px;height: 606px\" \/><figcaption class=\"imageContent\"><div class=\"imageCaption\">&nbsp;<\/div><\/figcaption><\/figure><h4>&iquest;C\u00f3mo han cambiado las leyes laborales en Ucrania y c\u00f3mo afectar\u00e1n estos cambios a los trabajadores?<\/h4><p>&ldquo;Inmediatamente despu\u00e9s del inicio de la guerra, en marzo de 2022, el Parlamento ucraniano aprob\u00f3 la Ley sobre la Organizaci\u00f3n de las Relaciones Laborales bajo la Ley Marcial. Esto ha restringido enormemente los derechos individuales y colectivos de los trabajadores.&nbsp;<\/p><p>Adem\u00e1s, en 2022, el Parlamento promulg\u00f3 una serie de leyes que resultaron en un retroceso enorme en cuanto a los derechos laborales, lo que de hecho constituye una amenaza para las relaciones laborales fundamentales y, en t\u00e9rminos m\u00e1s amplios, para el di\u00e1logo social, que es tan necesario en el pa\u00eds en este momento tan dif\u00edcil.<\/p><p>Esta serie de leyes se enmarca en la llamada reforma para la liberalizaci\u00f3n del trabajo y la desregulaci\u00f3n de las relaciones laborales en Ucrania. Es lamentable que, en lugar de mejorar el C\u00f3digo Laboral actual, los gobernantes ucranianos cambien las leyes laborales, y eliminen casi todos los derechos conquistados por los trabajadores.<\/p><p>Como consecuencia de estas medidas, los trabajadores se ven desprotegidos. Estamos presenciando la versi\u00f3n ucraniana de una carrera hacia el abismo para los trabajadores, en l\u00ednea con las prescripciones de las instituciones financieras internacionales. Pero es el camino equivocado&rdquo;.<\/p><h4>&iquest;Por qu\u00e9 es importante prestar especial atenci\u00f3n a las violaciones de los derechos laborales durante una guerra?&nbsp;<\/h4><p>&ldquo;Es importante porque es la raz\u00f3n de ser de nuestro movimiento. En cualquier circunstancia, la defensa de los derechos laborales es nuestra principal responsabilidad.<\/p><p>Adem\u00e1s, porque en una guerra, las voces de los trabajadores, particularmente en las zonas ocupadas, no son escuchadas. Nosotros, los sindicatos internacionales, tenemos que ser la voz de los que no la tienen. Los organismos intergubernamentales deben conocer la realidad de los trabajadores para poder tomar las medidas necesarias. Es por eso que emitimos<a href=\"https:\/\/www.industriall-union.org\/fundamental-workers-rights-violated-in-ukraine\"> informes sectoriales con la OIT<\/a>, por ejemplo.<\/p><p>Por \u00faltimo, es importante porque lo que se ha hecho y se est\u00e1 haciendo debe tenerse presente a la hora de rendir cuentas y asignar responsabilidades. La comunidad internacional no puede permitir que nadie se salga con la suya. En el mundo del trabajo, es nuestra responsabilidad que la verdad salga a la luz&rdquo;.&nbsp;<\/p>","protected":false},"featured_media":0,"template":"","issues":[],"companies":[],"regions":[252],"sectors":[],"article_tags":[],"class_list":["post-147273","article","type-article","status-publish","hentry","regions-ukraine"],"acf":[],"yoast_head":"<!-- This site is optimized with the Yoast SEO Premium plugin v27.1 (Yoast SEO v27.1) - https:\/\/yoast.com\/product\/yoast-seo-premium-wordpress\/ -->\n<title>Trabajar en una Ucrania devastada por la guerra - industriall-union<\/title>\n<meta name=\"description\" content=\"&iquest;Por qu\u00e9 es importante debatir sobre la protecci\u00f3n de los derechos laborales en Ucrania en este momento, en medio de la guerra?&nbsp;&ldquo;Es\" \/>\n<meta name=\"robots\" content=\"index, follow, max-snippet:-1, max-image-preview:large, max-video-preview:-1\" \/>\n<link rel=\"canonical\" href=\"https:\/\/admin.industriall-union.org\/es\/trabajar-en-una-ucrania-devastada-por-la-guerra\/\" \/>\n<meta property=\"og:locale\" content=\"es_ES\" \/>\n<meta property=\"og:type\" content=\"article\" \/>\n<meta property=\"og:title\" content=\"Trabajar en una Ucrania devastada por la guerra\" \/>\n<meta property=\"og:description\" content=\"&iquest;Por qu\u00e9 es importante debatir sobre la protecci\u00f3n de los derechos laborales en Ucrania en este momento, en medio de la guerra?&nbsp;&ldquo;Es\" \/>\n<meta property=\"og:url\" content=\"https:\/\/admin.industriall-union.org\/es\/trabajar-en-una-ucrania-devastada-por-la-guerra\/\" \/>\n<meta property=\"og:site_name\" content=\"industriall-union\" \/>\n<meta property=\"article:modified_time\" content=\"2025-01-27T19:56:45+00:00\" \/>\n<meta name=\"twitter:card\" content=\"summary_large_image\" \/>\n<meta name=\"twitter:label1\" content=\"Est. reading time\" \/>\n\t<meta name=\"twitter:data1\" content=\"5 minutes\" \/>\n<script type=\"application\/ld+json\" class=\"yoast-schema-graph\">{\"@context\":\"https:\/\/schema.org\",\"@graph\":[{\"@type\":\"WebPage\",\"@id\":\"https:\/\/admin.industriall-union.org\/es\/trabajar-en-una-ucrania-devastada-por-la-guerra\/\",\"url\":\"https:\/\/admin.industriall-union.org\/es\/trabajar-en-una-ucrania-devastada-por-la-guerra\/\",\"name\":\"Trabajar en una Ucrania devastada por la guerra - industriall-union\",\"isPartOf\":{\"@id\":\"https:\/\/admin.industriall-union.org\/#website\"},\"datePublished\":\"2023-07-20T08:49:12+00:00\",\"dateModified\":\"2025-01-27T19:56:45+00:00\",\"description\":\"&iquest;Por qu\u00e9 es importante debatir sobre la protecci\u00f3n de los derechos laborales en Ucrania en este momento, en medio de la guerra?&nbsp;&ldquo;Es\",\"breadcrumb\":{\"@id\":\"https:\/\/admin.industriall-union.org\/es\/trabajar-en-una-ucrania-devastada-por-la-guerra\/#breadcrumb\"},\"inLanguage\":\"es-ES\",\"potentialAction\":[{\"@type\":\"ReadAction\",\"target\":[\"https:\/\/admin.industriall-union.org\/es\/trabajar-en-una-ucrania-devastada-por-la-guerra\/\"]}]},{\"@type\":\"BreadcrumbList\",\"@id\":\"https:\/\/admin.industriall-union.org\/es\/trabajar-en-una-ucrania-devastada-por-la-guerra\/#breadcrumb\",\"itemListElement\":[{\"@type\":\"ListItem\",\"position\":1,\"name\":\"Home\",\"item\":\"https:\/\/admin.industriall-union.org\/\"},{\"@type\":\"ListItem\",\"position\":2,\"name\":\"Articles\",\"item\":\"https:\/\/admin.industriall-union.org\/article\/\"},{\"@type\":\"ListItem\",\"position\":3,\"name\":\"Trabajar en una Ucrania devastada por la guerra\"}]},{\"@type\":\"WebSite\",\"@id\":\"https:\/\/admin.industriall-union.org\/#website\",\"url\":\"https:\/\/admin.industriall-union.org\/\",\"name\":\"industriall-union\",\"description\":\"\",\"potentialAction\":[{\"@type\":\"SearchAction\",\"target\":{\"@type\":\"EntryPoint\",\"urlTemplate\":\"https:\/\/admin.industriall-union.org\/?s={search_term_string}\"},\"query-input\":{\"@type\":\"PropertyValueSpecification\",\"valueRequired\":true,\"valueName\":\"search_term_string\"}}],\"inLanguage\":\"es-ES\"}]}<\/script>\n<!-- \/ Yoast SEO Premium plugin. -->","yoast_head_json":{"title":"Trabajar en una Ucrania devastada por la guerra - industriall-union","description":"&iquest;Por qu\u00e9 es importante debatir sobre la protecci\u00f3n de los derechos laborales en Ucrania en este momento, en medio de la guerra?&nbsp;&ldquo;Es","robots":{"index":"index","follow":"follow","max-snippet":"max-snippet:-1","max-image-preview":"max-image-preview:large","max-video-preview":"max-video-preview:-1"},"canonical":"https:\/\/admin.industriall-union.org\/es\/trabajar-en-una-ucrania-devastada-por-la-guerra\/","og_locale":"es_ES","og_type":"article","og_title":"Trabajar en una Ucrania devastada por la guerra","og_description":"&iquest;Por qu\u00e9 es importante debatir sobre la protecci\u00f3n de los derechos laborales en Ucrania en este momento, en medio de la guerra?&nbsp;&ldquo;Es","og_url":"https:\/\/admin.industriall-union.org\/es\/trabajar-en-una-ucrania-devastada-por-la-guerra\/","og_site_name":"industriall-union","article_modified_time":"2025-01-27T19:56:45+00:00","twitter_card":"summary_large_image","twitter_misc":{"Est. reading time":"5 minutes"},"schema":{"@context":"https:\/\/schema.org","@graph":[{"@type":"WebPage","@id":"https:\/\/admin.industriall-union.org\/es\/trabajar-en-una-ucrania-devastada-por-la-guerra\/","url":"https:\/\/admin.industriall-union.org\/es\/trabajar-en-una-ucrania-devastada-por-la-guerra\/","name":"Trabajar en una Ucrania devastada por la guerra - industriall-union","isPartOf":{"@id":"https:\/\/admin.industriall-union.org\/#website"},"datePublished":"2023-07-20T08:49:12+00:00","dateModified":"2025-01-27T19:56:45+00:00","description":"&iquest;Por qu\u00e9 es importante debatir sobre la protecci\u00f3n de los derechos laborales en Ucrania en este momento, en medio de la guerra?&nbsp;&ldquo;Es","breadcrumb":{"@id":"https:\/\/admin.industriall-union.org\/es\/trabajar-en-una-ucrania-devastada-por-la-guerra\/#breadcrumb"},"inLanguage":"es-ES","potentialAction":[{"@type":"ReadAction","target":["https:\/\/admin.industriall-union.org\/es\/trabajar-en-una-ucrania-devastada-por-la-guerra\/"]}]},{"@type":"BreadcrumbList","@id":"https:\/\/admin.industriall-union.org\/es\/trabajar-en-una-ucrania-devastada-por-la-guerra\/#breadcrumb","itemListElement":[{"@type":"ListItem","position":1,"name":"Home","item":"https:\/\/admin.industriall-union.org\/"},{"@type":"ListItem","position":2,"name":"Articles","item":"https:\/\/admin.industriall-union.org\/article\/"},{"@type":"ListItem","position":3,"name":"Trabajar en una Ucrania devastada por la guerra"}]},{"@type":"WebSite","@id":"https:\/\/admin.industriall-union.org\/#website","url":"https:\/\/admin.industriall-union.org\/","name":"industriall-union","description":"","potentialAction":[{"@type":"SearchAction","target":{"@type":"EntryPoint","urlTemplate":"https:\/\/admin.industriall-union.org\/?s={search_term_string}"},"query-input":{"@type":"PropertyValueSpecification","valueRequired":true,"valueName":"search_term_string"}}],"inLanguage":"es-ES"}]}},"_links":{"self":[{"href":"https:\/\/admin.industriall-union.org\/es\/wp-json\/wp\/v2\/article\/147273","targetHints":{"allow":["GET"]}}],"collection":[{"href":"https:\/\/admin.industriall-union.org\/es\/wp-json\/wp\/v2\/article"}],"about":[{"href":"https:\/\/admin.industriall-union.org\/es\/wp-json\/wp\/v2\/types\/article"}],"wp:attachment":[{"href":"https:\/\/admin.industriall-union.org\/es\/wp-json\/wp\/v2\/media?parent=147273"}],"wp:term":[{"taxonomy":"issues","embeddable":true,"href":"https:\/\/admin.industriall-union.org\/es\/wp-json\/wp\/v2\/issues?post=147273"},{"taxonomy":"companies","embeddable":true,"href":"https:\/\/admin.industriall-union.org\/es\/wp-json\/wp\/v2\/companies?post=147273"},{"taxonomy":"regions","embeddable":true,"href":"https:\/\/admin.industriall-union.org\/es\/wp-json\/wp\/v2\/regions?post=147273"},{"taxonomy":"sectors","embeddable":true,"href":"https:\/\/admin.industriall-union.org\/es\/wp-json\/wp\/v2\/sectors?post=147273"},{"taxonomy":"article_tags","embeddable":true,"href":"https:\/\/admin.industriall-union.org\/es\/wp-json\/wp\/v2\/article_tags?post=147273"}],"curies":[{"name":"wp","href":"https:\/\/api.w.org\/{rel}","templated":true}]}}