{"id":147270,"date":"2023-07-25T12:11:06","date_gmt":"2023-07-25T12:11:06","guid":{"rendered":"https:\/\/admin.industriall-union.org\/lideres-sindicales-jovenes-fortalecen-la-accion-sindical-a-traves-del-intercambio-internacional\/"},"modified":"2025-01-27T19:52:37","modified_gmt":"2025-01-27T19:52:37","slug":"lideres-sindicales-jovenes-fortalecen-la-accion-sindical-a-traves-del-intercambio-internacional","status":"publish","type":"article","link":"https:\/\/admin.industriall-union.org\/es\/lideres-sindicales-jovenes-fortalecen-la-accion-sindical-a-traves-del-intercambio-internacional\/","title":{"rendered":"L\u00edderes sindicales j\u00f3venes fortalecen la acci\u00f3n sindical a trav\u00e9s del intercambio internacional"},"content":{"rendered":"<p>Con el apoyo de la FES (Friedrich-Ebert-Stiftung), el programa se centr\u00f3 en estudiar el sistema sindical alem\u00e1n y la estructura de IG Metall.<br \/>&nbsp;<br \/>En el transcurso de una semana, los participantes profundizaron en las caracter\u00edsticas del sistema sindical alem\u00e1n, con un enfoque espec\u00edfico en la estructura organizacional de IG Metall, al igual que como se hizo con los modelos argentino y brasile\u00f1o en los a\u00f1os anteriores.<\/p><p>Facilitado por un equipo de educadores y expertos sindicales de IndustriALL e IG Metall, el programa favoreci\u00f3 un enfoque comparativo, mediante el cual los l\u00edderes j\u00f3venes aprendieron sobre diversos modelos de representaci\u00f3n de trabajadores y pr\u00e1cticas sindicales en los tres pa\u00edses.<br \/>&nbsp;<br \/>Se mostr\u00f3 especial inter\u00e9s en el sistema alem\u00e1n de codeterminaci\u00f3n, en el que participan los comit\u00e9s de empresa, y en el sistema de formaci\u00f3n dual para aprendices. Se reconocieron estos logros como el resultado de las luchas colectivas de las organizaciones sindicales para mejorar las condiciones de trabajo, en lugar de la mera suerte o la buena voluntad de los empleadores.<br \/>&nbsp;<br \/>Un aspecto esencial del programa de intercambio fue el desarrollo y la implementaci\u00f3n de planes de acci\u00f3n sindicales destinados a sindicalizar a los trabajadores j\u00f3venes dentro de sus respectivos lugares de trabajo. A lo largo del programa de tres a\u00f1os, los participantes trabajaron en estos planes de acci\u00f3n y, durante el \u00faltimo d\u00eda del intercambio, compartieron los resultados y el estado de implementaci\u00f3n de sus iniciativas.<br \/>&nbsp;<br \/>Los planes de acci\u00f3n mostraron una amplia gama de enfoques, adaptados a las realidades, necesidades y recursos \u00fanicos de cada sindicato participante. Algunos sindicatos organizaron torneos de f\u00fatbol acompa\u00f1ados de debates sobre la misi\u00f3n y el prop\u00f3sito del sindicato, mientras que otros se centraron en empoderar a las trabajadoras a trav\u00e9s de seminarios de capacitaci\u00f3n o en mejorar su vida diaria, por ejemplo, al implementar vestuarios femeninos.<\/p><p>Adem\u00e1s, algunos sindicatos se concentraron en crear escuelas sindicales y seminarios de capacitaci\u00f3n para instruir a sus miembros en materia de derechos y leyes laborales.<br \/>&nbsp;<br \/>A pesar de la diversidad de m\u00e9todos utilizados, el objetivo final de todos los planes de acci\u00f3n sigui\u00f3 siendo el mismo: fortalecer las organizaciones sindicales a las que pertenecen los participantes.<br \/>&nbsp;<br \/>Los participantes acordaron por unanimidad que, independientemente del contexto en el que se desempe\u00f1en, la lucha central sigue siendo la misma. Reconocieron que, a pesar de que las barreras idiom\u00e1ticas puedan separarlos, su compromiso compartido con la promoci\u00f3n de los derechos laborales y la b\u00fasqueda de mejores condiciones los une.<\/p><p>El programa no solo foment\u00f3 el entendimiento mutuo, sino que tambi\u00e9n promovi\u00f3 la camarader\u00eda entre los l\u00edderes sindicales j\u00f3venes m\u00e1s all\u00e1 de las fronteras.<\/p><blockquote><p>&ldquo;En los \u00faltimos 12 a\u00f1os, este programa de intercambio ha sido fundamental para fomentar la colaboraci\u00f3n y el intercambio de conocimientos entre los l\u00edderes sindicales j\u00f3venes de Am\u00e9rica del Sur e IG Metall. Muchos exparticipantes han alcanzado puestos importantes dentro de sus respectivos sindicatos, como secretarios generales, presidentes o secretarios internacionales.<\/p><p>El \u00e9xito del programa ha demostrado la importancia de los intercambios internacionales para fortalecer los sindicatos y construir una red global de l\u00edderes j\u00f3venes comprometidos con la defensa de los derechos de laborales y la justicia social&rdquo;,<\/p><\/blockquote><p>expres\u00f3 Sarah Flores, coordinadora mundial de la juventud de IndustriALL.<\/p><p><br \/>&nbsp;<\/p>","protected":false},"featured_media":0,"template":"","issues":[396,390,422,401,425],"companies":[],"regions":[152,219,254],"sectors":[],"article_tags":[511,522,536],"class_list":["post-147270","article","type-article","status-publish","hentry","issues-building-strong-unions","issues-future-of-work","issues-human-trade-union-rights","issues-projects","issues-workers-rights","regions-america-latina-y-el-caribe","regions-germany","regions-latin-america-and-the-caribbean","article_tags-industriall","article_tags-projects","article_tags-youth"],"acf":[],"yoast_head":"<!-- This site is optimized with the Yoast SEO Premium plugin v27.1 (Yoast SEO v27.1) - https:\/\/yoast.com\/product\/yoast-seo-premium-wordpress\/ -->\n<title>L\u00edderes sindicales j\u00f3venes fortalecen la acci\u00f3n sindical a trav\u00e9s del intercambio internacional - industriall-union<\/title>\n<meta name=\"description\" content=\"Con el apoyo de la FES (Friedrich-Ebert-Stiftung), el programa se centr\u00f3 en estudiar el sistema sindical alem\u00e1n y la estructura de IG Metall.&nbsp;En el\" \/>\n<meta name=\"robots\" content=\"index, follow, max-snippet:-1, max-image-preview:large, max-video-preview:-1\" \/>\n<link rel=\"canonical\" href=\"https:\/\/admin.industriall-union.org\/es\/lideres-sindicales-jovenes-fortalecen-la-accion-sindical-a-traves-del-intercambio-internacional\/\" \/>\n<meta property=\"og:locale\" content=\"es_ES\" \/>\n<meta property=\"og:type\" content=\"article\" \/>\n<meta property=\"og:title\" content=\"L\u00edderes sindicales j\u00f3venes fortalecen la acci\u00f3n sindical a trav\u00e9s del intercambio internacional\" \/>\n<meta property=\"og:description\" content=\"Con el apoyo de la FES (Friedrich-Ebert-Stiftung), el programa se centr\u00f3 en estudiar el sistema sindical alem\u00e1n y la estructura de IG Metall.&nbsp;En el\" \/>\n<meta property=\"og:url\" content=\"https:\/\/admin.industriall-union.org\/es\/lideres-sindicales-jovenes-fortalecen-la-accion-sindical-a-traves-del-intercambio-internacional\/\" \/>\n<meta property=\"og:site_name\" content=\"industriall-union\" \/>\n<meta property=\"article:modified_time\" content=\"2025-01-27T19:52:37+00:00\" \/>\n<meta name=\"twitter:card\" content=\"summary_large_image\" \/>\n<meta name=\"twitter:label1\" content=\"Est. reading time\" \/>\n\t<meta name=\"twitter:data1\" content=\"3 minutes\" \/>\n<script type=\"application\/ld+json\" class=\"yoast-schema-graph\">{\"@context\":\"https:\/\/schema.org\",\"@graph\":[{\"@type\":\"WebPage\",\"@id\":\"https:\/\/admin.industriall-union.org\/es\/lideres-sindicales-jovenes-fortalecen-la-accion-sindical-a-traves-del-intercambio-internacional\/\",\"url\":\"https:\/\/admin.industriall-union.org\/es\/lideres-sindicales-jovenes-fortalecen-la-accion-sindical-a-traves-del-intercambio-internacional\/\",\"name\":\"L\u00edderes sindicales j\u00f3venes fortalecen la acci\u00f3n sindical a trav\u00e9s del intercambio internacional - industriall-union\",\"isPartOf\":{\"@id\":\"https:\/\/admin.industriall-union.org\/#website\"},\"datePublished\":\"2023-07-25T12:11:06+00:00\",\"dateModified\":\"2025-01-27T19:52:37+00:00\",\"description\":\"Con el apoyo de la FES (Friedrich-Ebert-Stiftung), el programa se centr\u00f3 en estudiar el sistema sindical alem\u00e1n y la estructura de IG Metall.&nbsp;En el\",\"breadcrumb\":{\"@id\":\"https:\/\/admin.industriall-union.org\/es\/lideres-sindicales-jovenes-fortalecen-la-accion-sindical-a-traves-del-intercambio-internacional\/#breadcrumb\"},\"inLanguage\":\"es-ES\",\"potentialAction\":[{\"@type\":\"ReadAction\",\"target\":[\"https:\/\/admin.industriall-union.org\/es\/lideres-sindicales-jovenes-fortalecen-la-accion-sindical-a-traves-del-intercambio-internacional\/\"]}]},{\"@type\":\"BreadcrumbList\",\"@id\":\"https:\/\/admin.industriall-union.org\/es\/lideres-sindicales-jovenes-fortalecen-la-accion-sindical-a-traves-del-intercambio-internacional\/#breadcrumb\",\"itemListElement\":[{\"@type\":\"ListItem\",\"position\":1,\"name\":\"Home\",\"item\":\"https:\/\/admin.industriall-union.org\/\"},{\"@type\":\"ListItem\",\"position\":2,\"name\":\"Articles\",\"item\":\"https:\/\/admin.industriall-union.org\/article\/\"},{\"@type\":\"ListItem\",\"position\":3,\"name\":\"L\u00edderes sindicales j\u00f3venes fortalecen la acci\u00f3n sindical a trav\u00e9s del intercambio internacional\"}]},{\"@type\":\"WebSite\",\"@id\":\"https:\/\/admin.industriall-union.org\/#website\",\"url\":\"https:\/\/admin.industriall-union.org\/\",\"name\":\"industriall-union\",\"description\":\"\",\"potentialAction\":[{\"@type\":\"SearchAction\",\"target\":{\"@type\":\"EntryPoint\",\"urlTemplate\":\"https:\/\/admin.industriall-union.org\/?s={search_term_string}\"},\"query-input\":{\"@type\":\"PropertyValueSpecification\",\"valueRequired\":true,\"valueName\":\"search_term_string\"}}],\"inLanguage\":\"es-ES\"}]}<\/script>\n<!-- \/ Yoast SEO Premium plugin. -->","yoast_head_json":{"title":"L\u00edderes sindicales j\u00f3venes fortalecen la acci\u00f3n sindical a trav\u00e9s del intercambio internacional - industriall-union","description":"Con el apoyo de la FES (Friedrich-Ebert-Stiftung), el programa se centr\u00f3 en estudiar el sistema sindical alem\u00e1n y la estructura de IG Metall.&nbsp;En el","robots":{"index":"index","follow":"follow","max-snippet":"max-snippet:-1","max-image-preview":"max-image-preview:large","max-video-preview":"max-video-preview:-1"},"canonical":"https:\/\/admin.industriall-union.org\/es\/lideres-sindicales-jovenes-fortalecen-la-accion-sindical-a-traves-del-intercambio-internacional\/","og_locale":"es_ES","og_type":"article","og_title":"L\u00edderes sindicales j\u00f3venes fortalecen la acci\u00f3n sindical a trav\u00e9s del intercambio internacional","og_description":"Con el apoyo de la FES (Friedrich-Ebert-Stiftung), el programa se centr\u00f3 en estudiar el sistema sindical alem\u00e1n y la estructura de IG Metall.&nbsp;En el","og_url":"https:\/\/admin.industriall-union.org\/es\/lideres-sindicales-jovenes-fortalecen-la-accion-sindical-a-traves-del-intercambio-internacional\/","og_site_name":"industriall-union","article_modified_time":"2025-01-27T19:52:37+00:00","twitter_card":"summary_large_image","twitter_misc":{"Est. reading time":"3 minutes"},"schema":{"@context":"https:\/\/schema.org","@graph":[{"@type":"WebPage","@id":"https:\/\/admin.industriall-union.org\/es\/lideres-sindicales-jovenes-fortalecen-la-accion-sindical-a-traves-del-intercambio-internacional\/","url":"https:\/\/admin.industriall-union.org\/es\/lideres-sindicales-jovenes-fortalecen-la-accion-sindical-a-traves-del-intercambio-internacional\/","name":"L\u00edderes sindicales j\u00f3venes fortalecen la acci\u00f3n sindical a trav\u00e9s del intercambio internacional - industriall-union","isPartOf":{"@id":"https:\/\/admin.industriall-union.org\/#website"},"datePublished":"2023-07-25T12:11:06+00:00","dateModified":"2025-01-27T19:52:37+00:00","description":"Con el apoyo de la FES (Friedrich-Ebert-Stiftung), el programa se centr\u00f3 en estudiar el sistema sindical alem\u00e1n y la estructura de IG Metall.&nbsp;En el","breadcrumb":{"@id":"https:\/\/admin.industriall-union.org\/es\/lideres-sindicales-jovenes-fortalecen-la-accion-sindical-a-traves-del-intercambio-internacional\/#breadcrumb"},"inLanguage":"es-ES","potentialAction":[{"@type":"ReadAction","target":["https:\/\/admin.industriall-union.org\/es\/lideres-sindicales-jovenes-fortalecen-la-accion-sindical-a-traves-del-intercambio-internacional\/"]}]},{"@type":"BreadcrumbList","@id":"https:\/\/admin.industriall-union.org\/es\/lideres-sindicales-jovenes-fortalecen-la-accion-sindical-a-traves-del-intercambio-internacional\/#breadcrumb","itemListElement":[{"@type":"ListItem","position":1,"name":"Home","item":"https:\/\/admin.industriall-union.org\/"},{"@type":"ListItem","position":2,"name":"Articles","item":"https:\/\/admin.industriall-union.org\/article\/"},{"@type":"ListItem","position":3,"name":"L\u00edderes sindicales j\u00f3venes fortalecen la acci\u00f3n sindical a trav\u00e9s del intercambio internacional"}]},{"@type":"WebSite","@id":"https:\/\/admin.industriall-union.org\/#website","url":"https:\/\/admin.industriall-union.org\/","name":"industriall-union","description":"","potentialAction":[{"@type":"SearchAction","target":{"@type":"EntryPoint","urlTemplate":"https:\/\/admin.industriall-union.org\/?s={search_term_string}"},"query-input":{"@type":"PropertyValueSpecification","valueRequired":true,"valueName":"search_term_string"}}],"inLanguage":"es-ES"}]}},"_links":{"self":[{"href":"https:\/\/admin.industriall-union.org\/es\/wp-json\/wp\/v2\/article\/147270","targetHints":{"allow":["GET"]}}],"collection":[{"href":"https:\/\/admin.industriall-union.org\/es\/wp-json\/wp\/v2\/article"}],"about":[{"href":"https:\/\/admin.industriall-union.org\/es\/wp-json\/wp\/v2\/types\/article"}],"wp:attachment":[{"href":"https:\/\/admin.industriall-union.org\/es\/wp-json\/wp\/v2\/media?parent=147270"}],"wp:term":[{"taxonomy":"issues","embeddable":true,"href":"https:\/\/admin.industriall-union.org\/es\/wp-json\/wp\/v2\/issues?post=147270"},{"taxonomy":"companies","embeddable":true,"href":"https:\/\/admin.industriall-union.org\/es\/wp-json\/wp\/v2\/companies?post=147270"},{"taxonomy":"regions","embeddable":true,"href":"https:\/\/admin.industriall-union.org\/es\/wp-json\/wp\/v2\/regions?post=147270"},{"taxonomy":"sectors","embeddable":true,"href":"https:\/\/admin.industriall-union.org\/es\/wp-json\/wp\/v2\/sectors?post=147270"},{"taxonomy":"article_tags","embeddable":true,"href":"https:\/\/admin.industriall-union.org\/es\/wp-json\/wp\/v2\/article_tags?post=147270"}],"curies":[{"name":"wp","href":"https:\/\/api.w.org\/{rel}","templated":true}]}}