{"id":147240,"date":"2023-08-09T13:23:23","date_gmt":"2023-08-09T13:23:23","guid":{"rendered":"https:\/\/admin.industriall-union.org\/mujeres-lideres-de-latinoamerica-buscan-tener-mayor-impacto-en-su-labor-sindical\/"},"modified":"2025-01-27T19:45:10","modified_gmt":"2025-01-27T19:45:10","slug":"mujeres-lideres-de-latinoamerica-buscan-tener-mayor-impacto-en-su-labor-sindical","status":"publish","type":"article","link":"https:\/\/admin.industriall-union.org\/es\/mujeres-lideres-de-latinoamerica-buscan-tener-mayor-impacto-en-su-labor-sindical\/","title":{"rendered":"Mujeres l\u00edderes de Latinoam\u00e9rica buscan tener mayor impacto en su labor sindical"},"content":{"rendered":"<p>El grupo de mujeres se re\u00fane una vez al mes en el marco del seminario de g\u00e9nero que impulsa IndustriALL Global Union en la regi\u00f3n. En esta oportunidad, se encontraron de forma virtual el viernes 28 de julio para reflexionar sobre c\u00f3mo comunicar de manera efectiva para tener mayor impacto en su labor sindical y poder llevar a cabo su plan de acci\u00f3n sindical.&nbsp;<\/p><p>Para ello, intercambiaron experiencias sobre situaciones en su trabajo sindical donde encuentran dificultades para comunicarse de manera efectiva. Adem\u00e1s, reflexionaron sobre el uso de la comunicaci\u00f3n como veh\u00edculo esencial del sindicalismo.<\/p><p>Las participantes hicieron un diagn\u00f3stico sobre cu\u00e1l cre\u00edan que era la brecha entre los estereotipos que circulan y los valores que quieren comunicar sobre los sindicatos. Mencionaron que algunos de los estereotipos negativos sobre los sindicatos que muestran los medios de comunicaci\u00f3n eran: que los sindicatos son &ldquo;vagos&rdquo;, &ldquo;problem\u00e1ticos&rdquo; y &ldquo;conflictivos&rdquo;. Por el contrario, aseguraron que los valores claves del movimiento sindical son el &ldquo;esp\u00edritu de lucha&rdquo;, la &ldquo;solidaridad&rdquo;, el &ldquo;compa\u00f1erismo&rdquo; y la &ldquo;constancia&rdquo;.<\/p><p>Por su parte, la secretaria regional adjunta de IndustriALL para Am\u00e9rica Latina y el Caribe, y responsable de g\u00e9nero a nivel regional, Laura Carter, habl\u00f3 sobre c\u00f3mo es posible empezar a cerrar esta brecha. Explic\u00f3 que para ello es importante tener compromiso y pensar en el resultado que quieren lograr como movimiento sindical. Recalc\u00f3 que tambi\u00e9n es importante comprender a quienes est\u00e1n por fuera para encontrar formas de comunicarles de forma asertiva y que tengan una mejor comprensi\u00f3n sobre los valores positivos del sindicalismo.<\/p><p>Finalmente, la encargada de comunicaci\u00f3n de IndustriALL en la regi\u00f3n, Kim Meyer comparti\u00f3 los conceptos b\u00e1sicos de la comunicaci\u00f3n. Las participantes conocieron herramientas pr\u00e1cticas para comunicar informaci\u00f3n sobre sus campa\u00f1as, luchas y victorias. Adem\u00e1s, indagaron sobre c\u00f3mo hablar con m\u00e1s confianza en las reuniones y c\u00f3mo usar las redes sociales de manera m\u00e1s eficaz.<\/p><p>Finalmente, Carter concluy\u00f3:<\/p><blockquote><p>&ldquo;Sea cual sea su rol (liderar, sindicalizar, movilizar, negociar, educar, realizar campa\u00f1as, compartir noticias, convencer), la comunicaci\u00f3n es el campo por donde pasa el sindicalismo.<\/p><p>La idea de este seminario fue que contaran con un espacio para reflexionar sobre las premisas b\u00e1sicas de la comunicaci\u00f3n, pensar en c\u00f3mo nos vemos y c\u00f3mo nos pronunciamos, pero tambi\u00e9n pensar en c\u00f3mo poner estos conceptos en la pr\u00e1ctica cada una en el \u00e1rea del trabajo sindical que le toca.&rdquo;<br \/>&nbsp;<\/p><\/blockquote>","protected":false},"featured_media":0,"template":"","issues":[396,397],"companies":[],"regions":[152],"sectors":[],"article_tags":[506,511,522],"class_list":["post-147240","article","type-article","status-publish","hentry","issues-building-strong-unions","issues-women","regions-america-latina-y-el-caribe","article_tags-comms-howto","article_tags-industriall","article_tags-projects"],"acf":[],"yoast_head":"<!-- This site is optimized with the Yoast SEO Premium plugin v27.1 (Yoast SEO v27.1) - https:\/\/yoast.com\/product\/yoast-seo-premium-wordpress\/ -->\n<title>Mujeres l\u00edderes de Latinoam\u00e9rica buscan tener mayor impacto en su labor sindical - industriall-union<\/title>\n<meta name=\"description\" content=\"El grupo de mujeres se re\u00fane una vez al mes en el marco del seminario de g\u00e9nero que impulsa IndustriALL Global Union en la regi\u00f3n. En esta oportunidad, se\" \/>\n<meta name=\"robots\" content=\"index, follow, max-snippet:-1, max-image-preview:large, max-video-preview:-1\" \/>\n<link rel=\"canonical\" href=\"https:\/\/admin.industriall-union.org\/es\/mujeres-lideres-de-latinoamerica-buscan-tener-mayor-impacto-en-su-labor-sindical\/\" \/>\n<meta property=\"og:locale\" content=\"es_ES\" \/>\n<meta property=\"og:type\" content=\"article\" \/>\n<meta property=\"og:title\" content=\"Mujeres l\u00edderes de Latinoam\u00e9rica buscan tener mayor impacto en su labor sindical\" \/>\n<meta property=\"og:description\" content=\"El grupo de mujeres se re\u00fane una vez al mes en el marco del seminario de g\u00e9nero que impulsa IndustriALL Global Union en la regi\u00f3n. En esta oportunidad, se\" \/>\n<meta property=\"og:url\" content=\"https:\/\/admin.industriall-union.org\/es\/mujeres-lideres-de-latinoamerica-buscan-tener-mayor-impacto-en-su-labor-sindical\/\" \/>\n<meta property=\"og:site_name\" content=\"industriall-union\" \/>\n<meta property=\"article:modified_time\" content=\"2025-01-27T19:45:10+00:00\" \/>\n<meta name=\"twitter:card\" content=\"summary_large_image\" \/>\n<meta name=\"twitter:label1\" content=\"Est. reading time\" \/>\n\t<meta name=\"twitter:data1\" content=\"2 minutes\" \/>\n<script type=\"application\/ld+json\" class=\"yoast-schema-graph\">{\"@context\":\"https:\/\/schema.org\",\"@graph\":[{\"@type\":\"WebPage\",\"@id\":\"https:\/\/admin.industriall-union.org\/es\/mujeres-lideres-de-latinoamerica-buscan-tener-mayor-impacto-en-su-labor-sindical\/\",\"url\":\"https:\/\/admin.industriall-union.org\/es\/mujeres-lideres-de-latinoamerica-buscan-tener-mayor-impacto-en-su-labor-sindical\/\",\"name\":\"Mujeres l\u00edderes de Latinoam\u00e9rica buscan tener mayor impacto en su labor sindical - industriall-union\",\"isPartOf\":{\"@id\":\"https:\/\/admin.industriall-union.org\/#website\"},\"datePublished\":\"2023-08-09T13:23:23+00:00\",\"dateModified\":\"2025-01-27T19:45:10+00:00\",\"description\":\"El grupo de mujeres se re\u00fane una vez al mes en el marco del seminario de g\u00e9nero que impulsa IndustriALL Global Union en la regi\u00f3n. En esta oportunidad, se\",\"breadcrumb\":{\"@id\":\"https:\/\/admin.industriall-union.org\/es\/mujeres-lideres-de-latinoamerica-buscan-tener-mayor-impacto-en-su-labor-sindical\/#breadcrumb\"},\"inLanguage\":\"es-ES\",\"potentialAction\":[{\"@type\":\"ReadAction\",\"target\":[\"https:\/\/admin.industriall-union.org\/es\/mujeres-lideres-de-latinoamerica-buscan-tener-mayor-impacto-en-su-labor-sindical\/\"]}]},{\"@type\":\"BreadcrumbList\",\"@id\":\"https:\/\/admin.industriall-union.org\/es\/mujeres-lideres-de-latinoamerica-buscan-tener-mayor-impacto-en-su-labor-sindical\/#breadcrumb\",\"itemListElement\":[{\"@type\":\"ListItem\",\"position\":1,\"name\":\"Home\",\"item\":\"https:\/\/admin.industriall-union.org\/\"},{\"@type\":\"ListItem\",\"position\":2,\"name\":\"Articles\",\"item\":\"https:\/\/admin.industriall-union.org\/article\/\"},{\"@type\":\"ListItem\",\"position\":3,\"name\":\"Mujeres l\u00edderes de Latinoam\u00e9rica buscan tener mayor impacto en su labor sindical\"}]},{\"@type\":\"WebSite\",\"@id\":\"https:\/\/admin.industriall-union.org\/#website\",\"url\":\"https:\/\/admin.industriall-union.org\/\",\"name\":\"industriall-union\",\"description\":\"\",\"potentialAction\":[{\"@type\":\"SearchAction\",\"target\":{\"@type\":\"EntryPoint\",\"urlTemplate\":\"https:\/\/admin.industriall-union.org\/?s={search_term_string}\"},\"query-input\":{\"@type\":\"PropertyValueSpecification\",\"valueRequired\":true,\"valueName\":\"search_term_string\"}}],\"inLanguage\":\"es-ES\"}]}<\/script>\n<!-- \/ Yoast SEO Premium plugin. -->","yoast_head_json":{"title":"Mujeres l\u00edderes de Latinoam\u00e9rica buscan tener mayor impacto en su labor sindical - industriall-union","description":"El grupo de mujeres se re\u00fane una vez al mes en el marco del seminario de g\u00e9nero que impulsa IndustriALL Global Union en la regi\u00f3n. En esta oportunidad, se","robots":{"index":"index","follow":"follow","max-snippet":"max-snippet:-1","max-image-preview":"max-image-preview:large","max-video-preview":"max-video-preview:-1"},"canonical":"https:\/\/admin.industriall-union.org\/es\/mujeres-lideres-de-latinoamerica-buscan-tener-mayor-impacto-en-su-labor-sindical\/","og_locale":"es_ES","og_type":"article","og_title":"Mujeres l\u00edderes de Latinoam\u00e9rica buscan tener mayor impacto en su labor sindical","og_description":"El grupo de mujeres se re\u00fane una vez al mes en el marco del seminario de g\u00e9nero que impulsa IndustriALL Global Union en la regi\u00f3n. En esta oportunidad, se","og_url":"https:\/\/admin.industriall-union.org\/es\/mujeres-lideres-de-latinoamerica-buscan-tener-mayor-impacto-en-su-labor-sindical\/","og_site_name":"industriall-union","article_modified_time":"2025-01-27T19:45:10+00:00","twitter_card":"summary_large_image","twitter_misc":{"Est. reading time":"2 minutes"},"schema":{"@context":"https:\/\/schema.org","@graph":[{"@type":"WebPage","@id":"https:\/\/admin.industriall-union.org\/es\/mujeres-lideres-de-latinoamerica-buscan-tener-mayor-impacto-en-su-labor-sindical\/","url":"https:\/\/admin.industriall-union.org\/es\/mujeres-lideres-de-latinoamerica-buscan-tener-mayor-impacto-en-su-labor-sindical\/","name":"Mujeres l\u00edderes de Latinoam\u00e9rica buscan tener mayor impacto en su labor sindical - industriall-union","isPartOf":{"@id":"https:\/\/admin.industriall-union.org\/#website"},"datePublished":"2023-08-09T13:23:23+00:00","dateModified":"2025-01-27T19:45:10+00:00","description":"El grupo de mujeres se re\u00fane una vez al mes en el marco del seminario de g\u00e9nero que impulsa IndustriALL Global Union en la regi\u00f3n. En esta oportunidad, se","breadcrumb":{"@id":"https:\/\/admin.industriall-union.org\/es\/mujeres-lideres-de-latinoamerica-buscan-tener-mayor-impacto-en-su-labor-sindical\/#breadcrumb"},"inLanguage":"es-ES","potentialAction":[{"@type":"ReadAction","target":["https:\/\/admin.industriall-union.org\/es\/mujeres-lideres-de-latinoamerica-buscan-tener-mayor-impacto-en-su-labor-sindical\/"]}]},{"@type":"BreadcrumbList","@id":"https:\/\/admin.industriall-union.org\/es\/mujeres-lideres-de-latinoamerica-buscan-tener-mayor-impacto-en-su-labor-sindical\/#breadcrumb","itemListElement":[{"@type":"ListItem","position":1,"name":"Home","item":"https:\/\/admin.industriall-union.org\/"},{"@type":"ListItem","position":2,"name":"Articles","item":"https:\/\/admin.industriall-union.org\/article\/"},{"@type":"ListItem","position":3,"name":"Mujeres l\u00edderes de Latinoam\u00e9rica buscan tener mayor impacto en su labor sindical"}]},{"@type":"WebSite","@id":"https:\/\/admin.industriall-union.org\/#website","url":"https:\/\/admin.industriall-union.org\/","name":"industriall-union","description":"","potentialAction":[{"@type":"SearchAction","target":{"@type":"EntryPoint","urlTemplate":"https:\/\/admin.industriall-union.org\/?s={search_term_string}"},"query-input":{"@type":"PropertyValueSpecification","valueRequired":true,"valueName":"search_term_string"}}],"inLanguage":"es-ES"}]}},"_links":{"self":[{"href":"https:\/\/admin.industriall-union.org\/es\/wp-json\/wp\/v2\/article\/147240","targetHints":{"allow":["GET"]}}],"collection":[{"href":"https:\/\/admin.industriall-union.org\/es\/wp-json\/wp\/v2\/article"}],"about":[{"href":"https:\/\/admin.industriall-union.org\/es\/wp-json\/wp\/v2\/types\/article"}],"wp:attachment":[{"href":"https:\/\/admin.industriall-union.org\/es\/wp-json\/wp\/v2\/media?parent=147240"}],"wp:term":[{"taxonomy":"issues","embeddable":true,"href":"https:\/\/admin.industriall-union.org\/es\/wp-json\/wp\/v2\/issues?post=147240"},{"taxonomy":"companies","embeddable":true,"href":"https:\/\/admin.industriall-union.org\/es\/wp-json\/wp\/v2\/companies?post=147240"},{"taxonomy":"regions","embeddable":true,"href":"https:\/\/admin.industriall-union.org\/es\/wp-json\/wp\/v2\/regions?post=147240"},{"taxonomy":"sectors","embeddable":true,"href":"https:\/\/admin.industriall-union.org\/es\/wp-json\/wp\/v2\/sectors?post=147240"},{"taxonomy":"article_tags","embeddable":true,"href":"https:\/\/admin.industriall-union.org\/es\/wp-json\/wp\/v2\/article_tags?post=147240"}],"curies":[{"name":"wp","href":"https:\/\/api.w.org\/{rel}","templated":true}]}}