{"id":147234,"date":"2023-08-10T19:40:13","date_gmt":"2023-08-10T19:40:13","guid":{"rendered":"https:\/\/admin.industriall-union.org\/trabajadores-metalurgicos-de-brasil-debaten-sobre-el-futuro-de-la-movilidad\/"},"modified":"2025-01-27T19:44:45","modified_gmt":"2025-01-27T19:44:45","slug":"trabajadores-metalurgicos-de-brasil-debaten-sobre-el-futuro-de-la-movilidad","status":"publish","type":"article","link":"https:\/\/admin.industriall-union.org\/es\/trabajadores-metalurgicos-de-brasil-debaten-sobre-el-futuro-de-la-movilidad\/","title":{"rendered":"Trabajadores metal\u00fargicos de Brasil debaten sobre el futuro de la movilidad"},"content":{"rendered":"<p>Los representantes sindicales de la de la CNM\/CUT y de la CNTM\/For\u00e7a Sindical (ambas confederaciones afiliadas a IndustriALL Global Union), as\u00ed como representantes del Departamento intersindical de estad\u00edsticas y estudios socioecon\u00f3micos (Dieese), del Ministerio de desarrollo e industria, la Universidad federal de ABC e IndustriALL Brasil participaron en un seminario del sector de movilidad.<\/p><p>El objetivo fue discutir el futuro de la industria frente a la transici\u00f3n energ\u00e9tica y el papel de los trabajadores en este contexto. El seminario se llev\u00f3 a cabo el 1 y 2 de agosto en S\u00e3o Bernardo do Campo como parte del proyecto que impulsan IndustriALL y el centro de solidaridad sindical de Finlandia, SASK.&nbsp;<\/p><blockquote><p>&ldquo;La idea es que podamos contribuir a la creaci\u00f3n de pol\u00edticas p\u00fablicas, en el marco del proceso de reanudaci\u00f3n de la industria y reindustrializaci\u00f3n que impulsa el gobierno.<\/p><p>Queremos poner el foco en la transici\u00f3n justa, en el trabajo digno y garantizar el derecho al empleo, a la renta, a la calificaci\u00f3n y a la jubilaci\u00f3n&quot;<\/p><\/blockquote><p>dijo el secretario general de la CNM\/CUT, Renato Carlos de Almeida, quien tambi\u00e9n forma parte de la coordinaci\u00f3n del sector automotriz en la entidad.<\/p><p>Recientemente el gobierno de Brasil <a href=\"https:\/\/www.gov.br\/mdic\/pt-br\/assuntos\/noticias\/2023\/julho\/politica-industrial-tera-injecao-de-r-106-bi-nos-proximos-4-anos\" target=\"_blank\">anunci\u00f3<\/a> que el sector industrial brasile\u00f1o recibir\u00e1 una inyecci\u00f3n de R$ 106,16 mil millones en los pr\u00f3ximos cuatro a\u00f1os como forma de estimular su desarrollo en \u00e1reas consideradas estrat\u00e9gicas para el pa\u00eds. Algunas de esas \u00e1reas son: la infraestructura sostenible, vivienda, saneamiento y movilidad. El objetivo es construir una nueva pol\u00edtica industrial, innovadora, sostenible y socialmente integradora.<\/p><p>Los participantes del seminario se\u00f1alaron la importancia desarrollar instancias de debate tripartito para poder aportar a la construcci\u00f3n de dicha pol\u00edtica industrial. Acordaron que conformar\u00e1n una mesa tripartita de discusi\u00f3n sobre el tema, y que realizar\u00e1n un nuevo seminario entre octubre y noviembre para retomar los debates.<\/p><p>Durante el encuentro tambi\u00e9n discutieron sobre c\u00f3mo preparar a los trabajadores para la transici\u00f3n en la industria e imaginaron un escenario donde podr\u00eda existir una reducci\u00f3n de puestos de trabajo. En caso de que disminuyan los empleos por la introducci\u00f3n de los autos el\u00e9ctricos, subrayaron la importancia de capacitar a los trabajadores que se quedar\u00edan desempleados, a partir de la colaboraci\u00f3n con institutos de formaci\u00f3n y universidades. Solo as\u00ed podr\u00eda existir una transici\u00f3n justa.<\/p><p>El presidente del Sindicato Metal\u00fargico de An\u00e1polis, el cual es parte de la CNTM\/FS, Gleberson Jales, coment\u00f3:<\/p><blockquote><p>&ldquo;Estamos en un momento expresamente importante porque se reanudaron los proyectos que estuvieron en pausa durante la pandemia de la COVID-19 y con los gobiernos anteriores.<\/p><p>Vivimos una fusi\u00f3n de introducci\u00f3n de tecnolog\u00eda con reindustrializaci\u00f3n donde nuestra tarea sindical es defender una transici\u00f3n justa para la clase trabajadora, con mantenimiento y ampliaci\u00f3n de puestos de trabajo, calificaci\u00f3n profesional y derechos garantizados.&rdquo;<\/p><\/blockquote><p>Finalmente, el secretario regional de IndustriALL, Marino Vani, coment\u00f3:<\/p><blockquote><p>&ldquo;Fue una excelente actividad que signific\u00f3 un paso m\u00e1s para acumular informaci\u00f3n y construir propuestas concretas, a partir de la visi\u00f3n de los trabajadores de la industria de la movilidad. Felicitamos a IndustriALL Brasil y a las organizaciones que la integran, las cuales tambi\u00e9n son afiliadas a IndustriALL Global Union.<\/p><p>Consideramos que el aporte de los trabajadores de la industria es realmente importante tanto para Brasil como para toda la regi\u00f3n. Sin nuestra intervenci\u00f3n podr\u00edamos sufrir las consecuencias de la pol\u00edtica del capital, la cual no ser\u00eda justa ni sostenible. Por eso, seguiremos por este camino: brindaremos apoyo a los seminarios nacionales de otros sectores de la industria en busca de la generaci\u00f3n de empleo, y una mejor distribuci\u00f3n de la renta en Brasil y nuestra regi\u00f3n.&rdquo; &nbsp;&nbsp;<br \/>&nbsp;<\/p><\/blockquote>","protected":false},"featured_media":0,"template":"","issues":[360,390,392,425],"companies":[],"regions":[152,261,254],"sectors":[426,435],"article_tags":[511,513],"class_list":["post-147234","article","type-article","status-publish","hentry","issues-cambio-climatico-transicion-justa","issues-future-of-work","issues-sustainable-industrial-policy","issues-workers-rights","regions-america-latina-y-el-caribe","regions-brazil","regions-latin-america-and-the-caribbean","sectors-aeroespacial","sectors-industria-automotriz","article_tags-industriall","article_tags-labour-laws"],"acf":[],"yoast_head":"<!-- This site is optimized with the Yoast SEO Premium plugin v27.1 (Yoast SEO v27.1) - https:\/\/yoast.com\/product\/yoast-seo-premium-wordpress\/ -->\n<title>Trabajadores metal\u00fargicos de Brasil debaten sobre el futuro de la movilidad - industriall-union<\/title>\n<meta name=\"description\" content=\"Los representantes sindicales de la de la CNM\/CUT y de la CNTM\/For\u00e7a Sindical (ambas confederaciones afiliadas a IndustriALL Global Union), as\u00ed como\" \/>\n<meta name=\"robots\" content=\"index, follow, max-snippet:-1, max-image-preview:large, max-video-preview:-1\" \/>\n<link rel=\"canonical\" href=\"https:\/\/admin.industriall-union.org\/es\/trabajadores-metalurgicos-de-brasil-debaten-sobre-el-futuro-de-la-movilidad\/\" \/>\n<meta property=\"og:locale\" content=\"es_ES\" \/>\n<meta property=\"og:type\" content=\"article\" \/>\n<meta property=\"og:title\" content=\"Trabajadores metal\u00fargicos de Brasil debaten sobre el futuro de la movilidad\" \/>\n<meta property=\"og:description\" content=\"Los representantes sindicales de la de la CNM\/CUT y de la CNTM\/For\u00e7a Sindical (ambas confederaciones afiliadas a IndustriALL Global Union), as\u00ed como\" \/>\n<meta property=\"og:url\" content=\"https:\/\/admin.industriall-union.org\/es\/trabajadores-metalurgicos-de-brasil-debaten-sobre-el-futuro-de-la-movilidad\/\" \/>\n<meta property=\"og:site_name\" content=\"industriall-union\" \/>\n<meta property=\"article:modified_time\" content=\"2025-01-27T19:44:45+00:00\" \/>\n<meta name=\"twitter:card\" content=\"summary_large_image\" \/>\n<meta name=\"twitter:label1\" content=\"Est. reading time\" \/>\n\t<meta name=\"twitter:data1\" content=\"3 minutes\" \/>\n<script type=\"application\/ld+json\" class=\"yoast-schema-graph\">{\"@context\":\"https:\/\/schema.org\",\"@graph\":[{\"@type\":\"WebPage\",\"@id\":\"https:\/\/admin.industriall-union.org\/es\/trabajadores-metalurgicos-de-brasil-debaten-sobre-el-futuro-de-la-movilidad\/\",\"url\":\"https:\/\/admin.industriall-union.org\/es\/trabajadores-metalurgicos-de-brasil-debaten-sobre-el-futuro-de-la-movilidad\/\",\"name\":\"Trabajadores metal\u00fargicos de Brasil debaten sobre el futuro de la movilidad - industriall-union\",\"isPartOf\":{\"@id\":\"https:\/\/admin.industriall-union.org\/#website\"},\"datePublished\":\"2023-08-10T19:40:13+00:00\",\"dateModified\":\"2025-01-27T19:44:45+00:00\",\"description\":\"Los representantes sindicales de la de la CNM\/CUT y de la CNTM\/For\u00e7a Sindical (ambas confederaciones afiliadas a IndustriALL Global Union), as\u00ed como\",\"breadcrumb\":{\"@id\":\"https:\/\/admin.industriall-union.org\/es\/trabajadores-metalurgicos-de-brasil-debaten-sobre-el-futuro-de-la-movilidad\/#breadcrumb\"},\"inLanguage\":\"es-ES\",\"potentialAction\":[{\"@type\":\"ReadAction\",\"target\":[\"https:\/\/admin.industriall-union.org\/es\/trabajadores-metalurgicos-de-brasil-debaten-sobre-el-futuro-de-la-movilidad\/\"]}]},{\"@type\":\"BreadcrumbList\",\"@id\":\"https:\/\/admin.industriall-union.org\/es\/trabajadores-metalurgicos-de-brasil-debaten-sobre-el-futuro-de-la-movilidad\/#breadcrumb\",\"itemListElement\":[{\"@type\":\"ListItem\",\"position\":1,\"name\":\"Home\",\"item\":\"https:\/\/admin.industriall-union.org\/\"},{\"@type\":\"ListItem\",\"position\":2,\"name\":\"Articles\",\"item\":\"https:\/\/admin.industriall-union.org\/article\/\"},{\"@type\":\"ListItem\",\"position\":3,\"name\":\"Trabajadores metal\u00fargicos de Brasil debaten sobre el futuro de la movilidad\"}]},{\"@type\":\"WebSite\",\"@id\":\"https:\/\/admin.industriall-union.org\/#website\",\"url\":\"https:\/\/admin.industriall-union.org\/\",\"name\":\"industriall-union\",\"description\":\"\",\"potentialAction\":[{\"@type\":\"SearchAction\",\"target\":{\"@type\":\"EntryPoint\",\"urlTemplate\":\"https:\/\/admin.industriall-union.org\/?s={search_term_string}\"},\"query-input\":{\"@type\":\"PropertyValueSpecification\",\"valueRequired\":true,\"valueName\":\"search_term_string\"}}],\"inLanguage\":\"es-ES\"}]}<\/script>\n<!-- \/ Yoast SEO Premium plugin. -->","yoast_head_json":{"title":"Trabajadores metal\u00fargicos de Brasil debaten sobre el futuro de la movilidad - industriall-union","description":"Los representantes sindicales de la de la CNM\/CUT y de la CNTM\/For\u00e7a Sindical (ambas confederaciones afiliadas a IndustriALL Global Union), as\u00ed como","robots":{"index":"index","follow":"follow","max-snippet":"max-snippet:-1","max-image-preview":"max-image-preview:large","max-video-preview":"max-video-preview:-1"},"canonical":"https:\/\/admin.industriall-union.org\/es\/trabajadores-metalurgicos-de-brasil-debaten-sobre-el-futuro-de-la-movilidad\/","og_locale":"es_ES","og_type":"article","og_title":"Trabajadores metal\u00fargicos de Brasil debaten sobre el futuro de la movilidad","og_description":"Los representantes sindicales de la de la CNM\/CUT y de la CNTM\/For\u00e7a Sindical (ambas confederaciones afiliadas a IndustriALL Global Union), as\u00ed como","og_url":"https:\/\/admin.industriall-union.org\/es\/trabajadores-metalurgicos-de-brasil-debaten-sobre-el-futuro-de-la-movilidad\/","og_site_name":"industriall-union","article_modified_time":"2025-01-27T19:44:45+00:00","twitter_card":"summary_large_image","twitter_misc":{"Est. reading time":"3 minutes"},"schema":{"@context":"https:\/\/schema.org","@graph":[{"@type":"WebPage","@id":"https:\/\/admin.industriall-union.org\/es\/trabajadores-metalurgicos-de-brasil-debaten-sobre-el-futuro-de-la-movilidad\/","url":"https:\/\/admin.industriall-union.org\/es\/trabajadores-metalurgicos-de-brasil-debaten-sobre-el-futuro-de-la-movilidad\/","name":"Trabajadores metal\u00fargicos de Brasil debaten sobre el futuro de la movilidad - industriall-union","isPartOf":{"@id":"https:\/\/admin.industriall-union.org\/#website"},"datePublished":"2023-08-10T19:40:13+00:00","dateModified":"2025-01-27T19:44:45+00:00","description":"Los representantes sindicales de la de la CNM\/CUT y de la CNTM\/For\u00e7a Sindical (ambas confederaciones afiliadas a IndustriALL Global Union), as\u00ed como","breadcrumb":{"@id":"https:\/\/admin.industriall-union.org\/es\/trabajadores-metalurgicos-de-brasil-debaten-sobre-el-futuro-de-la-movilidad\/#breadcrumb"},"inLanguage":"es-ES","potentialAction":[{"@type":"ReadAction","target":["https:\/\/admin.industriall-union.org\/es\/trabajadores-metalurgicos-de-brasil-debaten-sobre-el-futuro-de-la-movilidad\/"]}]},{"@type":"BreadcrumbList","@id":"https:\/\/admin.industriall-union.org\/es\/trabajadores-metalurgicos-de-brasil-debaten-sobre-el-futuro-de-la-movilidad\/#breadcrumb","itemListElement":[{"@type":"ListItem","position":1,"name":"Home","item":"https:\/\/admin.industriall-union.org\/"},{"@type":"ListItem","position":2,"name":"Articles","item":"https:\/\/admin.industriall-union.org\/article\/"},{"@type":"ListItem","position":3,"name":"Trabajadores metal\u00fargicos de Brasil debaten sobre el futuro de la movilidad"}]},{"@type":"WebSite","@id":"https:\/\/admin.industriall-union.org\/#website","url":"https:\/\/admin.industriall-union.org\/","name":"industriall-union","description":"","potentialAction":[{"@type":"SearchAction","target":{"@type":"EntryPoint","urlTemplate":"https:\/\/admin.industriall-union.org\/?s={search_term_string}"},"query-input":{"@type":"PropertyValueSpecification","valueRequired":true,"valueName":"search_term_string"}}],"inLanguage":"es-ES"}]}},"_links":{"self":[{"href":"https:\/\/admin.industriall-union.org\/es\/wp-json\/wp\/v2\/article\/147234","targetHints":{"allow":["GET"]}}],"collection":[{"href":"https:\/\/admin.industriall-union.org\/es\/wp-json\/wp\/v2\/article"}],"about":[{"href":"https:\/\/admin.industriall-union.org\/es\/wp-json\/wp\/v2\/types\/article"}],"wp:attachment":[{"href":"https:\/\/admin.industriall-union.org\/es\/wp-json\/wp\/v2\/media?parent=147234"}],"wp:term":[{"taxonomy":"issues","embeddable":true,"href":"https:\/\/admin.industriall-union.org\/es\/wp-json\/wp\/v2\/issues?post=147234"},{"taxonomy":"companies","embeddable":true,"href":"https:\/\/admin.industriall-union.org\/es\/wp-json\/wp\/v2\/companies?post=147234"},{"taxonomy":"regions","embeddable":true,"href":"https:\/\/admin.industriall-union.org\/es\/wp-json\/wp\/v2\/regions?post=147234"},{"taxonomy":"sectors","embeddable":true,"href":"https:\/\/admin.industriall-union.org\/es\/wp-json\/wp\/v2\/sectors?post=147234"},{"taxonomy":"article_tags","embeddable":true,"href":"https:\/\/admin.industriall-union.org\/es\/wp-json\/wp\/v2\/article_tags?post=147234"}],"curies":[{"name":"wp","href":"https:\/\/api.w.org\/{rel}","templated":true}]}}