{"id":147190,"date":"2023-08-22T18:05:56","date_gmt":"2023-08-22T18:05:56","guid":{"rendered":"https:\/\/admin.industriall-union.org\/trabajadores-de-la-industria-ligera-examinan-los-desarrollos-del-macro-sector\/"},"modified":"2025-01-27T19:38:30","modified_gmt":"2025-01-27T19:38:30","slug":"trabajadores-de-la-industria-ligera-examinan-los-desarrollos-del-macro-sector","status":"publish","type":"article","link":"https:\/\/admin.industriall-union.org\/es\/trabajadores-de-la-industria-ligera-examinan-los-desarrollos-del-macro-sector\/","title":{"rendered":"Trabajadores de la industria ligera examinan los desarrollos del macro sector"},"content":{"rendered":"<p>Durante la primera sesi\u00f3n del encuentro los participantes identificaron las tendencias del macro sector de industria ligera. Destacaron que en muchos pa\u00edses de la regi\u00f3n existe una crisis en este macro sector, y que los sectores del textil, del vestido, del cuero, el calzado y el electr\u00f3nico se caracterizan por la producci\u00f3n en cadenas de suministro a bajos salarios dominados por grandes marcas.&nbsp;<\/p><p>Los trabajadores evaluaron cu\u00e1les son las tendencias a nivel global que explican la crisis en la regi\u00f3n y c\u00f3mo revertir o mitigar esta situaci\u00f3n. La directora del sector textil, vestido, cuero y calzado de IndustriALL Global Union a nivel global, Christina Hajagos-Clausen, explic\u00f3 que, tanto la inflaci\u00f3n como las tensiones geopol\u00edticas siguen afectando al sector, ya que los compradores prefieren adquirir menos productos o m\u00e1s econ\u00f3micos por la suba de precios.<\/p><p>Adem\u00e1s, dijo que el aumento en los costos de los precios de la energ\u00eda, el algod\u00f3n y del casimir afecta a las marcas y sus fabricantes. Explic\u00f3 que la baja de la demanda global genera cierres de f\u00e1bricas y m\u00e1s despidos, especialmente en Am\u00e9rica Latina. A su vez, destac\u00f3 que el impacto de la pandemia y el empuje por parte de las marcas a ser m\u00e1s online impact\u00f3 en los trabajadores de la producci\u00f3n porque aceleraron su presencia virtual y cerraron negocios tradicionales.<\/p><p>Marta Guadalupe Zalda\u00f1a, miembro del comit\u00e9 ejecutivo regional de IndustriALL, dijo:<\/p><blockquote><p>&ldquo;En la maquila textil de Centroam\u00e9rica se perdieron 52000 empleos principalmente por la inflaci\u00f3n, el exceso de inventario y problemas en la cadena de suministro.<\/p><p>Desarrollamos discusiones, procesos de negociaci\u00f3n, elaboramos documentos y hablamos con las marcas que tienen presencia en la regi\u00f3n. Desafortunadamente no logramos ni un solo acuerdo.&rdquo;<\/p><\/blockquote><p>En tanto, el director de IndustriALL para el sector electr\u00f3nico, Alexander Ivanou, se refiri\u00f3 a las tendencias de dicho sector y dijo que, despu\u00e9s del r\u00e1pido crecimiento en 2022, la situaci\u00f3n en el sector el\u00e9ctrico y electr\u00f3nico cambi\u00f3 en 2023. Inform\u00f3 que, seg\u00fan el Fondo Monetario Internacional (FMI), la regi\u00f3n de Am\u00e9rica Latina y el Caribe tuvo un 4 por ciento de crecimiento el a\u00f1o pasado, pero el crecimiento econ\u00f3mico en la regi\u00f3n se desacelerar\u00e1 al 1,6 por ciento en el a\u00f1o en curso.&nbsp;<\/p><p>Ivanou tambi\u00e9n explic\u00f3 que tanto la guerra entre Ucrania y Rusia, como la persistencia de la COVID-19, la espiral del coste de la vida, el costo de la energ\u00eda y la inflaci\u00f3n tuvieron un gran impacto en la industria electr\u00f3nica mundial y de la regi\u00f3n de Am\u00e9rica Latina y el Caribe. Adem\u00e1s, mencion\u00f3 que hay nuevos retos en el sector debido a las tecnolog\u00edas, como OpenAI ChatGPT, que podr\u00edan afectar a m\u00e1s puestos de trabajo que hasta ahora no estaban amenazados.<\/p><p>En la segunda sesi\u00f3n compartieron las acciones y estrategias que lideran para lograr la justicia social, la igualdad y un nivel de vida digno para los trabajadores del macro sector de industria ligera, en base al plan de acci\u00f3n de IndustriALL. Los participantes destacaron qu\u00e9 hace su organizaci\u00f3n para promover los derechos laborales, construir poder sindical, enfrentarse al capital global y promover una pol\u00edtica industrial sostenible.<\/p><p>Marli Melo de Brasil&nbsp;dijo:<\/p><p>&ldquo;Los trabajadores metal\u00fargicos vamos a conformar un grupo de trabajo tripartito con la idea de fortalecer la industria y de hacer un plan de acci\u00f3n conjunto para fortalecer el sector. Adem\u00e1s, en Electrolux hay condiciones favorables en algunas plantas y en otras no. La idea es poder mejorar las condiciones de los trabajadores y que podamos organizarnos m\u00e1s.&rdquo;<\/p><p>Finalmente, el secretario regional de IndustriALL, Marino Vani, concluy\u00f3:<\/p><blockquote><p>&ldquo;Debemos organizar las negociaciones colectivas y un plan de acci\u00f3n para influenciar en las pol\u00edticas industriales y de desarrollo, las cuales pueden mejorar la participaci\u00f3n de los trabajadores en la econom\u00eda y brindarles dignidad.<\/p><p>Necesitamos desempe\u00f1ar acciones sindicales como macro sector de la industria ligera, para tener mayor poder sindical y condiciones de trabajo. Tenemos que articularnos con todos los trabajadores (los desempleados, los precarios, los temporales, los sindicalizados) para poder hacer la diferencia.&rdquo;<\/p><\/blockquote><p><br \/>&nbsp;<\/p>","protected":false},"featured_media":0,"template":"","issues":[390,366,392,425],"companies":[],"regions":[152,254],"sectors":[439,447],"article_tags":[511,513],"class_list":["post-147190","article","type-article","status-publish","hentry","issues-future-of-work","issues-industria-40","issues-sustainable-industrial-policy","issues-workers-rights","regions-america-latina-y-el-caribe","regions-latin-america-and-the-caribbean","sectors-itc-electricidad-y-electronica","sectors-textil-cuero-ropa-calzado-servicios-textiles","article_tags-industriall","article_tags-labour-laws"],"acf":[],"yoast_head":"<!-- This site is optimized with the Yoast SEO Premium plugin v27.1 (Yoast SEO v27.1) - https:\/\/yoast.com\/product\/yoast-seo-premium-wordpress\/ -->\n<title>Trabajadores de la industria ligera examinan los desarrollos del macro sector - industriall-union<\/title>\n<meta name=\"description\" content=\"Durante la primera sesi\u00f3n del encuentro los participantes identificaron las tendencias del macro sector de industria ligera. Destacaron que en muchos\" \/>\n<meta name=\"robots\" content=\"index, follow, max-snippet:-1, max-image-preview:large, max-video-preview:-1\" \/>\n<link rel=\"canonical\" href=\"https:\/\/admin.industriall-union.org\/es\/trabajadores-de-la-industria-ligera-examinan-los-desarrollos-del-macro-sector\/\" \/>\n<meta property=\"og:locale\" content=\"es_ES\" \/>\n<meta property=\"og:type\" content=\"article\" \/>\n<meta property=\"og:title\" content=\"Trabajadores de la industria ligera examinan los desarrollos del macro sector\" \/>\n<meta property=\"og:description\" content=\"Durante la primera sesi\u00f3n del encuentro los participantes identificaron las tendencias del macro sector de industria ligera. Destacaron que en muchos\" \/>\n<meta property=\"og:url\" content=\"https:\/\/admin.industriall-union.org\/es\/trabajadores-de-la-industria-ligera-examinan-los-desarrollos-del-macro-sector\/\" \/>\n<meta property=\"og:site_name\" content=\"industriall-union\" \/>\n<meta property=\"article:modified_time\" content=\"2025-01-27T19:38:30+00:00\" \/>\n<meta name=\"twitter:card\" content=\"summary_large_image\" \/>\n<meta name=\"twitter:label1\" content=\"Est. reading time\" \/>\n\t<meta name=\"twitter:data1\" content=\"4 minutes\" \/>\n<script type=\"application\/ld+json\" class=\"yoast-schema-graph\">{\"@context\":\"https:\/\/schema.org\",\"@graph\":[{\"@type\":\"WebPage\",\"@id\":\"https:\/\/admin.industriall-union.org\/es\/trabajadores-de-la-industria-ligera-examinan-los-desarrollos-del-macro-sector\/\",\"url\":\"https:\/\/admin.industriall-union.org\/es\/trabajadores-de-la-industria-ligera-examinan-los-desarrollos-del-macro-sector\/\",\"name\":\"Trabajadores de la industria ligera examinan los desarrollos del macro sector - industriall-union\",\"isPartOf\":{\"@id\":\"https:\/\/admin.industriall-union.org\/#website\"},\"datePublished\":\"2023-08-22T18:05:56+00:00\",\"dateModified\":\"2025-01-27T19:38:30+00:00\",\"description\":\"Durante la primera sesi\u00f3n del encuentro los participantes identificaron las tendencias del macro sector de industria ligera. Destacaron que en muchos\",\"breadcrumb\":{\"@id\":\"https:\/\/admin.industriall-union.org\/es\/trabajadores-de-la-industria-ligera-examinan-los-desarrollos-del-macro-sector\/#breadcrumb\"},\"inLanguage\":\"es-ES\",\"potentialAction\":[{\"@type\":\"ReadAction\",\"target\":[\"https:\/\/admin.industriall-union.org\/es\/trabajadores-de-la-industria-ligera-examinan-los-desarrollos-del-macro-sector\/\"]}]},{\"@type\":\"BreadcrumbList\",\"@id\":\"https:\/\/admin.industriall-union.org\/es\/trabajadores-de-la-industria-ligera-examinan-los-desarrollos-del-macro-sector\/#breadcrumb\",\"itemListElement\":[{\"@type\":\"ListItem\",\"position\":1,\"name\":\"Home\",\"item\":\"https:\/\/admin.industriall-union.org\/\"},{\"@type\":\"ListItem\",\"position\":2,\"name\":\"Articles\",\"item\":\"https:\/\/admin.industriall-union.org\/article\/\"},{\"@type\":\"ListItem\",\"position\":3,\"name\":\"Trabajadores de la industria ligera examinan los desarrollos del macro sector\"}]},{\"@type\":\"WebSite\",\"@id\":\"https:\/\/admin.industriall-union.org\/#website\",\"url\":\"https:\/\/admin.industriall-union.org\/\",\"name\":\"industriall-union\",\"description\":\"\",\"potentialAction\":[{\"@type\":\"SearchAction\",\"target\":{\"@type\":\"EntryPoint\",\"urlTemplate\":\"https:\/\/admin.industriall-union.org\/?s={search_term_string}\"},\"query-input\":{\"@type\":\"PropertyValueSpecification\",\"valueRequired\":true,\"valueName\":\"search_term_string\"}}],\"inLanguage\":\"es-ES\"}]}<\/script>\n<!-- \/ Yoast SEO Premium plugin. -->","yoast_head_json":{"title":"Trabajadores de la industria ligera examinan los desarrollos del macro sector - industriall-union","description":"Durante la primera sesi\u00f3n del encuentro los participantes identificaron las tendencias del macro sector de industria ligera. Destacaron que en muchos","robots":{"index":"index","follow":"follow","max-snippet":"max-snippet:-1","max-image-preview":"max-image-preview:large","max-video-preview":"max-video-preview:-1"},"canonical":"https:\/\/admin.industriall-union.org\/es\/trabajadores-de-la-industria-ligera-examinan-los-desarrollos-del-macro-sector\/","og_locale":"es_ES","og_type":"article","og_title":"Trabajadores de la industria ligera examinan los desarrollos del macro sector","og_description":"Durante la primera sesi\u00f3n del encuentro los participantes identificaron las tendencias del macro sector de industria ligera. Destacaron que en muchos","og_url":"https:\/\/admin.industriall-union.org\/es\/trabajadores-de-la-industria-ligera-examinan-los-desarrollos-del-macro-sector\/","og_site_name":"industriall-union","article_modified_time":"2025-01-27T19:38:30+00:00","twitter_card":"summary_large_image","twitter_misc":{"Est. reading time":"4 minutes"},"schema":{"@context":"https:\/\/schema.org","@graph":[{"@type":"WebPage","@id":"https:\/\/admin.industriall-union.org\/es\/trabajadores-de-la-industria-ligera-examinan-los-desarrollos-del-macro-sector\/","url":"https:\/\/admin.industriall-union.org\/es\/trabajadores-de-la-industria-ligera-examinan-los-desarrollos-del-macro-sector\/","name":"Trabajadores de la industria ligera examinan los desarrollos del macro sector - industriall-union","isPartOf":{"@id":"https:\/\/admin.industriall-union.org\/#website"},"datePublished":"2023-08-22T18:05:56+00:00","dateModified":"2025-01-27T19:38:30+00:00","description":"Durante la primera sesi\u00f3n del encuentro los participantes identificaron las tendencias del macro sector de industria ligera. Destacaron que en muchos","breadcrumb":{"@id":"https:\/\/admin.industriall-union.org\/es\/trabajadores-de-la-industria-ligera-examinan-los-desarrollos-del-macro-sector\/#breadcrumb"},"inLanguage":"es-ES","potentialAction":[{"@type":"ReadAction","target":["https:\/\/admin.industriall-union.org\/es\/trabajadores-de-la-industria-ligera-examinan-los-desarrollos-del-macro-sector\/"]}]},{"@type":"BreadcrumbList","@id":"https:\/\/admin.industriall-union.org\/es\/trabajadores-de-la-industria-ligera-examinan-los-desarrollos-del-macro-sector\/#breadcrumb","itemListElement":[{"@type":"ListItem","position":1,"name":"Home","item":"https:\/\/admin.industriall-union.org\/"},{"@type":"ListItem","position":2,"name":"Articles","item":"https:\/\/admin.industriall-union.org\/article\/"},{"@type":"ListItem","position":3,"name":"Trabajadores de la industria ligera examinan los desarrollos del macro sector"}]},{"@type":"WebSite","@id":"https:\/\/admin.industriall-union.org\/#website","url":"https:\/\/admin.industriall-union.org\/","name":"industriall-union","description":"","potentialAction":[{"@type":"SearchAction","target":{"@type":"EntryPoint","urlTemplate":"https:\/\/admin.industriall-union.org\/?s={search_term_string}"},"query-input":{"@type":"PropertyValueSpecification","valueRequired":true,"valueName":"search_term_string"}}],"inLanguage":"es-ES"}]}},"_links":{"self":[{"href":"https:\/\/admin.industriall-union.org\/es\/wp-json\/wp\/v2\/article\/147190","targetHints":{"allow":["GET"]}}],"collection":[{"href":"https:\/\/admin.industriall-union.org\/es\/wp-json\/wp\/v2\/article"}],"about":[{"href":"https:\/\/admin.industriall-union.org\/es\/wp-json\/wp\/v2\/types\/article"}],"wp:attachment":[{"href":"https:\/\/admin.industriall-union.org\/es\/wp-json\/wp\/v2\/media?parent=147190"}],"wp:term":[{"taxonomy":"issues","embeddable":true,"href":"https:\/\/admin.industriall-union.org\/es\/wp-json\/wp\/v2\/issues?post=147190"},{"taxonomy":"companies","embeddable":true,"href":"https:\/\/admin.industriall-union.org\/es\/wp-json\/wp\/v2\/companies?post=147190"},{"taxonomy":"regions","embeddable":true,"href":"https:\/\/admin.industriall-union.org\/es\/wp-json\/wp\/v2\/regions?post=147190"},{"taxonomy":"sectors","embeddable":true,"href":"https:\/\/admin.industriall-union.org\/es\/wp-json\/wp\/v2\/sectors?post=147190"},{"taxonomy":"article_tags","embeddable":true,"href":"https:\/\/admin.industriall-union.org\/es\/wp-json\/wp\/v2\/article_tags?post=147190"}],"curies":[{"name":"wp","href":"https:\/\/api.w.org\/{rel}","templated":true}]}}