{"id":147126,"date":"2023-09-01T19:34:12","date_gmt":"2023-09-01T19:34:12","guid":{"rendered":"https:\/\/admin.industriall-union.org\/jovenes-construyen-planes-de-accion-sindicales-con-impacto-en-la-juventud-argentina\/"},"modified":"2025-01-27T19:29:16","modified_gmt":"2025-01-27T19:29:16","slug":"jovenes-construyen-planes-de-accion-sindicales-con-impacto-en-la-juventud-argentina","status":"publish","type":"article","link":"https:\/\/admin.industriall-union.org\/es\/jovenes-construyen-planes-de-accion-sindicales-con-impacto-en-la-juventud-argentina\/","title":{"rendered":"J\u00f3venes construyen planes de acci\u00f3n sindicales con impacto en la juventud argentina"},"content":{"rendered":"<p>Un grupo de j\u00f3venes de la CNTI, Fetia y UOM (organizaciones sindicales afiliadas a IndustriALL Global Union en Argentina) particip\u00f3 del \u00faltimo seminario nacional del proyecto de IndustriALL y DGB Bildungswerk para j\u00f3venes en el pa\u00eds sudamericano el 8 y 9 de agosto. El actual ciclo del proyecto inici\u00f3 en 2021 en Argentina, Brasil, El Salvador y Nicaragua y finaliza en 2023.<\/p><p>Durante las dos jornadas del encuentro, los participantes debatieron cu\u00e1les son los desaf\u00edos que detectan en el futuro del trabajo para los pr\u00f3ximos 5 a\u00f1os, a nivel nacional, regional y global.<\/p><p>Adem\u00e1s, dialogaron sobre cu\u00e1l deber\u00eda ser la principal agenda del movimiento sindical y explicaron qu\u00e9 acciones sindicales deben promover en el sindicato para enfrentar los desaf\u00edos actuales y del futuro del trabajo.<\/p><p>Cada participante present\u00f3 su PAS, en el cual trabaj\u00f3 a lo largo de los 3 a\u00f1os del proyecto. Cada PAS incluy\u00f3 ideas que lograron impactar en la vida de otros j\u00f3venes y a la vez consturir un sindicato m\u00e1s fuerte con mayor poder sindical.<\/p><p>Los PAS mostraron tener una mirada sumamente interesante y optimista para la perspectiva que se est\u00e1 viviendo a nivel socioecon\u00f3mico y pol\u00edtico en Argentina.<\/p><p>La asesora de IndustriALL a nivel regional y responsable de los proyectos de j\u00f3venes en Am\u00e9rica Latina y el Caribe, Julieta Avalos Abusharekh dijo:<\/p><p>&ldquo;El contexto en Argentina es muy complejo. Estos j\u00f3venes son producto de la democracia y manifestaron estar un poco impactados por la irrupci\u00f3n en escena de un candidato de extrema derecha en su pa\u00eds.<\/p><p>Pero, si bien empezaron el seminario con mucho pesimismo, lo terminaron con ganas de seguir construyendo un pa\u00eds que tenga lugar para todo el mundo, donde ser trabajador no te condene a la pobreza.&nbsp;<\/p><p>El encuentro cont\u00f3 con la participaci\u00f3n de la mayor\u00eda de los j\u00f3venes que nos acompa\u00f1aron en estos 3 a\u00f1os. Rescatamos como importante que se consolid\u00f3 un grupo, donde los j\u00f3venes, que m\u00e1s all\u00e1 de la pertenencia y del origen del sindicato, lograron crecer y construir una identidad como clase trabajadera y con una perspectiva m\u00e1s internacionalista y latinoamericana.&rdquo;<\/p>","protected":false},"featured_media":0,"template":"","issues":[396,425],"companies":[],"regions":[152,256,254],"sectors":[],"article_tags":[511,522,536],"class_list":["post-147126","article","type-article","status-publish","hentry","issues-building-strong-unions","issues-workers-rights","regions-america-latina-y-el-caribe","regions-argentina","regions-latin-america-and-the-caribbean","article_tags-industriall","article_tags-projects","article_tags-youth"],"acf":[],"yoast_head":"<!-- This site is optimized with the Yoast SEO Premium plugin v27.1 (Yoast SEO v27.1) - https:\/\/yoast.com\/product\/yoast-seo-premium-wordpress\/ -->\n<title>J\u00f3venes construyen planes de acci\u00f3n sindicales con impacto en la juventud argentina - industriall-union<\/title>\n<meta name=\"description\" content=\"Un grupo de j\u00f3venes de la CNTI, Fetia y UOM (organizaciones sindicales afiliadas a IndustriALL Global Union en Argentina) particip\u00f3 del \u00faltimo seminario\" \/>\n<meta name=\"robots\" content=\"index, follow, max-snippet:-1, max-image-preview:large, max-video-preview:-1\" \/>\n<link rel=\"canonical\" href=\"https:\/\/admin.industriall-union.org\/es\/jovenes-construyen-planes-de-accion-sindicales-con-impacto-en-la-juventud-argentina\/\" \/>\n<meta property=\"og:locale\" content=\"es_ES\" \/>\n<meta property=\"og:type\" content=\"article\" \/>\n<meta property=\"og:title\" content=\"J\u00f3venes construyen planes de acci\u00f3n sindicales con impacto en la juventud argentina\" \/>\n<meta property=\"og:description\" content=\"Un grupo de j\u00f3venes de la CNTI, Fetia y UOM (organizaciones sindicales afiliadas a IndustriALL Global Union en Argentina) particip\u00f3 del \u00faltimo seminario\" \/>\n<meta property=\"og:url\" content=\"https:\/\/admin.industriall-union.org\/es\/jovenes-construyen-planes-de-accion-sindicales-con-impacto-en-la-juventud-argentina\/\" \/>\n<meta property=\"og:site_name\" content=\"industriall-union\" \/>\n<meta property=\"article:modified_time\" content=\"2025-01-27T19:29:16+00:00\" \/>\n<meta name=\"twitter:card\" content=\"summary_large_image\" \/>\n<meta name=\"twitter:label1\" content=\"Est. reading time\" \/>\n\t<meta name=\"twitter:data1\" content=\"2 minutes\" \/>\n<script type=\"application\/ld+json\" class=\"yoast-schema-graph\">{\"@context\":\"https:\/\/schema.org\",\"@graph\":[{\"@type\":\"WebPage\",\"@id\":\"https:\/\/admin.industriall-union.org\/es\/jovenes-construyen-planes-de-accion-sindicales-con-impacto-en-la-juventud-argentina\/\",\"url\":\"https:\/\/admin.industriall-union.org\/es\/jovenes-construyen-planes-de-accion-sindicales-con-impacto-en-la-juventud-argentina\/\",\"name\":\"J\u00f3venes construyen planes de acci\u00f3n sindicales con impacto en la juventud argentina - industriall-union\",\"isPartOf\":{\"@id\":\"https:\/\/admin.industriall-union.org\/#website\"},\"datePublished\":\"2023-09-01T19:34:12+00:00\",\"dateModified\":\"2025-01-27T19:29:16+00:00\",\"description\":\"Un grupo de j\u00f3venes de la CNTI, Fetia y UOM (organizaciones sindicales afiliadas a IndustriALL Global Union en Argentina) particip\u00f3 del \u00faltimo seminario\",\"breadcrumb\":{\"@id\":\"https:\/\/admin.industriall-union.org\/es\/jovenes-construyen-planes-de-accion-sindicales-con-impacto-en-la-juventud-argentina\/#breadcrumb\"},\"inLanguage\":\"es-ES\",\"potentialAction\":[{\"@type\":\"ReadAction\",\"target\":[\"https:\/\/admin.industriall-union.org\/es\/jovenes-construyen-planes-de-accion-sindicales-con-impacto-en-la-juventud-argentina\/\"]}]},{\"@type\":\"BreadcrumbList\",\"@id\":\"https:\/\/admin.industriall-union.org\/es\/jovenes-construyen-planes-de-accion-sindicales-con-impacto-en-la-juventud-argentina\/#breadcrumb\",\"itemListElement\":[{\"@type\":\"ListItem\",\"position\":1,\"name\":\"Home\",\"item\":\"https:\/\/admin.industriall-union.org\/\"},{\"@type\":\"ListItem\",\"position\":2,\"name\":\"Articles\",\"item\":\"https:\/\/admin.industriall-union.org\/article\/\"},{\"@type\":\"ListItem\",\"position\":3,\"name\":\"J\u00f3venes construyen planes de acci\u00f3n sindicales con impacto en la juventud argentina\"}]},{\"@type\":\"WebSite\",\"@id\":\"https:\/\/admin.industriall-union.org\/#website\",\"url\":\"https:\/\/admin.industriall-union.org\/\",\"name\":\"industriall-union\",\"description\":\"\",\"potentialAction\":[{\"@type\":\"SearchAction\",\"target\":{\"@type\":\"EntryPoint\",\"urlTemplate\":\"https:\/\/admin.industriall-union.org\/?s={search_term_string}\"},\"query-input\":{\"@type\":\"PropertyValueSpecification\",\"valueRequired\":true,\"valueName\":\"search_term_string\"}}],\"inLanguage\":\"es-ES\"}]}<\/script>\n<!-- \/ Yoast SEO Premium plugin. -->","yoast_head_json":{"title":"J\u00f3venes construyen planes de acci\u00f3n sindicales con impacto en la juventud argentina - industriall-union","description":"Un grupo de j\u00f3venes de la CNTI, Fetia y UOM (organizaciones sindicales afiliadas a IndustriALL Global Union en Argentina) particip\u00f3 del \u00faltimo seminario","robots":{"index":"index","follow":"follow","max-snippet":"max-snippet:-1","max-image-preview":"max-image-preview:large","max-video-preview":"max-video-preview:-1"},"canonical":"https:\/\/admin.industriall-union.org\/es\/jovenes-construyen-planes-de-accion-sindicales-con-impacto-en-la-juventud-argentina\/","og_locale":"es_ES","og_type":"article","og_title":"J\u00f3venes construyen planes de acci\u00f3n sindicales con impacto en la juventud argentina","og_description":"Un grupo de j\u00f3venes de la CNTI, Fetia y UOM (organizaciones sindicales afiliadas a IndustriALL Global Union en Argentina) particip\u00f3 del \u00faltimo seminario","og_url":"https:\/\/admin.industriall-union.org\/es\/jovenes-construyen-planes-de-accion-sindicales-con-impacto-en-la-juventud-argentina\/","og_site_name":"industriall-union","article_modified_time":"2025-01-27T19:29:16+00:00","twitter_card":"summary_large_image","twitter_misc":{"Est. reading time":"2 minutes"},"schema":{"@context":"https:\/\/schema.org","@graph":[{"@type":"WebPage","@id":"https:\/\/admin.industriall-union.org\/es\/jovenes-construyen-planes-de-accion-sindicales-con-impacto-en-la-juventud-argentina\/","url":"https:\/\/admin.industriall-union.org\/es\/jovenes-construyen-planes-de-accion-sindicales-con-impacto-en-la-juventud-argentina\/","name":"J\u00f3venes construyen planes de acci\u00f3n sindicales con impacto en la juventud argentina - industriall-union","isPartOf":{"@id":"https:\/\/admin.industriall-union.org\/#website"},"datePublished":"2023-09-01T19:34:12+00:00","dateModified":"2025-01-27T19:29:16+00:00","description":"Un grupo de j\u00f3venes de la CNTI, Fetia y UOM (organizaciones sindicales afiliadas a IndustriALL Global Union en Argentina) particip\u00f3 del \u00faltimo seminario","breadcrumb":{"@id":"https:\/\/admin.industriall-union.org\/es\/jovenes-construyen-planes-de-accion-sindicales-con-impacto-en-la-juventud-argentina\/#breadcrumb"},"inLanguage":"es-ES","potentialAction":[{"@type":"ReadAction","target":["https:\/\/admin.industriall-union.org\/es\/jovenes-construyen-planes-de-accion-sindicales-con-impacto-en-la-juventud-argentina\/"]}]},{"@type":"BreadcrumbList","@id":"https:\/\/admin.industriall-union.org\/es\/jovenes-construyen-planes-de-accion-sindicales-con-impacto-en-la-juventud-argentina\/#breadcrumb","itemListElement":[{"@type":"ListItem","position":1,"name":"Home","item":"https:\/\/admin.industriall-union.org\/"},{"@type":"ListItem","position":2,"name":"Articles","item":"https:\/\/admin.industriall-union.org\/article\/"},{"@type":"ListItem","position":3,"name":"J\u00f3venes construyen planes de acci\u00f3n sindicales con impacto en la juventud argentina"}]},{"@type":"WebSite","@id":"https:\/\/admin.industriall-union.org\/#website","url":"https:\/\/admin.industriall-union.org\/","name":"industriall-union","description":"","potentialAction":[{"@type":"SearchAction","target":{"@type":"EntryPoint","urlTemplate":"https:\/\/admin.industriall-union.org\/?s={search_term_string}"},"query-input":{"@type":"PropertyValueSpecification","valueRequired":true,"valueName":"search_term_string"}}],"inLanguage":"es-ES"}]}},"_links":{"self":[{"href":"https:\/\/admin.industriall-union.org\/es\/wp-json\/wp\/v2\/article\/147126","targetHints":{"allow":["GET"]}}],"collection":[{"href":"https:\/\/admin.industriall-union.org\/es\/wp-json\/wp\/v2\/article"}],"about":[{"href":"https:\/\/admin.industriall-union.org\/es\/wp-json\/wp\/v2\/types\/article"}],"wp:attachment":[{"href":"https:\/\/admin.industriall-union.org\/es\/wp-json\/wp\/v2\/media?parent=147126"}],"wp:term":[{"taxonomy":"issues","embeddable":true,"href":"https:\/\/admin.industriall-union.org\/es\/wp-json\/wp\/v2\/issues?post=147126"},{"taxonomy":"companies","embeddable":true,"href":"https:\/\/admin.industriall-union.org\/es\/wp-json\/wp\/v2\/companies?post=147126"},{"taxonomy":"regions","embeddable":true,"href":"https:\/\/admin.industriall-union.org\/es\/wp-json\/wp\/v2\/regions?post=147126"},{"taxonomy":"sectors","embeddable":true,"href":"https:\/\/admin.industriall-union.org\/es\/wp-json\/wp\/v2\/sectors?post=147126"},{"taxonomy":"article_tags","embeddable":true,"href":"https:\/\/admin.industriall-union.org\/es\/wp-json\/wp\/v2\/article_tags?post=147126"}],"curies":[{"name":"wp","href":"https:\/\/api.w.org\/{rel}","templated":true}]}}