{"id":147110,"date":"2023-09-06T13:42:30","date_gmt":"2023-09-06T13:42:30","guid":{"rendered":"https:\/\/admin.industriall-union.org\/jovenes-de-brasil-presentan-planes-de-accion-sindicales-para-tener-un-lugar-protagonico\/"},"modified":"2025-01-27T19:25:50","modified_gmt":"2025-01-27T19:25:50","slug":"jovenes-de-brasil-presentan-planes-de-accion-sindicales-para-tener-un-lugar-protagonico","status":"publish","type":"article","link":"https:\/\/admin.industriall-union.org\/es\/jovenes-de-brasil-presentan-planes-de-accion-sindicales-para-tener-un-lugar-protagonico\/","title":{"rendered":"J\u00f3venes de Brasil presentan planes de acci\u00f3n sindicales para tener un lugar protag\u00f3nico"},"content":{"rendered":"<p>El \u00faltimo seminario nacional del proyecto de IndustriALL Global Union y DGB Bildungswerk para j\u00f3venes de Brasil se llev\u00f3 a cabo el 27 y 28 de agosto con la participaci\u00f3n de varias confederaciones sindicales afiliadas a IndustriALL.<\/p><p>Los j\u00f3venes presentaron los PAS que construyeron a lo largo de los 3 a\u00f1os del ciclo del proyecto 2021-2023, los cuales incluyen la perspectiva y diversidad de g\u00e9nero como de raza, y buscan darle un lugar m\u00e1s protag\u00f3nico a la juventud.&nbsp;<\/p><p>Adem\u00e1s, los participantes debatieron sobre cu\u00e1les creen que son las principales agendas del movimiento sindical en Brasil, cu\u00e1l deber\u00eda ser la prioridad ante los desaf\u00edos actuales y qu\u00e9 acciones sindicales deber\u00edan impulsar en el sindicato para enfrentar los retos del futuro del trabajo.&nbsp;<\/p><p>Los participantes aseguraron que, despu\u00e9s del gobierno del ex presidente de Brasil, Jair Bolsonaro, les resultaba muy dif\u00edcil empezar a reconstituir poder sindical porque la democracia a\u00fan es vulnerable.<\/p><p>Adem\u00e1s, explicaron que el gobierno actual de Luiz In\u00e1cio Lula da Silva no cuenta con la mayor\u00eda en el Parlamento, y la construcci\u00f3n de pol\u00edticas tiene que ser consensuada con las diferentes miradas, por lo cual la juventud tiene mucho por hacer.&nbsp;<\/p><p>Durante el encuentro, los j\u00f3venes tambi\u00e9n escucharon al dirigente sindical de IF Metall de Suecia, Johan Jarvklo, quien dialog\u00f3 con ellos sobre c\u00f3mo funcionan los sindicatos en su pa\u00eds, c\u00f3mo organizan a los j\u00f3venes, c\u00f3mo desarrollan las negociaciones colectivas y cu\u00e1les son los desaf\u00edos para el futuro del trabajo en Suecia.<\/p><p>Finalmente, la asesora de IndustriALL a nivel regional y responsable de los proyectos de j\u00f3venes en Am\u00e9rica Latina y el Caribe, Julieta Avalos Abusharekh dijo:<\/p><blockquote><p>&ldquo;Se consolid\u00f3 un grupo muy lindo que tiene proyectos por delante m\u00e1s all\u00e1 de IndustriALL. Formaron un grupo de j\u00f3venes que se sigue comunicando, apoyando, que se ha apropiado de las herramientas que les brindamos en los talleres y las replican.&nbsp;<\/p><p>Se convirtieron en formadores que a su vez van capacitando a nuevos j\u00f3venes, lo cual contribuye a que el sindicato tenga m\u00e1s poder sindical. Son dirigentes disciplinados, comprometidos y con sue\u00f1os. En estos 3 a\u00f1os de proyecto se logr\u00f3 el objetivo de fortalecer a los j\u00f3venes que vienen de diferentes f\u00e1bricas y sindicatos.&rdquo;<\/p><\/blockquote>","protected":false},"featured_media":0,"template":"","issues":[396,422,425],"companies":[],"regions":[152,261,254],"sectors":[],"article_tags":[511,522,536],"class_list":["post-147110","article","type-article","status-publish","hentry","issues-building-strong-unions","issues-human-trade-union-rights","issues-workers-rights","regions-america-latina-y-el-caribe","regions-brazil","regions-latin-america-and-the-caribbean","article_tags-industriall","article_tags-projects","article_tags-youth"],"acf":[],"yoast_head":"<!-- This site is optimized with the Yoast SEO Premium plugin v27.1 (Yoast SEO v27.1) - https:\/\/yoast.com\/product\/yoast-seo-premium-wordpress\/ -->\n<title>J\u00f3venes de Brasil presentan planes de acci\u00f3n sindicales para tener un lugar protag\u00f3nico - industriall-union<\/title>\n<meta name=\"description\" content=\"El \u00faltimo seminario nacional del proyecto de IndustriALL Global Union y DGB Bildungswerk para j\u00f3venes de Brasil se llev\u00f3 a cabo el 27 y 28 de agosto con\" \/>\n<meta name=\"robots\" content=\"index, follow, max-snippet:-1, max-image-preview:large, max-video-preview:-1\" \/>\n<link rel=\"canonical\" href=\"https:\/\/admin.industriall-union.org\/es\/jovenes-de-brasil-presentan-planes-de-accion-sindicales-para-tener-un-lugar-protagonico\/\" \/>\n<meta property=\"og:locale\" content=\"es_ES\" \/>\n<meta property=\"og:type\" content=\"article\" \/>\n<meta property=\"og:title\" content=\"J\u00f3venes de Brasil presentan planes de acci\u00f3n sindicales para tener un lugar protag\u00f3nico\" \/>\n<meta property=\"og:description\" content=\"El \u00faltimo seminario nacional del proyecto de IndustriALL Global Union y DGB Bildungswerk para j\u00f3venes de Brasil se llev\u00f3 a cabo el 27 y 28 de agosto con\" \/>\n<meta property=\"og:url\" content=\"https:\/\/admin.industriall-union.org\/es\/jovenes-de-brasil-presentan-planes-de-accion-sindicales-para-tener-un-lugar-protagonico\/\" \/>\n<meta property=\"og:site_name\" content=\"industriall-union\" \/>\n<meta property=\"article:modified_time\" content=\"2025-01-27T19:25:50+00:00\" \/>\n<meta name=\"twitter:card\" content=\"summary_large_image\" \/>\n<meta name=\"twitter:label1\" content=\"Est. reading time\" \/>\n\t<meta name=\"twitter:data1\" content=\"2 minutes\" \/>\n<script type=\"application\/ld+json\" class=\"yoast-schema-graph\">{\"@context\":\"https:\/\/schema.org\",\"@graph\":[{\"@type\":\"WebPage\",\"@id\":\"https:\/\/admin.industriall-union.org\/es\/jovenes-de-brasil-presentan-planes-de-accion-sindicales-para-tener-un-lugar-protagonico\/\",\"url\":\"https:\/\/admin.industriall-union.org\/es\/jovenes-de-brasil-presentan-planes-de-accion-sindicales-para-tener-un-lugar-protagonico\/\",\"name\":\"J\u00f3venes de Brasil presentan planes de acci\u00f3n sindicales para tener un lugar protag\u00f3nico - industriall-union\",\"isPartOf\":{\"@id\":\"https:\/\/admin.industriall-union.org\/#website\"},\"datePublished\":\"2023-09-06T13:42:30+00:00\",\"dateModified\":\"2025-01-27T19:25:50+00:00\",\"description\":\"El \u00faltimo seminario nacional del proyecto de IndustriALL Global Union y DGB Bildungswerk para j\u00f3venes de Brasil se llev\u00f3 a cabo el 27 y 28 de agosto con\",\"breadcrumb\":{\"@id\":\"https:\/\/admin.industriall-union.org\/es\/jovenes-de-brasil-presentan-planes-de-accion-sindicales-para-tener-un-lugar-protagonico\/#breadcrumb\"},\"inLanguage\":\"es-ES\",\"potentialAction\":[{\"@type\":\"ReadAction\",\"target\":[\"https:\/\/admin.industriall-union.org\/es\/jovenes-de-brasil-presentan-planes-de-accion-sindicales-para-tener-un-lugar-protagonico\/\"]}]},{\"@type\":\"BreadcrumbList\",\"@id\":\"https:\/\/admin.industriall-union.org\/es\/jovenes-de-brasil-presentan-planes-de-accion-sindicales-para-tener-un-lugar-protagonico\/#breadcrumb\",\"itemListElement\":[{\"@type\":\"ListItem\",\"position\":1,\"name\":\"Home\",\"item\":\"https:\/\/admin.industriall-union.org\/\"},{\"@type\":\"ListItem\",\"position\":2,\"name\":\"Articles\",\"item\":\"https:\/\/admin.industriall-union.org\/article\/\"},{\"@type\":\"ListItem\",\"position\":3,\"name\":\"J\u00f3venes de Brasil presentan planes de acci\u00f3n sindicales para tener un lugar protag\u00f3nico\"}]},{\"@type\":\"WebSite\",\"@id\":\"https:\/\/admin.industriall-union.org\/#website\",\"url\":\"https:\/\/admin.industriall-union.org\/\",\"name\":\"industriall-union\",\"description\":\"\",\"potentialAction\":[{\"@type\":\"SearchAction\",\"target\":{\"@type\":\"EntryPoint\",\"urlTemplate\":\"https:\/\/admin.industriall-union.org\/?s={search_term_string}\"},\"query-input\":{\"@type\":\"PropertyValueSpecification\",\"valueRequired\":true,\"valueName\":\"search_term_string\"}}],\"inLanguage\":\"es-ES\"}]}<\/script>\n<!-- \/ Yoast SEO Premium plugin. -->","yoast_head_json":{"title":"J\u00f3venes de Brasil presentan planes de acci\u00f3n sindicales para tener un lugar protag\u00f3nico - industriall-union","description":"El \u00faltimo seminario nacional del proyecto de IndustriALL Global Union y DGB Bildungswerk para j\u00f3venes de Brasil se llev\u00f3 a cabo el 27 y 28 de agosto con","robots":{"index":"index","follow":"follow","max-snippet":"max-snippet:-1","max-image-preview":"max-image-preview:large","max-video-preview":"max-video-preview:-1"},"canonical":"https:\/\/admin.industriall-union.org\/es\/jovenes-de-brasil-presentan-planes-de-accion-sindicales-para-tener-un-lugar-protagonico\/","og_locale":"es_ES","og_type":"article","og_title":"J\u00f3venes de Brasil presentan planes de acci\u00f3n sindicales para tener un lugar protag\u00f3nico","og_description":"El \u00faltimo seminario nacional del proyecto de IndustriALL Global Union y DGB Bildungswerk para j\u00f3venes de Brasil se llev\u00f3 a cabo el 27 y 28 de agosto con","og_url":"https:\/\/admin.industriall-union.org\/es\/jovenes-de-brasil-presentan-planes-de-accion-sindicales-para-tener-un-lugar-protagonico\/","og_site_name":"industriall-union","article_modified_time":"2025-01-27T19:25:50+00:00","twitter_card":"summary_large_image","twitter_misc":{"Est. reading time":"2 minutes"},"schema":{"@context":"https:\/\/schema.org","@graph":[{"@type":"WebPage","@id":"https:\/\/admin.industriall-union.org\/es\/jovenes-de-brasil-presentan-planes-de-accion-sindicales-para-tener-un-lugar-protagonico\/","url":"https:\/\/admin.industriall-union.org\/es\/jovenes-de-brasil-presentan-planes-de-accion-sindicales-para-tener-un-lugar-protagonico\/","name":"J\u00f3venes de Brasil presentan planes de acci\u00f3n sindicales para tener un lugar protag\u00f3nico - industriall-union","isPartOf":{"@id":"https:\/\/admin.industriall-union.org\/#website"},"datePublished":"2023-09-06T13:42:30+00:00","dateModified":"2025-01-27T19:25:50+00:00","description":"El \u00faltimo seminario nacional del proyecto de IndustriALL Global Union y DGB Bildungswerk para j\u00f3venes de Brasil se llev\u00f3 a cabo el 27 y 28 de agosto con","breadcrumb":{"@id":"https:\/\/admin.industriall-union.org\/es\/jovenes-de-brasil-presentan-planes-de-accion-sindicales-para-tener-un-lugar-protagonico\/#breadcrumb"},"inLanguage":"es-ES","potentialAction":[{"@type":"ReadAction","target":["https:\/\/admin.industriall-union.org\/es\/jovenes-de-brasil-presentan-planes-de-accion-sindicales-para-tener-un-lugar-protagonico\/"]}]},{"@type":"BreadcrumbList","@id":"https:\/\/admin.industriall-union.org\/es\/jovenes-de-brasil-presentan-planes-de-accion-sindicales-para-tener-un-lugar-protagonico\/#breadcrumb","itemListElement":[{"@type":"ListItem","position":1,"name":"Home","item":"https:\/\/admin.industriall-union.org\/"},{"@type":"ListItem","position":2,"name":"Articles","item":"https:\/\/admin.industriall-union.org\/article\/"},{"@type":"ListItem","position":3,"name":"J\u00f3venes de Brasil presentan planes de acci\u00f3n sindicales para tener un lugar protag\u00f3nico"}]},{"@type":"WebSite","@id":"https:\/\/admin.industriall-union.org\/#website","url":"https:\/\/admin.industriall-union.org\/","name":"industriall-union","description":"","potentialAction":[{"@type":"SearchAction","target":{"@type":"EntryPoint","urlTemplate":"https:\/\/admin.industriall-union.org\/?s={search_term_string}"},"query-input":{"@type":"PropertyValueSpecification","valueRequired":true,"valueName":"search_term_string"}}],"inLanguage":"es-ES"}]}},"_links":{"self":[{"href":"https:\/\/admin.industriall-union.org\/es\/wp-json\/wp\/v2\/article\/147110","targetHints":{"allow":["GET"]}}],"collection":[{"href":"https:\/\/admin.industriall-union.org\/es\/wp-json\/wp\/v2\/article"}],"about":[{"href":"https:\/\/admin.industriall-union.org\/es\/wp-json\/wp\/v2\/types\/article"}],"wp:attachment":[{"href":"https:\/\/admin.industriall-union.org\/es\/wp-json\/wp\/v2\/media?parent=147110"}],"wp:term":[{"taxonomy":"issues","embeddable":true,"href":"https:\/\/admin.industriall-union.org\/es\/wp-json\/wp\/v2\/issues?post=147110"},{"taxonomy":"companies","embeddable":true,"href":"https:\/\/admin.industriall-union.org\/es\/wp-json\/wp\/v2\/companies?post=147110"},{"taxonomy":"regions","embeddable":true,"href":"https:\/\/admin.industriall-union.org\/es\/wp-json\/wp\/v2\/regions?post=147110"},{"taxonomy":"sectors","embeddable":true,"href":"https:\/\/admin.industriall-union.org\/es\/wp-json\/wp\/v2\/sectors?post=147110"},{"taxonomy":"article_tags","embeddable":true,"href":"https:\/\/admin.industriall-union.org\/es\/wp-json\/wp\/v2\/article_tags?post=147110"}],"curies":[{"name":"wp","href":"https:\/\/api.w.org\/{rel}","templated":true}]}}