{"id":147094,"date":"2023-09-11T12:30:17","date_gmt":"2023-09-11T12:30:17","guid":{"rendered":"https:\/\/admin.industriall-union.org\/jovenes-de-nicaragua-construyen-una-agenda-de-la-juventud-con-miras-a-implementarla-en-la-central-sindical\/"},"modified":"2025-01-27T19:25:18","modified_gmt":"2025-01-27T19:25:18","slug":"jovenes-de-nicaragua-construyen-una-agenda-de-la-juventud-con-miras-a-implementarla-en-la-central-sindical","status":"publish","type":"article","link":"https:\/\/admin.industriall-union.org\/es\/jovenes-de-nicaragua-construyen-una-agenda-de-la-juventud-con-miras-a-implementarla-en-la-central-sindical\/","title":{"rendered":"J\u00f3venes de Nicaragua construyen una agenda de la juventud con miras a implementarla en la Central sindical"},"content":{"rendered":"<p>El \u00faltimo seminario nacional del proyecto de IndustriALL Global Union y DGB Bildungswerk para j\u00f3venes de Nicaragua se llev\u00f3 a cabo el 5 y 6 de setiembre. Los participantes presentaron los planes de acci\u00f3n sindicales (PAS) que construyeron durante el ciclo 2021-2023 del proyecto, as\u00ed como las actividades que tienen previstas para ejecutar este a\u00f1o.<\/p><p>Adem\u00e1s, los participantes dialogaron sobre cu\u00e1les son las principales agendas del movimiento sindical de Nicaragua y presentaron cu\u00e1l ser\u00eda para ellos la agenda de la juventud, con las acciones pol\u00edticas que deber\u00edan promover.&nbsp;<\/p><p>El secretario general de la Central sandinista de los trabajadores, Pedro Ortega, asisti\u00f3 al seminario y se comprometi\u00f3 con los j\u00f3venes a realizar diversos encuentros hasta fin de a\u00f1o para que puedan colocar la agenda que construyeron en la Central sandinista de trabajadores.&nbsp;<\/p><p>Durante las dos jornadas del seminario tambi\u00e9n debatieron sobre c\u00f3mo funcionan los sindicatos respecto a la organizaci\u00f3n de los j\u00f3venes. Adem\u00e1s, reflexionaron sobre qu\u00e9 significan para ellos valores como la democracia, la solidaridad, la pluralidad, la equidad, y la importancia de estos valores para construir sindicatos fuertes.&nbsp;<\/p><p>Tambi\u00e9n destacaron la necesidad de seguir creciendo dentro de sus sindicatos, la federaci\u00f3n y la central sindical para buscar una salida a la situaci\u00f3n econ\u00f3mica compleja que vive el pa\u00eds y que obliga a muchos j\u00f3venes a migrar en viajes muy pocos seguros.<\/p><p>Finalmente, la asesora de IndustriALL a nivel regional y responsable de los proyectos de j\u00f3venes en Am\u00e9rica Latina y el Caribe, Julieta Avalos Abusharekh dijo:<\/p><blockquote><p>&ldquo;El proyecto culmina con mucho \u00e9xito, con PAS ejecutados, donde los j\u00f3venes mencionaron en su evaluaci\u00f3n final la importancia que tuvo este proyecto en sus vidas porque les ayud\u00f3 a adquirir herramientas para pensar salidas posibles para el sindicato de Nicaragua.<\/p><p>Se fueron muy esperanzados, m\u00e1s all\u00e1 de sentir cierta nostalgia por darse cuenta de que estos 3 a\u00f1os de proyecto terminaron y que no nos vamos a volver a encontrar, al menos por este proyecto.&rdquo;<br \/>&nbsp;<\/p><\/blockquote>","protected":false},"featured_media":0,"template":"","issues":[396,425],"companies":[],"regions":[152,254,276],"sectors":[447],"article_tags":[511,522,536],"class_list":["post-147094","article","type-article","status-publish","hentry","issues-building-strong-unions","issues-workers-rights","regions-america-latina-y-el-caribe","regions-latin-america-and-the-caribbean","regions-nicaragua","sectors-textil-cuero-ropa-calzado-servicios-textiles","article_tags-industriall","article_tags-projects","article_tags-youth"],"acf":[],"yoast_head":"<!-- This site is optimized with the Yoast SEO Premium plugin v27.1 (Yoast SEO v27.1) - https:\/\/yoast.com\/product\/yoast-seo-premium-wordpress\/ -->\n<title>J\u00f3venes de Nicaragua construyen una agenda de la juventud con miras a implementarla en la Central sindical - industriall-union<\/title>\n<meta name=\"description\" content=\"El \u00faltimo seminario nacional del proyecto de IndustriALL Global Union y DGB Bildungswerk para j\u00f3venes de Nicaragua se llev\u00f3 a cabo el 5 y 6 de setiembre.\" \/>\n<meta name=\"robots\" content=\"index, follow, max-snippet:-1, max-image-preview:large, max-video-preview:-1\" \/>\n<link rel=\"canonical\" href=\"https:\/\/admin.industriall-union.org\/es\/jovenes-de-nicaragua-construyen-una-agenda-de-la-juventud-con-miras-a-implementarla-en-la-central-sindical\/\" \/>\n<meta property=\"og:locale\" content=\"es_ES\" \/>\n<meta property=\"og:type\" content=\"article\" \/>\n<meta property=\"og:title\" content=\"J\u00f3venes de Nicaragua construyen una agenda de la juventud con miras a implementarla en la Central sindical\" \/>\n<meta property=\"og:description\" content=\"El \u00faltimo seminario nacional del proyecto de IndustriALL Global Union y DGB Bildungswerk para j\u00f3venes de Nicaragua se llev\u00f3 a cabo el 5 y 6 de setiembre.\" \/>\n<meta property=\"og:url\" content=\"https:\/\/admin.industriall-union.org\/es\/jovenes-de-nicaragua-construyen-una-agenda-de-la-juventud-con-miras-a-implementarla-en-la-central-sindical\/\" \/>\n<meta property=\"og:site_name\" content=\"industriall-union\" \/>\n<meta property=\"article:modified_time\" content=\"2025-01-27T19:25:18+00:00\" \/>\n<meta name=\"twitter:card\" content=\"summary_large_image\" \/>\n<meta name=\"twitter:label1\" content=\"Est. reading time\" \/>\n\t<meta name=\"twitter:data1\" content=\"2 minutes\" \/>\n<script type=\"application\/ld+json\" class=\"yoast-schema-graph\">{\"@context\":\"https:\/\/schema.org\",\"@graph\":[{\"@type\":\"WebPage\",\"@id\":\"https:\/\/admin.industriall-union.org\/es\/jovenes-de-nicaragua-construyen-una-agenda-de-la-juventud-con-miras-a-implementarla-en-la-central-sindical\/\",\"url\":\"https:\/\/admin.industriall-union.org\/es\/jovenes-de-nicaragua-construyen-una-agenda-de-la-juventud-con-miras-a-implementarla-en-la-central-sindical\/\",\"name\":\"J\u00f3venes de Nicaragua construyen una agenda de la juventud con miras a implementarla en la Central sindical - industriall-union\",\"isPartOf\":{\"@id\":\"https:\/\/admin.industriall-union.org\/#website\"},\"datePublished\":\"2023-09-11T12:30:17+00:00\",\"dateModified\":\"2025-01-27T19:25:18+00:00\",\"description\":\"El \u00faltimo seminario nacional del proyecto de IndustriALL Global Union y DGB Bildungswerk para j\u00f3venes de Nicaragua se llev\u00f3 a cabo el 5 y 6 de setiembre.\",\"breadcrumb\":{\"@id\":\"https:\/\/admin.industriall-union.org\/es\/jovenes-de-nicaragua-construyen-una-agenda-de-la-juventud-con-miras-a-implementarla-en-la-central-sindical\/#breadcrumb\"},\"inLanguage\":\"es-ES\",\"potentialAction\":[{\"@type\":\"ReadAction\",\"target\":[\"https:\/\/admin.industriall-union.org\/es\/jovenes-de-nicaragua-construyen-una-agenda-de-la-juventud-con-miras-a-implementarla-en-la-central-sindical\/\"]}]},{\"@type\":\"BreadcrumbList\",\"@id\":\"https:\/\/admin.industriall-union.org\/es\/jovenes-de-nicaragua-construyen-una-agenda-de-la-juventud-con-miras-a-implementarla-en-la-central-sindical\/#breadcrumb\",\"itemListElement\":[{\"@type\":\"ListItem\",\"position\":1,\"name\":\"Home\",\"item\":\"https:\/\/admin.industriall-union.org\/\"},{\"@type\":\"ListItem\",\"position\":2,\"name\":\"Articles\",\"item\":\"https:\/\/admin.industriall-union.org\/article\/\"},{\"@type\":\"ListItem\",\"position\":3,\"name\":\"J\u00f3venes de Nicaragua construyen una agenda de la juventud con miras a implementarla en la Central sindical\"}]},{\"@type\":\"WebSite\",\"@id\":\"https:\/\/admin.industriall-union.org\/#website\",\"url\":\"https:\/\/admin.industriall-union.org\/\",\"name\":\"industriall-union\",\"description\":\"\",\"potentialAction\":[{\"@type\":\"SearchAction\",\"target\":{\"@type\":\"EntryPoint\",\"urlTemplate\":\"https:\/\/admin.industriall-union.org\/?s={search_term_string}\"},\"query-input\":{\"@type\":\"PropertyValueSpecification\",\"valueRequired\":true,\"valueName\":\"search_term_string\"}}],\"inLanguage\":\"es-ES\"}]}<\/script>\n<!-- \/ Yoast SEO Premium plugin. -->","yoast_head_json":{"title":"J\u00f3venes de Nicaragua construyen una agenda de la juventud con miras a implementarla en la Central sindical - industriall-union","description":"El \u00faltimo seminario nacional del proyecto de IndustriALL Global Union y DGB Bildungswerk para j\u00f3venes de Nicaragua se llev\u00f3 a cabo el 5 y 6 de setiembre.","robots":{"index":"index","follow":"follow","max-snippet":"max-snippet:-1","max-image-preview":"max-image-preview:large","max-video-preview":"max-video-preview:-1"},"canonical":"https:\/\/admin.industriall-union.org\/es\/jovenes-de-nicaragua-construyen-una-agenda-de-la-juventud-con-miras-a-implementarla-en-la-central-sindical\/","og_locale":"es_ES","og_type":"article","og_title":"J\u00f3venes de Nicaragua construyen una agenda de la juventud con miras a implementarla en la Central sindical","og_description":"El \u00faltimo seminario nacional del proyecto de IndustriALL Global Union y DGB Bildungswerk para j\u00f3venes de Nicaragua se llev\u00f3 a cabo el 5 y 6 de setiembre.","og_url":"https:\/\/admin.industriall-union.org\/es\/jovenes-de-nicaragua-construyen-una-agenda-de-la-juventud-con-miras-a-implementarla-en-la-central-sindical\/","og_site_name":"industriall-union","article_modified_time":"2025-01-27T19:25:18+00:00","twitter_card":"summary_large_image","twitter_misc":{"Est. reading time":"2 minutes"},"schema":{"@context":"https:\/\/schema.org","@graph":[{"@type":"WebPage","@id":"https:\/\/admin.industriall-union.org\/es\/jovenes-de-nicaragua-construyen-una-agenda-de-la-juventud-con-miras-a-implementarla-en-la-central-sindical\/","url":"https:\/\/admin.industriall-union.org\/es\/jovenes-de-nicaragua-construyen-una-agenda-de-la-juventud-con-miras-a-implementarla-en-la-central-sindical\/","name":"J\u00f3venes de Nicaragua construyen una agenda de la juventud con miras a implementarla en la Central sindical - industriall-union","isPartOf":{"@id":"https:\/\/admin.industriall-union.org\/#website"},"datePublished":"2023-09-11T12:30:17+00:00","dateModified":"2025-01-27T19:25:18+00:00","description":"El \u00faltimo seminario nacional del proyecto de IndustriALL Global Union y DGB Bildungswerk para j\u00f3venes de Nicaragua se llev\u00f3 a cabo el 5 y 6 de setiembre.","breadcrumb":{"@id":"https:\/\/admin.industriall-union.org\/es\/jovenes-de-nicaragua-construyen-una-agenda-de-la-juventud-con-miras-a-implementarla-en-la-central-sindical\/#breadcrumb"},"inLanguage":"es-ES","potentialAction":[{"@type":"ReadAction","target":["https:\/\/admin.industriall-union.org\/es\/jovenes-de-nicaragua-construyen-una-agenda-de-la-juventud-con-miras-a-implementarla-en-la-central-sindical\/"]}]},{"@type":"BreadcrumbList","@id":"https:\/\/admin.industriall-union.org\/es\/jovenes-de-nicaragua-construyen-una-agenda-de-la-juventud-con-miras-a-implementarla-en-la-central-sindical\/#breadcrumb","itemListElement":[{"@type":"ListItem","position":1,"name":"Home","item":"https:\/\/admin.industriall-union.org\/"},{"@type":"ListItem","position":2,"name":"Articles","item":"https:\/\/admin.industriall-union.org\/article\/"},{"@type":"ListItem","position":3,"name":"J\u00f3venes de Nicaragua construyen una agenda de la juventud con miras a implementarla en la Central sindical"}]},{"@type":"WebSite","@id":"https:\/\/admin.industriall-union.org\/#website","url":"https:\/\/admin.industriall-union.org\/","name":"industriall-union","description":"","potentialAction":[{"@type":"SearchAction","target":{"@type":"EntryPoint","urlTemplate":"https:\/\/admin.industriall-union.org\/?s={search_term_string}"},"query-input":{"@type":"PropertyValueSpecification","valueRequired":true,"valueName":"search_term_string"}}],"inLanguage":"es-ES"}]}},"_links":{"self":[{"href":"https:\/\/admin.industriall-union.org\/es\/wp-json\/wp\/v2\/article\/147094","targetHints":{"allow":["GET"]}}],"collection":[{"href":"https:\/\/admin.industriall-union.org\/es\/wp-json\/wp\/v2\/article"}],"about":[{"href":"https:\/\/admin.industriall-union.org\/es\/wp-json\/wp\/v2\/types\/article"}],"wp:attachment":[{"href":"https:\/\/admin.industriall-union.org\/es\/wp-json\/wp\/v2\/media?parent=147094"}],"wp:term":[{"taxonomy":"issues","embeddable":true,"href":"https:\/\/admin.industriall-union.org\/es\/wp-json\/wp\/v2\/issues?post=147094"},{"taxonomy":"companies","embeddable":true,"href":"https:\/\/admin.industriall-union.org\/es\/wp-json\/wp\/v2\/companies?post=147094"},{"taxonomy":"regions","embeddable":true,"href":"https:\/\/admin.industriall-union.org\/es\/wp-json\/wp\/v2\/regions?post=147094"},{"taxonomy":"sectors","embeddable":true,"href":"https:\/\/admin.industriall-union.org\/es\/wp-json\/wp\/v2\/sectors?post=147094"},{"taxonomy":"article_tags","embeddable":true,"href":"https:\/\/admin.industriall-union.org\/es\/wp-json\/wp\/v2\/article_tags?post=147094"}],"curies":[{"name":"wp","href":"https:\/\/api.w.org\/{rel}","templated":true}]}}