{"id":147085,"date":"2023-09-12T12:32:45","date_gmt":"2023-09-12T12:32:45","guid":{"rendered":"https:\/\/admin.industriall-union.org\/jovenes-de-el-salvador-presentan-planes-de-accion-para-aumentar-la-sindicalizacion\/"},"modified":"2025-01-27T19:25:17","modified_gmt":"2025-01-27T19:25:17","slug":"jovenes-de-el-salvador-presentan-planes-de-accion-para-aumentar-la-sindicalizacion","status":"publish","type":"article","link":"https:\/\/admin.industriall-union.org\/es\/jovenes-de-el-salvador-presentan-planes-de-accion-para-aumentar-la-sindicalizacion\/","title":{"rendered":"J\u00f3venes de El Salvador presentan planes de acci\u00f3n para aumentar la sindicalizaci\u00f3n"},"content":{"rendered":"<p>Los participantes se reunieron el 8 y 9 de setiembre para desarrollar el \u00faltimo seminario nacional del proyecto de IndustriALL Global Union y DGB Bildungswerk para j\u00f3venes.<\/p><p>En esta oportunidad presentaron de forma colectiva los Planes de acci\u00f3n sindicales (PAS) que construyeron durante el ciclo 2021-2023 del proyecto. Estuvieron enfocados en aumentar la sindicalizaci\u00f3n para tener mayor poder sindical. &nbsp;<\/p><p>Los sindicatos de El Salvador se organizan por empresa, por lo cual en algunos casos existen 25 sindicatos en una misma compa\u00f1\u00eda. Los j\u00f3venes de FEASIES manifestaron que, gracias al proyecto, varios sindicatos se unieron para construir un PAS en com\u00fan.&nbsp;<\/p><p>Los j\u00f3venes tambi\u00e9n dialogaron con ex participantes del proyecto de Argentina y Brasil acerca de c\u00f3mo es la organizaci\u00f3n sindical en sus pa\u00edses, c\u00f3mo construyeron sus PAS y qu\u00e9 dificultades enfrentaron para implementarlos.<\/p><p>El desaf\u00edo que todos mencionaron fue que, una vez que empezaron a ejecutarlos, tuvieron que enfocarse en desarrollar estrategias para enfrentar los diferentes obst\u00e1culos que surg\u00edan.<\/p><p>Los participantes adem\u00e1s conversaron con ex participantes de los proyectos para j\u00f3venes de IndustriALL, DGB y de la FES donde intercambiaron informaci\u00f3n sobre c\u00f3mo es la negociaci\u00f3n colectiva en pa\u00edses como Honduras y en Nicaragua.&nbsp;<\/p><p>La asesora de IndustriALL a nivel regional y responsable de los proyectos de j\u00f3venes en Am\u00e9rica Latina y el Caribe, Julieta Avalos Abusharekh dijo:<\/p><blockquote><p>&ldquo;Los j\u00f3venes lograron plasmar ideas, desaf\u00edos y la propia agenda de la juventud de El Salvador. Se demostraron a s\u00ed mismos que, cuando se proponen cosas, las logran.<\/p><p>Lo que necesitan es recibir apoyo de sus organizaciones de base y que alguien les brinde las herramientas necesarias para repensar sus pr\u00e1cticas. Realmente fue un grupo y un seminario que dej\u00f3 como aporte significativo el concepto de luchar y construir esos sue\u00f1os que se tienen.&rdquo;<\/p><\/blockquote>","protected":false},"featured_media":0,"template":"","issues":[396,422,425],"companies":[],"regions":[152,284,254],"sectors":[],"article_tags":[511,522,533,536],"class_list":["post-147085","article","type-article","status-publish","hentry","issues-building-strong-unions","issues-human-trade-union-rights","issues-workers-rights","regions-america-latina-y-el-caribe","regions-el-salvador","regions-latin-america-and-the-caribbean","article_tags-industriall","article_tags-projects","article_tags-unemployment","article_tags-youth"],"acf":[],"yoast_head":"<!-- This site is optimized with the Yoast SEO Premium plugin v27.1 (Yoast SEO v27.1) - https:\/\/yoast.com\/product\/yoast-seo-premium-wordpress\/ -->\n<title>J\u00f3venes de El Salvador presentan planes de acci\u00f3n para aumentar la sindicalizaci\u00f3n - industriall-union<\/title>\n<meta name=\"description\" content=\"Los participantes se reunieron el 8 y 9 de setiembre para desarrollar el \u00faltimo seminario nacional del proyecto de IndustriALL Global Union y DGB\" \/>\n<meta name=\"robots\" content=\"index, follow, max-snippet:-1, max-image-preview:large, max-video-preview:-1\" \/>\n<link rel=\"canonical\" href=\"https:\/\/admin.industriall-union.org\/es\/jovenes-de-el-salvador-presentan-planes-de-accion-para-aumentar-la-sindicalizacion\/\" \/>\n<meta property=\"og:locale\" content=\"es_ES\" \/>\n<meta property=\"og:type\" content=\"article\" \/>\n<meta property=\"og:title\" content=\"J\u00f3venes de El Salvador presentan planes de acci\u00f3n para aumentar la sindicalizaci\u00f3n\" \/>\n<meta property=\"og:description\" content=\"Los participantes se reunieron el 8 y 9 de setiembre para desarrollar el \u00faltimo seminario nacional del proyecto de IndustriALL Global Union y DGB\" \/>\n<meta property=\"og:url\" content=\"https:\/\/admin.industriall-union.org\/es\/jovenes-de-el-salvador-presentan-planes-de-accion-para-aumentar-la-sindicalizacion\/\" \/>\n<meta property=\"og:site_name\" content=\"industriall-union\" \/>\n<meta property=\"article:modified_time\" content=\"2025-01-27T19:25:17+00:00\" \/>\n<meta name=\"twitter:card\" content=\"summary_large_image\" \/>\n<meta name=\"twitter:label1\" content=\"Est. reading time\" \/>\n\t<meta name=\"twitter:data1\" content=\"2 minutes\" \/>\n<script type=\"application\/ld+json\" class=\"yoast-schema-graph\">{\"@context\":\"https:\/\/schema.org\",\"@graph\":[{\"@type\":\"WebPage\",\"@id\":\"https:\/\/admin.industriall-union.org\/es\/jovenes-de-el-salvador-presentan-planes-de-accion-para-aumentar-la-sindicalizacion\/\",\"url\":\"https:\/\/admin.industriall-union.org\/es\/jovenes-de-el-salvador-presentan-planes-de-accion-para-aumentar-la-sindicalizacion\/\",\"name\":\"J\u00f3venes de El Salvador presentan planes de acci\u00f3n para aumentar la sindicalizaci\u00f3n - industriall-union\",\"isPartOf\":{\"@id\":\"https:\/\/admin.industriall-union.org\/#website\"},\"datePublished\":\"2023-09-12T12:32:45+00:00\",\"dateModified\":\"2025-01-27T19:25:17+00:00\",\"description\":\"Los participantes se reunieron el 8 y 9 de setiembre para desarrollar el \u00faltimo seminario nacional del proyecto de IndustriALL Global Union y DGB\",\"breadcrumb\":{\"@id\":\"https:\/\/admin.industriall-union.org\/es\/jovenes-de-el-salvador-presentan-planes-de-accion-para-aumentar-la-sindicalizacion\/#breadcrumb\"},\"inLanguage\":\"es-ES\",\"potentialAction\":[{\"@type\":\"ReadAction\",\"target\":[\"https:\/\/admin.industriall-union.org\/es\/jovenes-de-el-salvador-presentan-planes-de-accion-para-aumentar-la-sindicalizacion\/\"]}]},{\"@type\":\"BreadcrumbList\",\"@id\":\"https:\/\/admin.industriall-union.org\/es\/jovenes-de-el-salvador-presentan-planes-de-accion-para-aumentar-la-sindicalizacion\/#breadcrumb\",\"itemListElement\":[{\"@type\":\"ListItem\",\"position\":1,\"name\":\"Home\",\"item\":\"https:\/\/admin.industriall-union.org\/\"},{\"@type\":\"ListItem\",\"position\":2,\"name\":\"Articles\",\"item\":\"https:\/\/admin.industriall-union.org\/article\/\"},{\"@type\":\"ListItem\",\"position\":3,\"name\":\"J\u00f3venes de El Salvador presentan planes de acci\u00f3n para aumentar la sindicalizaci\u00f3n\"}]},{\"@type\":\"WebSite\",\"@id\":\"https:\/\/admin.industriall-union.org\/#website\",\"url\":\"https:\/\/admin.industriall-union.org\/\",\"name\":\"industriall-union\",\"description\":\"\",\"potentialAction\":[{\"@type\":\"SearchAction\",\"target\":{\"@type\":\"EntryPoint\",\"urlTemplate\":\"https:\/\/admin.industriall-union.org\/?s={search_term_string}\"},\"query-input\":{\"@type\":\"PropertyValueSpecification\",\"valueRequired\":true,\"valueName\":\"search_term_string\"}}],\"inLanguage\":\"es-ES\"}]}<\/script>\n<!-- \/ Yoast SEO Premium plugin. -->","yoast_head_json":{"title":"J\u00f3venes de El Salvador presentan planes de acci\u00f3n para aumentar la sindicalizaci\u00f3n - industriall-union","description":"Los participantes se reunieron el 8 y 9 de setiembre para desarrollar el \u00faltimo seminario nacional del proyecto de IndustriALL Global Union y DGB","robots":{"index":"index","follow":"follow","max-snippet":"max-snippet:-1","max-image-preview":"max-image-preview:large","max-video-preview":"max-video-preview:-1"},"canonical":"https:\/\/admin.industriall-union.org\/es\/jovenes-de-el-salvador-presentan-planes-de-accion-para-aumentar-la-sindicalizacion\/","og_locale":"es_ES","og_type":"article","og_title":"J\u00f3venes de El Salvador presentan planes de acci\u00f3n para aumentar la sindicalizaci\u00f3n","og_description":"Los participantes se reunieron el 8 y 9 de setiembre para desarrollar el \u00faltimo seminario nacional del proyecto de IndustriALL Global Union y DGB","og_url":"https:\/\/admin.industriall-union.org\/es\/jovenes-de-el-salvador-presentan-planes-de-accion-para-aumentar-la-sindicalizacion\/","og_site_name":"industriall-union","article_modified_time":"2025-01-27T19:25:17+00:00","twitter_card":"summary_large_image","twitter_misc":{"Est. reading time":"2 minutes"},"schema":{"@context":"https:\/\/schema.org","@graph":[{"@type":"WebPage","@id":"https:\/\/admin.industriall-union.org\/es\/jovenes-de-el-salvador-presentan-planes-de-accion-para-aumentar-la-sindicalizacion\/","url":"https:\/\/admin.industriall-union.org\/es\/jovenes-de-el-salvador-presentan-planes-de-accion-para-aumentar-la-sindicalizacion\/","name":"J\u00f3venes de El Salvador presentan planes de acci\u00f3n para aumentar la sindicalizaci\u00f3n - industriall-union","isPartOf":{"@id":"https:\/\/admin.industriall-union.org\/#website"},"datePublished":"2023-09-12T12:32:45+00:00","dateModified":"2025-01-27T19:25:17+00:00","description":"Los participantes se reunieron el 8 y 9 de setiembre para desarrollar el \u00faltimo seminario nacional del proyecto de IndustriALL Global Union y DGB","breadcrumb":{"@id":"https:\/\/admin.industriall-union.org\/es\/jovenes-de-el-salvador-presentan-planes-de-accion-para-aumentar-la-sindicalizacion\/#breadcrumb"},"inLanguage":"es-ES","potentialAction":[{"@type":"ReadAction","target":["https:\/\/admin.industriall-union.org\/es\/jovenes-de-el-salvador-presentan-planes-de-accion-para-aumentar-la-sindicalizacion\/"]}]},{"@type":"BreadcrumbList","@id":"https:\/\/admin.industriall-union.org\/es\/jovenes-de-el-salvador-presentan-planes-de-accion-para-aumentar-la-sindicalizacion\/#breadcrumb","itemListElement":[{"@type":"ListItem","position":1,"name":"Home","item":"https:\/\/admin.industriall-union.org\/"},{"@type":"ListItem","position":2,"name":"Articles","item":"https:\/\/admin.industriall-union.org\/article\/"},{"@type":"ListItem","position":3,"name":"J\u00f3venes de El Salvador presentan planes de acci\u00f3n para aumentar la sindicalizaci\u00f3n"}]},{"@type":"WebSite","@id":"https:\/\/admin.industriall-union.org\/#website","url":"https:\/\/admin.industriall-union.org\/","name":"industriall-union","description":"","potentialAction":[{"@type":"SearchAction","target":{"@type":"EntryPoint","urlTemplate":"https:\/\/admin.industriall-union.org\/?s={search_term_string}"},"query-input":{"@type":"PropertyValueSpecification","valueRequired":true,"valueName":"search_term_string"}}],"inLanguage":"es-ES"}]}},"_links":{"self":[{"href":"https:\/\/admin.industriall-union.org\/es\/wp-json\/wp\/v2\/article\/147085","targetHints":{"allow":["GET"]}}],"collection":[{"href":"https:\/\/admin.industriall-union.org\/es\/wp-json\/wp\/v2\/article"}],"about":[{"href":"https:\/\/admin.industriall-union.org\/es\/wp-json\/wp\/v2\/types\/article"}],"wp:attachment":[{"href":"https:\/\/admin.industriall-union.org\/es\/wp-json\/wp\/v2\/media?parent=147085"}],"wp:term":[{"taxonomy":"issues","embeddable":true,"href":"https:\/\/admin.industriall-union.org\/es\/wp-json\/wp\/v2\/issues?post=147085"},{"taxonomy":"companies","embeddable":true,"href":"https:\/\/admin.industriall-union.org\/es\/wp-json\/wp\/v2\/companies?post=147085"},{"taxonomy":"regions","embeddable":true,"href":"https:\/\/admin.industriall-union.org\/es\/wp-json\/wp\/v2\/regions?post=147085"},{"taxonomy":"sectors","embeddable":true,"href":"https:\/\/admin.industriall-union.org\/es\/wp-json\/wp\/v2\/sectors?post=147085"},{"taxonomy":"article_tags","embeddable":true,"href":"https:\/\/admin.industriall-union.org\/es\/wp-json\/wp\/v2\/article_tags?post=147085"}],"curies":[{"name":"wp","href":"https:\/\/api.w.org\/{rel}","templated":true}]}}