{"id":147007,"date":"2023-10-20T08:27:43","date_gmt":"2023-10-20T08:27:43","guid":{"rendered":"https:\/\/admin.industriall-union.org\/acciones-hacia-una-semana-laboral-de-cuatro-dias-para-la-industria-siderurgica\/"},"modified":"2025-01-27T18:38:48","modified_gmt":"2025-01-27T18:38:48","slug":"acciones-hacia-una-semana-laboral-de-cuatro-dias-para-la-industria-siderurgica","status":"publish","type":"article","link":"https:\/\/admin.industriall-union.org\/es\/acciones-hacia-una-semana-laboral-de-cuatro-dias-para-la-industria-siderurgica\/","title":{"rendered":"Acciones hacia una semana laboral de cuatro d\u00edas para la industria sider\u00fargica"},"content":{"rendered":"<p>La reducci\u00f3n de la jornada laboral ser\u00eda un primer paso hacia un r\u00e9gimen de semanas de cuatro d\u00edas, seg\u00fan IG Metall. Adem\u00e1s, se ampliar\u00e1n los convenios colectivos sobre trabajo a tiempo parcial para los trabajadores mayores, el uso de contratos de trabajo y la seguridad laboral para los m\u00e1s de 80.000 trabajadores.<\/p><p>Las demandas son el resultado de debates internos de IG Metall y una encuesta a m\u00e1s de 11.000 trabajadores.&nbsp;<\/p><p>Seg\u00fan esta encuesta, el 72&nbsp;% de los trabajadores declar\u00f3 que un aumento salarial era especialmente importante considerando que la alta inflaci\u00f3n contin\u00faa. El 75&nbsp;% de los trabajadores se\u00f1al\u00f3 que el tema de la reducci\u00f3n del tiempo de trabajo con una compensaci\u00f3n completa era bastante importante. El 65&nbsp;% de los trabajadores lo ven como un veh\u00edculo importante para asegurar puestos de trabajo.&nbsp;<\/p><p>Algunas de las principales razones para una reducci\u00f3n del tiempo de trabajo a 32 horas semanales con compensaci\u00f3n salarial son la necesidad de contar con seguridad laboral en tiempos de incertidumbre y de mantener los niveles de empleo en el sector sider\u00fargico, a su vez, se prev\u00e9 que las personas estar\u00e1n m\u00e1s sanas al momento de jubilarse, se lograr\u00e1 un mejor equilibrio entre la vida laboral y personal y aumentar\u00e1 el atractivo de la industria sider\u00fargica, que se ve afectada por la escasez de mano de obra calificada.&nbsp;<br \/>&nbsp;<br \/>Una semana de cuatro d\u00edas podr\u00eda ponerse en pr\u00e1ctica f\u00e1cilmente entre los trabajos no manuales de la industria sider\u00fargica, pero no entre aquellos que son manuales y trabajan por turnos. Por este motivo, los trabajadores sider\u00fargicos prefieren exigir una reducci\u00f3n del tiempo de trabajo con compensaci\u00f3n. Tambi\u00e9n se puede implementar una reducci\u00f3n semanal del tiempo de trabajo en los turnos de esta industria. Los modelos voluntarios ya implementados lo demuestran.<br \/>&nbsp;<br \/>Los empleadores han afirmado que una reducci\u00f3n del tiempo de trabajo con un aumento del salario completo disminuir\u00e1 la competitividad, que es demasiado costoso y que los modelos de turnos se ver\u00e1n alterados.<br \/>&nbsp;<br \/>&nbsp;Christine Olivier, secretaria general adjunta de IndustriALL, declar\u00f3:&nbsp;<\/p><blockquote><p>&ldquo;Reducir las horas de trabajo con una compensaci\u00f3n salarial completa no es simplemente un objetivo en s\u00ed mismo. Representa una distribuci\u00f3n m\u00e1s justa de la riqueza generada por el aumento de productividad en la industria impulsada por los trabajadores.<\/p><p>Durante mucho tiempo, la mayor parte de los beneficios del crecimiento de nuestra eficiencia ha quedado en manos de la c\u00faspide de las empresas, y se ha dejado de lado a aquellos que est\u00e1n en el coraz\u00f3n de la producci\u00f3n.<\/p><p>Es hora de nivelar el campo de juego y asegurar que nuestros trabajadores se beneficien directamente de estos avances ofreci\u00e9ndoles mejores condiciones de trabajo y una mejor calidad de vida.<\/p><\/blockquote><blockquote><p>El futuro de esta industria no se mide solo en cifras, sino en la forma en que valoramos y apoyamos a quienes la conforman todos los d\u00edas&rdquo;.<\/p><\/blockquote><p>La Comisi\u00f3n de Negociaci\u00f3n Colectiva de la industria sider\u00fargica del noroeste de Alemania tom\u00f3 la decisi\u00f3n de llevar adelante la demanda el 6 de septiembre, y la industria sider\u00fargica de Alemania Oriental la sigui\u00f3 al d\u00eda siguiente. La primera negociaci\u00f3n se llevar\u00e1 a cabo a mediados de noviembre.&nbsp;<\/p><p><em>Fuente de la foto: IG Metall<\/em><\/p>","protected":false},"featured_media":0,"template":"","issues":[],"companies":[],"regions":[219],"sectors":[481],"article_tags":[505],"class_list":["post-147007","article","type-article","status-publish","hentry","regions-germany","sectors-base-metals","article_tags-collective-bargaining"],"acf":[],"yoast_head":"<!-- This site is optimized with the Yoast SEO Premium plugin v27.1 (Yoast SEO v27.1) - https:\/\/yoast.com\/product\/yoast-seo-premium-wordpress\/ -->\n<title>Acciones hacia una semana laboral de cuatro d\u00edas para la industria sider\u00fargica - industriall-union<\/title>\n<meta name=\"description\" content=\"La reducci\u00f3n de la jornada laboral ser\u00eda un primer paso hacia un r\u00e9gimen de semanas de cuatro d\u00edas, seg\u00fan IG Metall. Adem\u00e1s, se ampliar\u00e1n los convenios\" \/>\n<meta name=\"robots\" content=\"index, follow, max-snippet:-1, max-image-preview:large, max-video-preview:-1\" \/>\n<link rel=\"canonical\" href=\"https:\/\/admin.industriall-union.org\/es\/acciones-hacia-una-semana-laboral-de-cuatro-dias-para-la-industria-siderurgica\/\" \/>\n<meta property=\"og:locale\" content=\"es_ES\" \/>\n<meta property=\"og:type\" content=\"article\" \/>\n<meta property=\"og:title\" content=\"Acciones hacia una semana laboral de cuatro d\u00edas para la industria sider\u00fargica\" \/>\n<meta property=\"og:description\" content=\"La reducci\u00f3n de la jornada laboral ser\u00eda un primer paso hacia un r\u00e9gimen de semanas de cuatro d\u00edas, seg\u00fan IG Metall. Adem\u00e1s, se ampliar\u00e1n los convenios\" \/>\n<meta property=\"og:url\" content=\"https:\/\/admin.industriall-union.org\/es\/acciones-hacia-una-semana-laboral-de-cuatro-dias-para-la-industria-siderurgica\/\" \/>\n<meta property=\"og:site_name\" content=\"industriall-union\" \/>\n<meta property=\"article:modified_time\" content=\"2025-01-27T18:38:48+00:00\" \/>\n<meta name=\"twitter:card\" content=\"summary_large_image\" \/>\n<meta name=\"twitter:label1\" content=\"Est. reading time\" \/>\n\t<meta name=\"twitter:data1\" content=\"3 minutes\" \/>\n<script type=\"application\/ld+json\" class=\"yoast-schema-graph\">{\"@context\":\"https:\/\/schema.org\",\"@graph\":[{\"@type\":\"WebPage\",\"@id\":\"https:\/\/admin.industriall-union.org\/es\/acciones-hacia-una-semana-laboral-de-cuatro-dias-para-la-industria-siderurgica\/\",\"url\":\"https:\/\/admin.industriall-union.org\/es\/acciones-hacia-una-semana-laboral-de-cuatro-dias-para-la-industria-siderurgica\/\",\"name\":\"Acciones hacia una semana laboral de cuatro d\u00edas para la industria sider\u00fargica - industriall-union\",\"isPartOf\":{\"@id\":\"https:\/\/admin.industriall-union.org\/#website\"},\"datePublished\":\"2023-10-20T08:27:43+00:00\",\"dateModified\":\"2025-01-27T18:38:48+00:00\",\"description\":\"La reducci\u00f3n de la jornada laboral ser\u00eda un primer paso hacia un r\u00e9gimen de semanas de cuatro d\u00edas, seg\u00fan IG Metall. Adem\u00e1s, se ampliar\u00e1n los convenios\",\"breadcrumb\":{\"@id\":\"https:\/\/admin.industriall-union.org\/es\/acciones-hacia-una-semana-laboral-de-cuatro-dias-para-la-industria-siderurgica\/#breadcrumb\"},\"inLanguage\":\"es-ES\",\"potentialAction\":[{\"@type\":\"ReadAction\",\"target\":[\"https:\/\/admin.industriall-union.org\/es\/acciones-hacia-una-semana-laboral-de-cuatro-dias-para-la-industria-siderurgica\/\"]}]},{\"@type\":\"BreadcrumbList\",\"@id\":\"https:\/\/admin.industriall-union.org\/es\/acciones-hacia-una-semana-laboral-de-cuatro-dias-para-la-industria-siderurgica\/#breadcrumb\",\"itemListElement\":[{\"@type\":\"ListItem\",\"position\":1,\"name\":\"Home\",\"item\":\"https:\/\/admin.industriall-union.org\/\"},{\"@type\":\"ListItem\",\"position\":2,\"name\":\"Articles\",\"item\":\"https:\/\/admin.industriall-union.org\/article\/\"},{\"@type\":\"ListItem\",\"position\":3,\"name\":\"Acciones hacia una semana laboral de cuatro d\u00edas para la industria sider\u00fargica\"}]},{\"@type\":\"WebSite\",\"@id\":\"https:\/\/admin.industriall-union.org\/#website\",\"url\":\"https:\/\/admin.industriall-union.org\/\",\"name\":\"industriall-union\",\"description\":\"\",\"potentialAction\":[{\"@type\":\"SearchAction\",\"target\":{\"@type\":\"EntryPoint\",\"urlTemplate\":\"https:\/\/admin.industriall-union.org\/?s={search_term_string}\"},\"query-input\":{\"@type\":\"PropertyValueSpecification\",\"valueRequired\":true,\"valueName\":\"search_term_string\"}}],\"inLanguage\":\"es-ES\"}]}<\/script>\n<!-- \/ Yoast SEO Premium plugin. -->","yoast_head_json":{"title":"Acciones hacia una semana laboral de cuatro d\u00edas para la industria sider\u00fargica - industriall-union","description":"La reducci\u00f3n de la jornada laboral ser\u00eda un primer paso hacia un r\u00e9gimen de semanas de cuatro d\u00edas, seg\u00fan IG Metall. Adem\u00e1s, se ampliar\u00e1n los convenios","robots":{"index":"index","follow":"follow","max-snippet":"max-snippet:-1","max-image-preview":"max-image-preview:large","max-video-preview":"max-video-preview:-1"},"canonical":"https:\/\/admin.industriall-union.org\/es\/acciones-hacia-una-semana-laboral-de-cuatro-dias-para-la-industria-siderurgica\/","og_locale":"es_ES","og_type":"article","og_title":"Acciones hacia una semana laboral de cuatro d\u00edas para la industria sider\u00fargica","og_description":"La reducci\u00f3n de la jornada laboral ser\u00eda un primer paso hacia un r\u00e9gimen de semanas de cuatro d\u00edas, seg\u00fan IG Metall. Adem\u00e1s, se ampliar\u00e1n los convenios","og_url":"https:\/\/admin.industriall-union.org\/es\/acciones-hacia-una-semana-laboral-de-cuatro-dias-para-la-industria-siderurgica\/","og_site_name":"industriall-union","article_modified_time":"2025-01-27T18:38:48+00:00","twitter_card":"summary_large_image","twitter_misc":{"Est. reading time":"3 minutes"},"schema":{"@context":"https:\/\/schema.org","@graph":[{"@type":"WebPage","@id":"https:\/\/admin.industriall-union.org\/es\/acciones-hacia-una-semana-laboral-de-cuatro-dias-para-la-industria-siderurgica\/","url":"https:\/\/admin.industriall-union.org\/es\/acciones-hacia-una-semana-laboral-de-cuatro-dias-para-la-industria-siderurgica\/","name":"Acciones hacia una semana laboral de cuatro d\u00edas para la industria sider\u00fargica - industriall-union","isPartOf":{"@id":"https:\/\/admin.industriall-union.org\/#website"},"datePublished":"2023-10-20T08:27:43+00:00","dateModified":"2025-01-27T18:38:48+00:00","description":"La reducci\u00f3n de la jornada laboral ser\u00eda un primer paso hacia un r\u00e9gimen de semanas de cuatro d\u00edas, seg\u00fan IG Metall. Adem\u00e1s, se ampliar\u00e1n los convenios","breadcrumb":{"@id":"https:\/\/admin.industriall-union.org\/es\/acciones-hacia-una-semana-laboral-de-cuatro-dias-para-la-industria-siderurgica\/#breadcrumb"},"inLanguage":"es-ES","potentialAction":[{"@type":"ReadAction","target":["https:\/\/admin.industriall-union.org\/es\/acciones-hacia-una-semana-laboral-de-cuatro-dias-para-la-industria-siderurgica\/"]}]},{"@type":"BreadcrumbList","@id":"https:\/\/admin.industriall-union.org\/es\/acciones-hacia-una-semana-laboral-de-cuatro-dias-para-la-industria-siderurgica\/#breadcrumb","itemListElement":[{"@type":"ListItem","position":1,"name":"Home","item":"https:\/\/admin.industriall-union.org\/"},{"@type":"ListItem","position":2,"name":"Articles","item":"https:\/\/admin.industriall-union.org\/article\/"},{"@type":"ListItem","position":3,"name":"Acciones hacia una semana laboral de cuatro d\u00edas para la industria sider\u00fargica"}]},{"@type":"WebSite","@id":"https:\/\/admin.industriall-union.org\/#website","url":"https:\/\/admin.industriall-union.org\/","name":"industriall-union","description":"","potentialAction":[{"@type":"SearchAction","target":{"@type":"EntryPoint","urlTemplate":"https:\/\/admin.industriall-union.org\/?s={search_term_string}"},"query-input":{"@type":"PropertyValueSpecification","valueRequired":true,"valueName":"search_term_string"}}],"inLanguage":"es-ES"}]}},"_links":{"self":[{"href":"https:\/\/admin.industriall-union.org\/es\/wp-json\/wp\/v2\/article\/147007","targetHints":{"allow":["GET"]}}],"collection":[{"href":"https:\/\/admin.industriall-union.org\/es\/wp-json\/wp\/v2\/article"}],"about":[{"href":"https:\/\/admin.industriall-union.org\/es\/wp-json\/wp\/v2\/types\/article"}],"wp:attachment":[{"href":"https:\/\/admin.industriall-union.org\/es\/wp-json\/wp\/v2\/media?parent=147007"}],"wp:term":[{"taxonomy":"issues","embeddable":true,"href":"https:\/\/admin.industriall-union.org\/es\/wp-json\/wp\/v2\/issues?post=147007"},{"taxonomy":"companies","embeddable":true,"href":"https:\/\/admin.industriall-union.org\/es\/wp-json\/wp\/v2\/companies?post=147007"},{"taxonomy":"regions","embeddable":true,"href":"https:\/\/admin.industriall-union.org\/es\/wp-json\/wp\/v2\/regions?post=147007"},{"taxonomy":"sectors","embeddable":true,"href":"https:\/\/admin.industriall-union.org\/es\/wp-json\/wp\/v2\/sectors?post=147007"},{"taxonomy":"article_tags","embeddable":true,"href":"https:\/\/admin.industriall-union.org\/es\/wp-json\/wp\/v2\/article_tags?post=147007"}],"curies":[{"name":"wp","href":"https:\/\/api.w.org\/{rel}","templated":true}]}}