{"id":146950,"date":"2023-10-27T14:53:43","date_gmt":"2023-10-27T14:53:43","guid":{"rendered":"https:\/\/admin.industriall-union.org\/industriall-impulsa-nuevo-proyecto-para-jovenes-en-mexico\/"},"modified":"2025-01-27T18:34:35","modified_gmt":"2025-01-27T18:34:35","slug":"industriall-impulsa-nuevo-proyecto-para-jovenes-en-mexico","status":"publish","type":"article","link":"https:\/\/admin.industriall-union.org\/es\/industriall-impulsa-nuevo-proyecto-para-jovenes-en-mexico\/","title":{"rendered":"IndustriALL impulsa nuevo proyecto para j\u00f3venes en M\u00e9xico"},"content":{"rendered":"<p>Un nuevo grupo de trabajadores j\u00f3venes de los sindicatos SME y Los Mineros (afiliados a IndustriALL Global Union) y del sindicato independiente SITIAVW realiz\u00f3 una actividad con miras a favorecer su educaci\u00f3n sindical y brindarles un espacio para que compartan sus experiencias y conocimientos, el 12 y 13 de octubre.<\/p><p>Durante las dos jornadas del encuentro, los participantes conocieron los objetivos del proyecto que se est\u00e1 ejecutando, indagaron sobre la importancia de los sindicatos y respecto a cu\u00e1les son los desaf\u00edos para los trabajadores j\u00f3venes, especialmente quienes integran al movimiento sindical.<\/p><p>Los j\u00f3venes tambi\u00e9n trabajaron en borradores de Planes de acci\u00f3n sindicales (PAS). El objetivo es que cada joven logre conocer qu\u00e9 es el PAS, y lo oriente a crear una pol\u00edtica de la juventud que tambi\u00e9n promueva la equidad de g\u00e9nero.<\/p><p>Los participantes presentaron ideas de PAS que buscar\u00e1n implementar. IndustriALL incentiva a que cada PAS se convierta en una herramienta capaz de permitirles a los j\u00f3venes lograr sus objetivos e intervenir en la agenda pol\u00edtica.<\/p><p>Finalmente, la asesora de IndustriALL a nivel regional y responsable de los proyectos de j\u00f3venes en Am\u00e9rica Latina y el Caribe, Julieta Avalos Abusharekh, dijo:<\/p><blockquote><p>&ldquo;Los j\u00f3venes compartieron los d\u00edas del evento en un clima de mucho compa\u00f1erismo y respeto. Abordaron el concepto de sindicato, adem\u00e1s de indagar en los desaf\u00edos a enfrentar como clase y como j\u00f3venes.<\/p><p>Evidentemente, los proyectos que favorecen la educaci\u00f3n sindical de los trabajadores j\u00f3venes son un acierto para el movimiento sindical, si logran que los j\u00f3venes compartan sus experiencias y conocimientos.&rdquo;<\/p><\/blockquote>","protected":false},"featured_media":0,"template":"","issues":[425],"companies":[],"regions":[152,254,275],"sectors":[],"article_tags":[511,522,536],"class_list":["post-146950","article","type-article","status-publish","hentry","issues-workers-rights","regions-america-latina-y-el-caribe","regions-latin-america-and-the-caribbean","regions-mexico","article_tags-industriall","article_tags-projects","article_tags-youth"],"acf":[],"yoast_head":"<!-- This site is optimized with the Yoast SEO Premium plugin v27.1 (Yoast SEO v27.1) - https:\/\/yoast.com\/product\/yoast-seo-premium-wordpress\/ -->\n<title>IndustriALL impulsa nuevo proyecto para j\u00f3venes en M\u00e9xico - industriall-union<\/title>\n<meta name=\"description\" content=\"Un nuevo grupo de trabajadores j\u00f3venes de los sindicatos SME y Los Mineros (afiliados a IndustriALL Global Union) y del sindicato independiente SITIAVW\" \/>\n<meta name=\"robots\" content=\"index, follow, max-snippet:-1, max-image-preview:large, max-video-preview:-1\" \/>\n<link rel=\"canonical\" href=\"https:\/\/admin.industriall-union.org\/es\/industriall-impulsa-nuevo-proyecto-para-jovenes-en-mexico\/\" \/>\n<meta property=\"og:locale\" content=\"es_ES\" \/>\n<meta property=\"og:type\" content=\"article\" \/>\n<meta property=\"og:title\" content=\"IndustriALL impulsa nuevo proyecto para j\u00f3venes en M\u00e9xico\" \/>\n<meta property=\"og:description\" content=\"Un nuevo grupo de trabajadores j\u00f3venes de los sindicatos SME y Los Mineros (afiliados a IndustriALL Global Union) y del sindicato independiente SITIAVW\" \/>\n<meta property=\"og:url\" content=\"https:\/\/admin.industriall-union.org\/es\/industriall-impulsa-nuevo-proyecto-para-jovenes-en-mexico\/\" \/>\n<meta property=\"og:site_name\" content=\"industriall-union\" \/>\n<meta property=\"article:modified_time\" content=\"2025-01-27T18:34:35+00:00\" \/>\n<meta name=\"twitter:card\" content=\"summary_large_image\" \/>\n<meta name=\"twitter:label1\" content=\"Est. reading time\" \/>\n\t<meta name=\"twitter:data1\" content=\"1 minute\" \/>\n<script type=\"application\/ld+json\" class=\"yoast-schema-graph\">{\"@context\":\"https:\/\/schema.org\",\"@graph\":[{\"@type\":\"WebPage\",\"@id\":\"https:\/\/admin.industriall-union.org\/es\/industriall-impulsa-nuevo-proyecto-para-jovenes-en-mexico\/\",\"url\":\"https:\/\/admin.industriall-union.org\/es\/industriall-impulsa-nuevo-proyecto-para-jovenes-en-mexico\/\",\"name\":\"IndustriALL impulsa nuevo proyecto para j\u00f3venes en M\u00e9xico - industriall-union\",\"isPartOf\":{\"@id\":\"https:\/\/admin.industriall-union.org\/#website\"},\"datePublished\":\"2023-10-27T14:53:43+00:00\",\"dateModified\":\"2025-01-27T18:34:35+00:00\",\"description\":\"Un nuevo grupo de trabajadores j\u00f3venes de los sindicatos SME y Los Mineros (afiliados a IndustriALL Global Union) y del sindicato independiente SITIAVW\",\"breadcrumb\":{\"@id\":\"https:\/\/admin.industriall-union.org\/es\/industriall-impulsa-nuevo-proyecto-para-jovenes-en-mexico\/#breadcrumb\"},\"inLanguage\":\"es-ES\",\"potentialAction\":[{\"@type\":\"ReadAction\",\"target\":[\"https:\/\/admin.industriall-union.org\/es\/industriall-impulsa-nuevo-proyecto-para-jovenes-en-mexico\/\"]}]},{\"@type\":\"BreadcrumbList\",\"@id\":\"https:\/\/admin.industriall-union.org\/es\/industriall-impulsa-nuevo-proyecto-para-jovenes-en-mexico\/#breadcrumb\",\"itemListElement\":[{\"@type\":\"ListItem\",\"position\":1,\"name\":\"Home\",\"item\":\"https:\/\/admin.industriall-union.org\/\"},{\"@type\":\"ListItem\",\"position\":2,\"name\":\"Articles\",\"item\":\"https:\/\/admin.industriall-union.org\/article\/\"},{\"@type\":\"ListItem\",\"position\":3,\"name\":\"IndustriALL impulsa nuevo proyecto para j\u00f3venes en M\u00e9xico\"}]},{\"@type\":\"WebSite\",\"@id\":\"https:\/\/admin.industriall-union.org\/#website\",\"url\":\"https:\/\/admin.industriall-union.org\/\",\"name\":\"industriall-union\",\"description\":\"\",\"potentialAction\":[{\"@type\":\"SearchAction\",\"target\":{\"@type\":\"EntryPoint\",\"urlTemplate\":\"https:\/\/admin.industriall-union.org\/?s={search_term_string}\"},\"query-input\":{\"@type\":\"PropertyValueSpecification\",\"valueRequired\":true,\"valueName\":\"search_term_string\"}}],\"inLanguage\":\"es-ES\"}]}<\/script>\n<!-- \/ Yoast SEO Premium plugin. -->","yoast_head_json":{"title":"IndustriALL impulsa nuevo proyecto para j\u00f3venes en M\u00e9xico - industriall-union","description":"Un nuevo grupo de trabajadores j\u00f3venes de los sindicatos SME y Los Mineros (afiliados a IndustriALL Global Union) y del sindicato independiente SITIAVW","robots":{"index":"index","follow":"follow","max-snippet":"max-snippet:-1","max-image-preview":"max-image-preview:large","max-video-preview":"max-video-preview:-1"},"canonical":"https:\/\/admin.industriall-union.org\/es\/industriall-impulsa-nuevo-proyecto-para-jovenes-en-mexico\/","og_locale":"es_ES","og_type":"article","og_title":"IndustriALL impulsa nuevo proyecto para j\u00f3venes en M\u00e9xico","og_description":"Un nuevo grupo de trabajadores j\u00f3venes de los sindicatos SME y Los Mineros (afiliados a IndustriALL Global Union) y del sindicato independiente SITIAVW","og_url":"https:\/\/admin.industriall-union.org\/es\/industriall-impulsa-nuevo-proyecto-para-jovenes-en-mexico\/","og_site_name":"industriall-union","article_modified_time":"2025-01-27T18:34:35+00:00","twitter_card":"summary_large_image","twitter_misc":{"Est. reading time":"1 minute"},"schema":{"@context":"https:\/\/schema.org","@graph":[{"@type":"WebPage","@id":"https:\/\/admin.industriall-union.org\/es\/industriall-impulsa-nuevo-proyecto-para-jovenes-en-mexico\/","url":"https:\/\/admin.industriall-union.org\/es\/industriall-impulsa-nuevo-proyecto-para-jovenes-en-mexico\/","name":"IndustriALL impulsa nuevo proyecto para j\u00f3venes en M\u00e9xico - industriall-union","isPartOf":{"@id":"https:\/\/admin.industriall-union.org\/#website"},"datePublished":"2023-10-27T14:53:43+00:00","dateModified":"2025-01-27T18:34:35+00:00","description":"Un nuevo grupo de trabajadores j\u00f3venes de los sindicatos SME y Los Mineros (afiliados a IndustriALL Global Union) y del sindicato independiente SITIAVW","breadcrumb":{"@id":"https:\/\/admin.industriall-union.org\/es\/industriall-impulsa-nuevo-proyecto-para-jovenes-en-mexico\/#breadcrumb"},"inLanguage":"es-ES","potentialAction":[{"@type":"ReadAction","target":["https:\/\/admin.industriall-union.org\/es\/industriall-impulsa-nuevo-proyecto-para-jovenes-en-mexico\/"]}]},{"@type":"BreadcrumbList","@id":"https:\/\/admin.industriall-union.org\/es\/industriall-impulsa-nuevo-proyecto-para-jovenes-en-mexico\/#breadcrumb","itemListElement":[{"@type":"ListItem","position":1,"name":"Home","item":"https:\/\/admin.industriall-union.org\/"},{"@type":"ListItem","position":2,"name":"Articles","item":"https:\/\/admin.industriall-union.org\/article\/"},{"@type":"ListItem","position":3,"name":"IndustriALL impulsa nuevo proyecto para j\u00f3venes en M\u00e9xico"}]},{"@type":"WebSite","@id":"https:\/\/admin.industriall-union.org\/#website","url":"https:\/\/admin.industriall-union.org\/","name":"industriall-union","description":"","potentialAction":[{"@type":"SearchAction","target":{"@type":"EntryPoint","urlTemplate":"https:\/\/admin.industriall-union.org\/?s={search_term_string}"},"query-input":{"@type":"PropertyValueSpecification","valueRequired":true,"valueName":"search_term_string"}}],"inLanguage":"es-ES"}]}},"_links":{"self":[{"href":"https:\/\/admin.industriall-union.org\/es\/wp-json\/wp\/v2\/article\/146950","targetHints":{"allow":["GET"]}}],"collection":[{"href":"https:\/\/admin.industriall-union.org\/es\/wp-json\/wp\/v2\/article"}],"about":[{"href":"https:\/\/admin.industriall-union.org\/es\/wp-json\/wp\/v2\/types\/article"}],"wp:attachment":[{"href":"https:\/\/admin.industriall-union.org\/es\/wp-json\/wp\/v2\/media?parent=146950"}],"wp:term":[{"taxonomy":"issues","embeddable":true,"href":"https:\/\/admin.industriall-union.org\/es\/wp-json\/wp\/v2\/issues?post=146950"},{"taxonomy":"companies","embeddable":true,"href":"https:\/\/admin.industriall-union.org\/es\/wp-json\/wp\/v2\/companies?post=146950"},{"taxonomy":"regions","embeddable":true,"href":"https:\/\/admin.industriall-union.org\/es\/wp-json\/wp\/v2\/regions?post=146950"},{"taxonomy":"sectors","embeddable":true,"href":"https:\/\/admin.industriall-union.org\/es\/wp-json\/wp\/v2\/sectors?post=146950"},{"taxonomy":"article_tags","embeddable":true,"href":"https:\/\/admin.industriall-union.org\/es\/wp-json\/wp\/v2\/article_tags?post=146950"}],"curies":[{"name":"wp","href":"https:\/\/api.w.org\/{rel}","templated":true}]}}