{"id":146787,"date":"2023-12-12T07:10:48","date_gmt":"2023-12-12T07:10:48","guid":{"rendered":"https:\/\/admin.industriall-union.org\/filipinas-ratifica-el-convenio-190-de-la-oit\/"},"modified":"2025-01-27T17:50:06","modified_gmt":"2025-01-27T17:50:06","slug":"filipinas-ratifica-el-convenio-190-de-la-oit","status":"publish","type":"article","link":"https:\/\/admin.industriall-union.org\/es\/filipinas-ratifica-el-convenio-190-de-la-oit\/","title":{"rendered":"Filipinas ratifica el Convenio 190 de la OIT"},"content":{"rendered":"<p>La campa\u00f1a de las sindicalistas filipinas de IndustriALL surgi\u00f3 del compromiso global de IndustriALL de 2017 contra la violencia y el acoso en los lugares de trabajo y los sindicatos. Esta campa\u00f1a exitosa incluy\u00f3 la ampliaci\u00f3n de la licencia de maternidad de 65 a 105 d\u00edas, durante la cual tambi\u00e9n se garantiza el pago completo del salario.<\/p><p>Despu\u00e9s de la adopci\u00f3n del Convenio 190 y la Recomendaci\u00f3n 206 de la OIT en la Conferencia Internacional del Trabajo de 2019, los afiliados filipinos de IndustriALL basaron su campa\u00f1a de ratificaci\u00f3n en los informes de incidencia, las formas y la gravedad de la violencia y el acoso, las lagunas en las leyes filipinas espec\u00edficas sobre mujeres y otras leyes relacionadas, y la agenda de prioridades del Gobierno.<\/p><p>En 2022, la Polic\u00eda Nacional de Filipinas inform\u00f3 de 16.158 casos de violencia contra las mujeres, frente a 12.492 casos registrados en 2021 y 15.828 en 2020.<\/p><p>Se ejerci\u00f3 presi\u00f3n por medio de cartas y reuniones con l\u00edderes gubernamentales, senadores y representantes de la c\u00e1mara. Se redact\u00f3 un documento para explicitar la posici\u00f3n respecto al Convenio 190 y se distribuyeron materiales educativos a nivel nacional. La campa\u00f1a a favor del Convenio 190 se integr\u00f3 a trav\u00e9s de la celebraci\u00f3n del D\u00eda del Trabajo, la actividad del D\u00eda Mundial por un Mundo Decente y el D\u00eda Internacional de la Juventud.<\/p><blockquote><p>&ldquo;Se debe reconocer que el presidente Marcos y los senadores dieron prioridad a la dignidad humana y la protecci\u00f3n de las personas en riesgo, y se comprometieron a mejorar las leyes, normas y programas vigentes para ponerle fin a la violencia y el acoso. Adem\u00e1s, se pusieron a disposici\u00f3n para rendir cuentas en relaci\u00f3n con la aplicaci\u00f3n del Convenio&rdquo;,<\/p><\/blockquote><p>expres\u00f3 Eva Arcos, integrante del Comit\u00e9 Ejecutivo de IndustriALL Global y Asia-Pac\u00edfico y vicepresidenta nacional de la Asociaci\u00f3n de Sindicatos (ALU).<\/p><p>Arcos espera que la ratificaci\u00f3n del Convenio 190 en el pa\u00eds impulse su posici\u00f3n a nivel internacional con respecto a la protecci\u00f3n de los trabajadores, y considera que la decisi\u00f3n brindar\u00e1 empleo decente y digno, especialmente a las personas vulnerables al abuso, la negligencia, la crueldad, la explotaci\u00f3n y la discriminaci\u00f3n.<\/p><blockquote><p>&ldquo;Esto marcar\u00e1 otro hito para Filipinas al ser el primer pa\u00eds de Asia en ratificar este Convenio, que protege a nuestras trabajadoras y trabajadores por igual contra la violencia y el acoso en el mundo laboral&rdquo;,<\/p><\/blockquote><p>se\u00f1al\u00f3 Alma Certeza, copresidenta de CLASS e IndustriALL Filipinas.<\/p><blockquote><p>&ldquo;El papel de los afiliados de IndustriALL y de las sindicalistas ha sido fundamental para garantizar la ratificaci\u00f3n, que implica una victoria para todos los trabajadores y, en particular, para las trabajadoras, que se ven afectadas de manera desproporcionada por la violencia de g\u00e9nero.<\/p><p>El Convenio reconoce el papel central a la negociaci\u00f3n colectiva en la lucha contra la violencia y el acoso en el lugar de trabajo y otorga a los sindicatos de Filipinas medios de acci\u00f3n adicionales para garantizar que se respete el derecho de los trabajadores a un entorno libre de todas las formas de violencia y acoso&rdquo;,<\/p><\/blockquote><p>declar\u00f3 Armelle Seby, directora de g\u00e9nero de IndustriALL.<\/p>","protected":false},"featured_media":0,"template":"","issues":[422,398,397,425],"companies":[],"regions":[184],"sectors":[],"article_tags":[],"class_list":["post-146787","article","type-article","status-publish","hentry","issues-human-trade-union-rights","issues-union-win","issues-women","issues-workers-rights","regions-philippines"],"acf":[],"yoast_head":"<!-- This site is optimized with the Yoast SEO Premium plugin v27.1 (Yoast SEO v27.1) - https:\/\/yoast.com\/product\/yoast-seo-premium-wordpress\/ -->\n<title>Filipinas ratifica el Convenio 190 de la OIT - industriall-union<\/title>\n<meta name=\"description\" content=\"La campa\u00f1a de las sindicalistas filipinas de IndustriALL surgi\u00f3 del compromiso global de IndustriALL de 2017 contra la violencia y el acoso en los lugares\" \/>\n<meta name=\"robots\" content=\"index, follow, max-snippet:-1, max-image-preview:large, max-video-preview:-1\" \/>\n<link rel=\"canonical\" href=\"https:\/\/admin.industriall-union.org\/es\/filipinas-ratifica-el-convenio-190-de-la-oit\/\" \/>\n<meta property=\"og:locale\" content=\"es_ES\" \/>\n<meta property=\"og:type\" content=\"article\" \/>\n<meta property=\"og:title\" content=\"Filipinas ratifica el Convenio 190 de la OIT\" \/>\n<meta property=\"og:description\" content=\"La campa\u00f1a de las sindicalistas filipinas de IndustriALL surgi\u00f3 del compromiso global de IndustriALL de 2017 contra la violencia y el acoso en los lugares\" \/>\n<meta property=\"og:url\" content=\"https:\/\/admin.industriall-union.org\/es\/filipinas-ratifica-el-convenio-190-de-la-oit\/\" \/>\n<meta property=\"og:site_name\" content=\"industriall-union\" \/>\n<meta property=\"article:modified_time\" content=\"2025-01-27T17:50:06+00:00\" \/>\n<meta name=\"twitter:card\" content=\"summary_large_image\" \/>\n<meta name=\"twitter:label1\" content=\"Est. reading time\" \/>\n\t<meta name=\"twitter:data1\" content=\"3 minutes\" \/>\n<script type=\"application\/ld+json\" class=\"yoast-schema-graph\">{\"@context\":\"https:\/\/schema.org\",\"@graph\":[{\"@type\":\"WebPage\",\"@id\":\"https:\/\/admin.industriall-union.org\/es\/filipinas-ratifica-el-convenio-190-de-la-oit\/\",\"url\":\"https:\/\/admin.industriall-union.org\/es\/filipinas-ratifica-el-convenio-190-de-la-oit\/\",\"name\":\"Filipinas ratifica el Convenio 190 de la OIT - industriall-union\",\"isPartOf\":{\"@id\":\"https:\/\/admin.industriall-union.org\/#website\"},\"datePublished\":\"2023-12-12T07:10:48+00:00\",\"dateModified\":\"2025-01-27T17:50:06+00:00\",\"description\":\"La campa\u00f1a de las sindicalistas filipinas de IndustriALL surgi\u00f3 del compromiso global de IndustriALL de 2017 contra la violencia y el acoso en los lugares\",\"breadcrumb\":{\"@id\":\"https:\/\/admin.industriall-union.org\/es\/filipinas-ratifica-el-convenio-190-de-la-oit\/#breadcrumb\"},\"inLanguage\":\"es-ES\",\"potentialAction\":[{\"@type\":\"ReadAction\",\"target\":[\"https:\/\/admin.industriall-union.org\/es\/filipinas-ratifica-el-convenio-190-de-la-oit\/\"]}]},{\"@type\":\"BreadcrumbList\",\"@id\":\"https:\/\/admin.industriall-union.org\/es\/filipinas-ratifica-el-convenio-190-de-la-oit\/#breadcrumb\",\"itemListElement\":[{\"@type\":\"ListItem\",\"position\":1,\"name\":\"Home\",\"item\":\"https:\/\/admin.industriall-union.org\/\"},{\"@type\":\"ListItem\",\"position\":2,\"name\":\"Articles\",\"item\":\"https:\/\/admin.industriall-union.org\/article\/\"},{\"@type\":\"ListItem\",\"position\":3,\"name\":\"Filipinas ratifica el Convenio 190 de la OIT\"}]},{\"@type\":\"WebSite\",\"@id\":\"https:\/\/admin.industriall-union.org\/#website\",\"url\":\"https:\/\/admin.industriall-union.org\/\",\"name\":\"industriall-union\",\"description\":\"\",\"potentialAction\":[{\"@type\":\"SearchAction\",\"target\":{\"@type\":\"EntryPoint\",\"urlTemplate\":\"https:\/\/admin.industriall-union.org\/?s={search_term_string}\"},\"query-input\":{\"@type\":\"PropertyValueSpecification\",\"valueRequired\":true,\"valueName\":\"search_term_string\"}}],\"inLanguage\":\"es-ES\"}]}<\/script>\n<!-- \/ Yoast SEO Premium plugin. -->","yoast_head_json":{"title":"Filipinas ratifica el Convenio 190 de la OIT - industriall-union","description":"La campa\u00f1a de las sindicalistas filipinas de IndustriALL surgi\u00f3 del compromiso global de IndustriALL de 2017 contra la violencia y el acoso en los lugares","robots":{"index":"index","follow":"follow","max-snippet":"max-snippet:-1","max-image-preview":"max-image-preview:large","max-video-preview":"max-video-preview:-1"},"canonical":"https:\/\/admin.industriall-union.org\/es\/filipinas-ratifica-el-convenio-190-de-la-oit\/","og_locale":"es_ES","og_type":"article","og_title":"Filipinas ratifica el Convenio 190 de la OIT","og_description":"La campa\u00f1a de las sindicalistas filipinas de IndustriALL surgi\u00f3 del compromiso global de IndustriALL de 2017 contra la violencia y el acoso en los lugares","og_url":"https:\/\/admin.industriall-union.org\/es\/filipinas-ratifica-el-convenio-190-de-la-oit\/","og_site_name":"industriall-union","article_modified_time":"2025-01-27T17:50:06+00:00","twitter_card":"summary_large_image","twitter_misc":{"Est. reading time":"3 minutes"},"schema":{"@context":"https:\/\/schema.org","@graph":[{"@type":"WebPage","@id":"https:\/\/admin.industriall-union.org\/es\/filipinas-ratifica-el-convenio-190-de-la-oit\/","url":"https:\/\/admin.industriall-union.org\/es\/filipinas-ratifica-el-convenio-190-de-la-oit\/","name":"Filipinas ratifica el Convenio 190 de la OIT - industriall-union","isPartOf":{"@id":"https:\/\/admin.industriall-union.org\/#website"},"datePublished":"2023-12-12T07:10:48+00:00","dateModified":"2025-01-27T17:50:06+00:00","description":"La campa\u00f1a de las sindicalistas filipinas de IndustriALL surgi\u00f3 del compromiso global de IndustriALL de 2017 contra la violencia y el acoso en los lugares","breadcrumb":{"@id":"https:\/\/admin.industriall-union.org\/es\/filipinas-ratifica-el-convenio-190-de-la-oit\/#breadcrumb"},"inLanguage":"es-ES","potentialAction":[{"@type":"ReadAction","target":["https:\/\/admin.industriall-union.org\/es\/filipinas-ratifica-el-convenio-190-de-la-oit\/"]}]},{"@type":"BreadcrumbList","@id":"https:\/\/admin.industriall-union.org\/es\/filipinas-ratifica-el-convenio-190-de-la-oit\/#breadcrumb","itemListElement":[{"@type":"ListItem","position":1,"name":"Home","item":"https:\/\/admin.industriall-union.org\/"},{"@type":"ListItem","position":2,"name":"Articles","item":"https:\/\/admin.industriall-union.org\/article\/"},{"@type":"ListItem","position":3,"name":"Filipinas ratifica el Convenio 190 de la OIT"}]},{"@type":"WebSite","@id":"https:\/\/admin.industriall-union.org\/#website","url":"https:\/\/admin.industriall-union.org\/","name":"industriall-union","description":"","potentialAction":[{"@type":"SearchAction","target":{"@type":"EntryPoint","urlTemplate":"https:\/\/admin.industriall-union.org\/?s={search_term_string}"},"query-input":{"@type":"PropertyValueSpecification","valueRequired":true,"valueName":"search_term_string"}}],"inLanguage":"es-ES"}]}},"_links":{"self":[{"href":"https:\/\/admin.industriall-union.org\/es\/wp-json\/wp\/v2\/article\/146787","targetHints":{"allow":["GET"]}}],"collection":[{"href":"https:\/\/admin.industriall-union.org\/es\/wp-json\/wp\/v2\/article"}],"about":[{"href":"https:\/\/admin.industriall-union.org\/es\/wp-json\/wp\/v2\/types\/article"}],"wp:attachment":[{"href":"https:\/\/admin.industriall-union.org\/es\/wp-json\/wp\/v2\/media?parent=146787"}],"wp:term":[{"taxonomy":"issues","embeddable":true,"href":"https:\/\/admin.industriall-union.org\/es\/wp-json\/wp\/v2\/issues?post=146787"},{"taxonomy":"companies","embeddable":true,"href":"https:\/\/admin.industriall-union.org\/es\/wp-json\/wp\/v2\/companies?post=146787"},{"taxonomy":"regions","embeddable":true,"href":"https:\/\/admin.industriall-union.org\/es\/wp-json\/wp\/v2\/regions?post=146787"},{"taxonomy":"sectors","embeddable":true,"href":"https:\/\/admin.industriall-union.org\/es\/wp-json\/wp\/v2\/sectors?post=146787"},{"taxonomy":"article_tags","embeddable":true,"href":"https:\/\/admin.industriall-union.org\/es\/wp-json\/wp\/v2\/article_tags?post=146787"}],"curies":[{"name":"wp","href":"https:\/\/api.w.org\/{rel}","templated":true}]}}