{"id":146761,"date":"2023-12-19T10:23:57","date_gmt":"2023-12-19T10:23:57","guid":{"rendered":"https:\/\/admin.industriall-union.org\/unidos-por-los-derechos-de-los-trabajadores-la-asociacion-entre-estados-unidos-y-brasil\/"},"modified":"2025-01-27T17:45:21","modified_gmt":"2025-01-27T17:45:21","slug":"unidos-por-los-derechos-de-los-trabajadores-la-asociacion-entre-estados-unidos-y-brasil","status":"publish","type":"article","link":"https:\/\/admin.industriall-union.org\/es\/unidos-por-los-derechos-de-los-trabajadores-la-asociacion-entre-estados-unidos-y-brasil\/","title":{"rendered":"Unidos por los derechos de los trabajadores: la asociaci\u00f3n entre Estados Unidos y Brasil"},"content":{"rendered":"<p>Valter Sanches, ex secretario general de IndustriALL y ahora asesor del Ministerio de Trabajo y Empleo de Brasil, habl\u00f3 sobre los or\u00edgenes de la iniciativa.<\/p><blockquote><p>&ldquo;La asociaci\u00f3n, propuesta durante la reuni\u00f3n del G7 en Jap\u00f3n, refleja un compromiso mutuo con los problemas laborales a nivel mundial, reafirmado a trav\u00e9s de un Memorando de Entendimiento firmado en julio&rdquo;.<\/p><\/blockquote><p>La PWR se compromete a crear oportunidades de trabajo significativas dentro del sector de la energ\u00eda limpia y a proteger los derechos de los trabajadores. Mark Mittelhauser, subsecretario adjunto para asuntos internacionales del Departamento de Trabajo de los Estados Unidos, enfatiza el enfoque multifac\u00e9tico de la PWR.&nbsp;<\/p><blockquote><p>&ldquo;Se trata de integrar las directrices de la OIT en materia de la Transici\u00f3n Justa, fomentar la cooperaci\u00f3n internacional y promover cadenas de suministro responsables en el \u00e1mbito de la energ\u00eda limpia&rdquo;.<\/p><\/blockquote><p>explic\u00f3 Mittelhauser.<\/p><p>El empoderamiento de los trabajadores es fundamental para la misi\u00f3n de la PWR. Mittelhauser destaca el enfoque de la asociaci\u00f3n en permitir que los trabajadores reclamen sus derechos de manera eficaz, especialmente el derecho a sindicalizarse y negociar colectivamente.&nbsp;<\/p><blockquote><p>&ldquo;Empoderar a los trabajadores, especialmente a los m\u00e1s vulnerables o subrepresentados, es clave para cerrar las brechas salariales, combatir la discriminaci\u00f3n y promover la equidad&rdquo;,<\/p><\/blockquote><p>a\u00f1adi\u00f3.<\/p><p>La PWR reconoce que la promoci\u00f3n de los derechos laborales se extiende m\u00e1s all\u00e1 de la legislaci\u00f3n nacional. La iniciativa aprovecha diversas herramientas y recursos, como la prohibici\u00f3n de parte de los Estados Unidos de los productos fabricados con trabajo forzoso y las estrictas normas laborales en los acuerdos comerciales, para incentivar el trabajo decente en las cadenas de suministro.&nbsp;<\/p><blockquote><p>&ldquo;Nuestro objetivo es trabajar en colaboraci\u00f3n con Brasil y otros socios para respaldar una amplia gama de actividades en las principales cadenas de suministro&rdquo;,<\/p><\/blockquote><p>se\u00f1al\u00f3 Mittelhauser.<\/p><p>En cuanto a Brasil, Sanches explic\u00f3 que el \u00e9xito de esta asociaci\u00f3n depende de la participaci\u00f3n activa de los trabajadores y los sindicatos. En este pa\u00eds, mecanismos como el &#039;Concilio\u016b&#039; y el revitalizado Consejo Nacional del Trabajo aseguran que sus voces sean escuchadas. A pesar de algunos desaf\u00edos, el di\u00e1logo continuo entre los diversos ministerios y sindicatos es clave para implementar la iniciativa de manera eficaz.<\/p><p>La asociaci\u00f3n tambi\u00e9n marca un avance significativo para EE. UU. en su agenda global de derechos laborales.&nbsp;<\/p><blockquote><p>&ldquo;El compromiso del presidente Biden de ser un presidente a favor de los trabajadores y el reciente Memorando Presidencial sobre los derechos laborales a nivel mundial subrayan nuestros esfuerzos en el marco de esta asociaci\u00f3n&rdquo;,<\/p><\/blockquote><p>expres\u00f3 Mittelhauser.&nbsp;<\/p><p>La Asociaci\u00f3n por los Derechos de los Trabajadores entre Estados Unidos y Brasil es m\u00e1s que un acuerdo: es un testimonio del poder de la cooperaci\u00f3n internacional para abordar los desaf\u00edos globales. A trav\u00e9s de su enfoque integral para promover el trabajo decente y proteger los derechos laborales, la PWR establece un nuevo est\u00e1ndar para las iniciativas mundiales en materia de trabajo.&nbsp;<\/p><blockquote><p>&ldquo;Esta asociaci\u00f3n no se trata solo de pol\u00edticas, sino tambi\u00e9n de personas, de garantizar que cada trabajador tenga voz y la oportunidad de prosperar en un mundo en r\u00e1pida transformaci\u00f3n&rdquo;,<\/p><\/blockquote><p>declar\u00f3 Mittelhauser.<\/p><p>La PWR est\u00e1 dispuesta a acoger con entusiasmo a otros pa\u00edses que deseen unirse a esta causa.&nbsp;<\/p><blockquote><p>&ldquo;De cara al futuro, la PWR aspira a plantear importantes cuestiones laborales en el escenario mundial. La pr\u00f3xima presidencia del G20 de parte de Brasil y la posible participaci\u00f3n de pa\u00edses como Canad\u00e1, Argentina, M\u00e9xico y Sud\u00e1frica destacan las implicaciones de largo alcance de la iniciativa&rdquo;,<\/p><\/blockquote><p>declar\u00f3 Sanches.<\/p><blockquote><p>&ldquo;La asociaci\u00f3n&nbsp;es alentadora y establece&nbsp;un nuevo est\u00e1ndar mundial para la protecci\u00f3n de los trabajadores. El enfoque de la iniciativa en la energ\u00eda limpia y la Transici\u00f3n Justa es prometedor. Al dar la bienvenida a este esfuerzo de colaboraci\u00f3n, seguimos comprometidos a garantizar que se priorice la voz de los trabajadores, lo que impulsar\u00e1 un cambio significativo en el panorama laboral en todo el mundo&rdquo;,&nbsp;<\/p><\/blockquote><p>expres\u00f3 Atle H\u00f8ie, secretario general de IndustriALL.<\/p>","protected":false},"featured_media":0,"template":"","issues":[393,425],"companies":[],"regions":[261,310],"sectors":[],"article_tags":[],"class_list":["post-146761","article","type-article","status-publish","hentry","issues-climate-change-just-transition","issues-workers-rights","regions-brazil","regions-usa"],"acf":[],"yoast_head":"<!-- This site is optimized with the Yoast SEO Premium plugin v27.1 (Yoast SEO v27.1) - https:\/\/yoast.com\/product\/yoast-seo-premium-wordpress\/ -->\n<title>Unidos por los derechos de los trabajadores: la asociaci\u00f3n entre Estados Unidos y Brasil - industriall-union<\/title>\n<meta name=\"description\" content=\"Valter Sanches, ex secretario general de IndustriALL y ahora asesor del Ministerio de Trabajo y Empleo de Brasil, habl\u00f3 sobre los or\u00edgenes de la\" \/>\n<meta name=\"robots\" content=\"index, follow, max-snippet:-1, max-image-preview:large, max-video-preview:-1\" \/>\n<link rel=\"canonical\" href=\"https:\/\/admin.industriall-union.org\/es\/unidos-por-los-derechos-de-los-trabajadores-la-asociacion-entre-estados-unidos-y-brasil\/\" \/>\n<meta property=\"og:locale\" content=\"es_ES\" \/>\n<meta property=\"og:type\" content=\"article\" \/>\n<meta property=\"og:title\" content=\"Unidos por los derechos de los trabajadores: la asociaci\u00f3n entre Estados Unidos y Brasil\" \/>\n<meta property=\"og:description\" content=\"Valter Sanches, ex secretario general de IndustriALL y ahora asesor del Ministerio de Trabajo y Empleo de Brasil, habl\u00f3 sobre los or\u00edgenes de la\" \/>\n<meta property=\"og:url\" content=\"https:\/\/admin.industriall-union.org\/es\/unidos-por-los-derechos-de-los-trabajadores-la-asociacion-entre-estados-unidos-y-brasil\/\" \/>\n<meta property=\"og:site_name\" content=\"industriall-union\" \/>\n<meta property=\"article:modified_time\" content=\"2025-01-27T17:45:21+00:00\" \/>\n<meta name=\"twitter:card\" content=\"summary_large_image\" \/>\n<meta name=\"twitter:label1\" content=\"Est. reading time\" \/>\n\t<meta name=\"twitter:data1\" content=\"4 minutes\" \/>\n<script type=\"application\/ld+json\" class=\"yoast-schema-graph\">{\"@context\":\"https:\/\/schema.org\",\"@graph\":[{\"@type\":\"WebPage\",\"@id\":\"https:\/\/admin.industriall-union.org\/es\/unidos-por-los-derechos-de-los-trabajadores-la-asociacion-entre-estados-unidos-y-brasil\/\",\"url\":\"https:\/\/admin.industriall-union.org\/es\/unidos-por-los-derechos-de-los-trabajadores-la-asociacion-entre-estados-unidos-y-brasil\/\",\"name\":\"Unidos por los derechos de los trabajadores: la asociaci\u00f3n entre Estados Unidos y Brasil - industriall-union\",\"isPartOf\":{\"@id\":\"https:\/\/admin.industriall-union.org\/#website\"},\"datePublished\":\"2023-12-19T10:23:57+00:00\",\"dateModified\":\"2025-01-27T17:45:21+00:00\",\"description\":\"Valter Sanches, ex secretario general de IndustriALL y ahora asesor del Ministerio de Trabajo y Empleo de Brasil, habl\u00f3 sobre los or\u00edgenes de la\",\"breadcrumb\":{\"@id\":\"https:\/\/admin.industriall-union.org\/es\/unidos-por-los-derechos-de-los-trabajadores-la-asociacion-entre-estados-unidos-y-brasil\/#breadcrumb\"},\"inLanguage\":\"es-ES\",\"potentialAction\":[{\"@type\":\"ReadAction\",\"target\":[\"https:\/\/admin.industriall-union.org\/es\/unidos-por-los-derechos-de-los-trabajadores-la-asociacion-entre-estados-unidos-y-brasil\/\"]}]},{\"@type\":\"BreadcrumbList\",\"@id\":\"https:\/\/admin.industriall-union.org\/es\/unidos-por-los-derechos-de-los-trabajadores-la-asociacion-entre-estados-unidos-y-brasil\/#breadcrumb\",\"itemListElement\":[{\"@type\":\"ListItem\",\"position\":1,\"name\":\"Home\",\"item\":\"https:\/\/admin.industriall-union.org\/\"},{\"@type\":\"ListItem\",\"position\":2,\"name\":\"Articles\",\"item\":\"https:\/\/admin.industriall-union.org\/article\/\"},{\"@type\":\"ListItem\",\"position\":3,\"name\":\"Unidos por los derechos de los trabajadores: la asociaci\u00f3n entre Estados Unidos y Brasil\"}]},{\"@type\":\"WebSite\",\"@id\":\"https:\/\/admin.industriall-union.org\/#website\",\"url\":\"https:\/\/admin.industriall-union.org\/\",\"name\":\"industriall-union\",\"description\":\"\",\"potentialAction\":[{\"@type\":\"SearchAction\",\"target\":{\"@type\":\"EntryPoint\",\"urlTemplate\":\"https:\/\/admin.industriall-union.org\/?s={search_term_string}\"},\"query-input\":{\"@type\":\"PropertyValueSpecification\",\"valueRequired\":true,\"valueName\":\"search_term_string\"}}],\"inLanguage\":\"es-ES\"}]}<\/script>\n<!-- \/ Yoast SEO Premium plugin. -->","yoast_head_json":{"title":"Unidos por los derechos de los trabajadores: la asociaci\u00f3n entre Estados Unidos y Brasil - industriall-union","description":"Valter Sanches, ex secretario general de IndustriALL y ahora asesor del Ministerio de Trabajo y Empleo de Brasil, habl\u00f3 sobre los or\u00edgenes de la","robots":{"index":"index","follow":"follow","max-snippet":"max-snippet:-1","max-image-preview":"max-image-preview:large","max-video-preview":"max-video-preview:-1"},"canonical":"https:\/\/admin.industriall-union.org\/es\/unidos-por-los-derechos-de-los-trabajadores-la-asociacion-entre-estados-unidos-y-brasil\/","og_locale":"es_ES","og_type":"article","og_title":"Unidos por los derechos de los trabajadores: la asociaci\u00f3n entre Estados Unidos y Brasil","og_description":"Valter Sanches, ex secretario general de IndustriALL y ahora asesor del Ministerio de Trabajo y Empleo de Brasil, habl\u00f3 sobre los or\u00edgenes de la","og_url":"https:\/\/admin.industriall-union.org\/es\/unidos-por-los-derechos-de-los-trabajadores-la-asociacion-entre-estados-unidos-y-brasil\/","og_site_name":"industriall-union","article_modified_time":"2025-01-27T17:45:21+00:00","twitter_card":"summary_large_image","twitter_misc":{"Est. reading time":"4 minutes"},"schema":{"@context":"https:\/\/schema.org","@graph":[{"@type":"WebPage","@id":"https:\/\/admin.industriall-union.org\/es\/unidos-por-los-derechos-de-los-trabajadores-la-asociacion-entre-estados-unidos-y-brasil\/","url":"https:\/\/admin.industriall-union.org\/es\/unidos-por-los-derechos-de-los-trabajadores-la-asociacion-entre-estados-unidos-y-brasil\/","name":"Unidos por los derechos de los trabajadores: la asociaci\u00f3n entre Estados Unidos y Brasil - industriall-union","isPartOf":{"@id":"https:\/\/admin.industriall-union.org\/#website"},"datePublished":"2023-12-19T10:23:57+00:00","dateModified":"2025-01-27T17:45:21+00:00","description":"Valter Sanches, ex secretario general de IndustriALL y ahora asesor del Ministerio de Trabajo y Empleo de Brasil, habl\u00f3 sobre los or\u00edgenes de la","breadcrumb":{"@id":"https:\/\/admin.industriall-union.org\/es\/unidos-por-los-derechos-de-los-trabajadores-la-asociacion-entre-estados-unidos-y-brasil\/#breadcrumb"},"inLanguage":"es-ES","potentialAction":[{"@type":"ReadAction","target":["https:\/\/admin.industriall-union.org\/es\/unidos-por-los-derechos-de-los-trabajadores-la-asociacion-entre-estados-unidos-y-brasil\/"]}]},{"@type":"BreadcrumbList","@id":"https:\/\/admin.industriall-union.org\/es\/unidos-por-los-derechos-de-los-trabajadores-la-asociacion-entre-estados-unidos-y-brasil\/#breadcrumb","itemListElement":[{"@type":"ListItem","position":1,"name":"Home","item":"https:\/\/admin.industriall-union.org\/"},{"@type":"ListItem","position":2,"name":"Articles","item":"https:\/\/admin.industriall-union.org\/article\/"},{"@type":"ListItem","position":3,"name":"Unidos por los derechos de los trabajadores: la asociaci\u00f3n entre Estados Unidos y Brasil"}]},{"@type":"WebSite","@id":"https:\/\/admin.industriall-union.org\/#website","url":"https:\/\/admin.industriall-union.org\/","name":"industriall-union","description":"","potentialAction":[{"@type":"SearchAction","target":{"@type":"EntryPoint","urlTemplate":"https:\/\/admin.industriall-union.org\/?s={search_term_string}"},"query-input":{"@type":"PropertyValueSpecification","valueRequired":true,"valueName":"search_term_string"}}],"inLanguage":"es-ES"}]}},"_links":{"self":[{"href":"https:\/\/admin.industriall-union.org\/es\/wp-json\/wp\/v2\/article\/146761","targetHints":{"allow":["GET"]}}],"collection":[{"href":"https:\/\/admin.industriall-union.org\/es\/wp-json\/wp\/v2\/article"}],"about":[{"href":"https:\/\/admin.industriall-union.org\/es\/wp-json\/wp\/v2\/types\/article"}],"wp:attachment":[{"href":"https:\/\/admin.industriall-union.org\/es\/wp-json\/wp\/v2\/media?parent=146761"}],"wp:term":[{"taxonomy":"issues","embeddable":true,"href":"https:\/\/admin.industriall-union.org\/es\/wp-json\/wp\/v2\/issues?post=146761"},{"taxonomy":"companies","embeddable":true,"href":"https:\/\/admin.industriall-union.org\/es\/wp-json\/wp\/v2\/companies?post=146761"},{"taxonomy":"regions","embeddable":true,"href":"https:\/\/admin.industriall-union.org\/es\/wp-json\/wp\/v2\/regions?post=146761"},{"taxonomy":"sectors","embeddable":true,"href":"https:\/\/admin.industriall-union.org\/es\/wp-json\/wp\/v2\/sectors?post=146761"},{"taxonomy":"article_tags","embeddable":true,"href":"https:\/\/admin.industriall-union.org\/es\/wp-json\/wp\/v2\/article_tags?post=146761"}],"curies":[{"name":"wp","href":"https:\/\/api.w.org\/{rel}","templated":true}]}}