{"id":146756,"date":"2023-12-20T07:10:15","date_gmt":"2023-12-20T07:10:15","guid":{"rendered":"https:\/\/admin.industriall-union.org\/finalizo-exitosamente-el-curso-virtual-de-genero\/"},"modified":"2025-01-27T17:45:02","modified_gmt":"2025-01-27T17:45:02","slug":"finalizo-exitosamente-el-curso-virtual-de-genero","status":"publish","type":"article","link":"https:\/\/admin.industriall-union.org\/es\/finalizo-exitosamente-el-curso-virtual-de-genero\/","title":{"rendered":"Finaliz\u00f3 exitosamente el curso virtual de g\u00e9nero"},"content":{"rendered":"<p>El curso, que cont\u00f3 con la participaci\u00f3n de treinta participantes de doce organizaciones en 7 pa\u00edses, consisti\u00f3 en 30 horas de formaci\u00f3n. Participaron afiliadas de Argentina, Brasil, Colombia, Costa Rica, M\u00e9xico, Nicaragua y Per\u00fa.<\/p><p>Durante el curso, las participantes exploraron los distintos elementos de una agenda transformadora de g\u00e9nero y ampliaron sus perspectivas como l\u00edderes. Cada participante elabor\u00f3 un plan de acci\u00f3n personalizado, de acuerdo con su grado de responsabilidad en sus respectivas organizaciones, con el objetivo de fortalecer el empoderamiento de mujeres en los rangos de los sindicatos.&nbsp;&nbsp;<\/p><p>En la evaluaci\u00f3n las participantes afirmaron haber adquirido mayor confianza, conocimientos y empoderamiento.&nbsp;&nbsp;<\/p><p>Dijo la Secretaria Regional adjunta, Laura Carter:<\/p><blockquote><p>&ldquo;Les felicito a todas por su entusiasmo, su dedicaci\u00f3n y su trabajo a lo largo de este curso. Su disposici\u00f3n a participar, a apoyarse mutuamente y a compartir sus experiencias ha enriquecido la experiencia de aprendizaje para todas. Sus voces, sus ideas y su dedicaci\u00f3n son activos inestimables para nuestras afiliadas y contribuir\u00e1n a fortalecer el poder sindical.&nbsp;<\/p><\/blockquote><p>Monica Jim\u00e9nez del Sindicato Mexicano de Electricistas de M\u00e9xico particip\u00f3 en la sesi\u00f3n de evaluaci\u00f3n en representaci\u00f3n del Comit\u00e9 de Mujeres y destac\u00f3 la importancia de los procesos de formaci\u00f3n:<\/p><blockquote><p>&ldquo;Hace unos a\u00f1os, cuando era trabajadora de base, inici\u00e9 este proceso de formaci\u00f3n con IndustriALL Global Union. Posterior a eso llegu\u00e9 a la direcci\u00f3n de mi sindicato. Era la primera vez en setenta a\u00f1os que una mujer llegaba a ocupar un cargo en un \u00f3rgano de decisi\u00f3n&quot;.<\/p><\/blockquote><blockquote><p>&ldquo;Estos procesos son de vital importancia para seguir construyendo y reivindicando los derechos de las mujeres trabajadoras y sindicalistas.&nbsp; Somos una comunidad de mujeres solidarias, y tenemos que seguir fortaleci\u00e9ndonos y sumando a m\u00e1s compa\u00f1eras a estos espacios de empoderamiento&rdquo;.<\/p><\/blockquote><p>&nbsp;En 2024 la oficina regional lanzar\u00e1 un curso para un nuevo grupo de participantes como parte de sus esfuerzos por fomentar la igualdad de g\u00e9nero y garantizar que los sindicatos sean incluyentes y democr\u00e1ticos.&nbsp;<\/p>","protected":false},"featured_media":0,"template":"","issues":[397],"companies":[],"regions":[254],"sectors":[],"article_tags":[],"class_list":["post-146756","article","type-article","status-publish","hentry","issues-women","regions-latin-america-and-the-caribbean"],"acf":[],"yoast_head":"<!-- This site is optimized with the Yoast SEO Premium plugin v27.1 (Yoast SEO v27.1) - https:\/\/yoast.com\/product\/yoast-seo-premium-wordpress\/ -->\n<title>Finaliz\u00f3 exitosamente el curso virtual de g\u00e9nero - industriall-union<\/title>\n<meta name=\"description\" content=\"El curso, que cont\u00f3 con la participaci\u00f3n de treinta participantes de doce organizaciones en 7 pa\u00edses, consisti\u00f3 en 30 horas de formaci\u00f3n. Participaron\" \/>\n<meta name=\"robots\" content=\"index, follow, max-snippet:-1, max-image-preview:large, max-video-preview:-1\" \/>\n<link rel=\"canonical\" href=\"https:\/\/admin.industriall-union.org\/es\/finalizo-exitosamente-el-curso-virtual-de-genero\/\" \/>\n<meta property=\"og:locale\" content=\"es_ES\" \/>\n<meta property=\"og:type\" content=\"article\" \/>\n<meta property=\"og:title\" content=\"Finaliz\u00f3 exitosamente el curso virtual de g\u00e9nero\" \/>\n<meta property=\"og:description\" content=\"El curso, que cont\u00f3 con la participaci\u00f3n de treinta participantes de doce organizaciones en 7 pa\u00edses, consisti\u00f3 en 30 horas de formaci\u00f3n. Participaron\" \/>\n<meta property=\"og:url\" content=\"https:\/\/admin.industriall-union.org\/es\/finalizo-exitosamente-el-curso-virtual-de-genero\/\" \/>\n<meta property=\"og:site_name\" content=\"industriall-union\" \/>\n<meta property=\"article:modified_time\" content=\"2025-01-27T17:45:02+00:00\" \/>\n<meta name=\"twitter:card\" content=\"summary_large_image\" \/>\n<meta name=\"twitter:label1\" content=\"Est. reading time\" \/>\n\t<meta name=\"twitter:data1\" content=\"2 minutes\" \/>\n<script type=\"application\/ld+json\" class=\"yoast-schema-graph\">{\"@context\":\"https:\/\/schema.org\",\"@graph\":[{\"@type\":\"WebPage\",\"@id\":\"https:\/\/admin.industriall-union.org\/es\/finalizo-exitosamente-el-curso-virtual-de-genero\/\",\"url\":\"https:\/\/admin.industriall-union.org\/es\/finalizo-exitosamente-el-curso-virtual-de-genero\/\",\"name\":\"Finaliz\u00f3 exitosamente el curso virtual de g\u00e9nero - industriall-union\",\"isPartOf\":{\"@id\":\"https:\/\/admin.industriall-union.org\/#website\"},\"datePublished\":\"2023-12-20T07:10:15+00:00\",\"dateModified\":\"2025-01-27T17:45:02+00:00\",\"description\":\"El curso, que cont\u00f3 con la participaci\u00f3n de treinta participantes de doce organizaciones en 7 pa\u00edses, consisti\u00f3 en 30 horas de formaci\u00f3n. Participaron\",\"breadcrumb\":{\"@id\":\"https:\/\/admin.industriall-union.org\/es\/finalizo-exitosamente-el-curso-virtual-de-genero\/#breadcrumb\"},\"inLanguage\":\"es-ES\",\"potentialAction\":[{\"@type\":\"ReadAction\",\"target\":[\"https:\/\/admin.industriall-union.org\/es\/finalizo-exitosamente-el-curso-virtual-de-genero\/\"]}]},{\"@type\":\"BreadcrumbList\",\"@id\":\"https:\/\/admin.industriall-union.org\/es\/finalizo-exitosamente-el-curso-virtual-de-genero\/#breadcrumb\",\"itemListElement\":[{\"@type\":\"ListItem\",\"position\":1,\"name\":\"Home\",\"item\":\"https:\/\/admin.industriall-union.org\/\"},{\"@type\":\"ListItem\",\"position\":2,\"name\":\"Articles\",\"item\":\"https:\/\/admin.industriall-union.org\/article\/\"},{\"@type\":\"ListItem\",\"position\":3,\"name\":\"Finaliz\u00f3 exitosamente el curso virtual de g\u00e9nero\"}]},{\"@type\":\"WebSite\",\"@id\":\"https:\/\/admin.industriall-union.org\/#website\",\"url\":\"https:\/\/admin.industriall-union.org\/\",\"name\":\"industriall-union\",\"description\":\"\",\"potentialAction\":[{\"@type\":\"SearchAction\",\"target\":{\"@type\":\"EntryPoint\",\"urlTemplate\":\"https:\/\/admin.industriall-union.org\/?s={search_term_string}\"},\"query-input\":{\"@type\":\"PropertyValueSpecification\",\"valueRequired\":true,\"valueName\":\"search_term_string\"}}],\"inLanguage\":\"es-ES\"}]}<\/script>\n<!-- \/ Yoast SEO Premium plugin. -->","yoast_head_json":{"title":"Finaliz\u00f3 exitosamente el curso virtual de g\u00e9nero - industriall-union","description":"El curso, que cont\u00f3 con la participaci\u00f3n de treinta participantes de doce organizaciones en 7 pa\u00edses, consisti\u00f3 en 30 horas de formaci\u00f3n. Participaron","robots":{"index":"index","follow":"follow","max-snippet":"max-snippet:-1","max-image-preview":"max-image-preview:large","max-video-preview":"max-video-preview:-1"},"canonical":"https:\/\/admin.industriall-union.org\/es\/finalizo-exitosamente-el-curso-virtual-de-genero\/","og_locale":"es_ES","og_type":"article","og_title":"Finaliz\u00f3 exitosamente el curso virtual de g\u00e9nero","og_description":"El curso, que cont\u00f3 con la participaci\u00f3n de treinta participantes de doce organizaciones en 7 pa\u00edses, consisti\u00f3 en 30 horas de formaci\u00f3n. Participaron","og_url":"https:\/\/admin.industriall-union.org\/es\/finalizo-exitosamente-el-curso-virtual-de-genero\/","og_site_name":"industriall-union","article_modified_time":"2025-01-27T17:45:02+00:00","twitter_card":"summary_large_image","twitter_misc":{"Est. reading time":"2 minutes"},"schema":{"@context":"https:\/\/schema.org","@graph":[{"@type":"WebPage","@id":"https:\/\/admin.industriall-union.org\/es\/finalizo-exitosamente-el-curso-virtual-de-genero\/","url":"https:\/\/admin.industriall-union.org\/es\/finalizo-exitosamente-el-curso-virtual-de-genero\/","name":"Finaliz\u00f3 exitosamente el curso virtual de g\u00e9nero - industriall-union","isPartOf":{"@id":"https:\/\/admin.industriall-union.org\/#website"},"datePublished":"2023-12-20T07:10:15+00:00","dateModified":"2025-01-27T17:45:02+00:00","description":"El curso, que cont\u00f3 con la participaci\u00f3n de treinta participantes de doce organizaciones en 7 pa\u00edses, consisti\u00f3 en 30 horas de formaci\u00f3n. Participaron","breadcrumb":{"@id":"https:\/\/admin.industriall-union.org\/es\/finalizo-exitosamente-el-curso-virtual-de-genero\/#breadcrumb"},"inLanguage":"es-ES","potentialAction":[{"@type":"ReadAction","target":["https:\/\/admin.industriall-union.org\/es\/finalizo-exitosamente-el-curso-virtual-de-genero\/"]}]},{"@type":"BreadcrumbList","@id":"https:\/\/admin.industriall-union.org\/es\/finalizo-exitosamente-el-curso-virtual-de-genero\/#breadcrumb","itemListElement":[{"@type":"ListItem","position":1,"name":"Home","item":"https:\/\/admin.industriall-union.org\/"},{"@type":"ListItem","position":2,"name":"Articles","item":"https:\/\/admin.industriall-union.org\/article\/"},{"@type":"ListItem","position":3,"name":"Finaliz\u00f3 exitosamente el curso virtual de g\u00e9nero"}]},{"@type":"WebSite","@id":"https:\/\/admin.industriall-union.org\/#website","url":"https:\/\/admin.industriall-union.org\/","name":"industriall-union","description":"","potentialAction":[{"@type":"SearchAction","target":{"@type":"EntryPoint","urlTemplate":"https:\/\/admin.industriall-union.org\/?s={search_term_string}"},"query-input":{"@type":"PropertyValueSpecification","valueRequired":true,"valueName":"search_term_string"}}],"inLanguage":"es-ES"}]}},"_links":{"self":[{"href":"https:\/\/admin.industriall-union.org\/es\/wp-json\/wp\/v2\/article\/146756","targetHints":{"allow":["GET"]}}],"collection":[{"href":"https:\/\/admin.industriall-union.org\/es\/wp-json\/wp\/v2\/article"}],"about":[{"href":"https:\/\/admin.industriall-union.org\/es\/wp-json\/wp\/v2\/types\/article"}],"wp:attachment":[{"href":"https:\/\/admin.industriall-union.org\/es\/wp-json\/wp\/v2\/media?parent=146756"}],"wp:term":[{"taxonomy":"issues","embeddable":true,"href":"https:\/\/admin.industriall-union.org\/es\/wp-json\/wp\/v2\/issues?post=146756"},{"taxonomy":"companies","embeddable":true,"href":"https:\/\/admin.industriall-union.org\/es\/wp-json\/wp\/v2\/companies?post=146756"},{"taxonomy":"regions","embeddable":true,"href":"https:\/\/admin.industriall-union.org\/es\/wp-json\/wp\/v2\/regions?post=146756"},{"taxonomy":"sectors","embeddable":true,"href":"https:\/\/admin.industriall-union.org\/es\/wp-json\/wp\/v2\/sectors?post=146756"},{"taxonomy":"article_tags","embeddable":true,"href":"https:\/\/admin.industriall-union.org\/es\/wp-json\/wp\/v2\/article_tags?post=146756"}],"curies":[{"name":"wp","href":"https:\/\/api.w.org\/{rel}","templated":true}]}}