{"id":146752,"date":"2024-01-11T13:32:13","date_gmt":"2024-01-11T13:32:13","guid":{"rendered":"https:\/\/admin.industriall-union.org\/la-ue-debe-retirar-su-apoyo-a-las-politicas-made-en-myanmar-y-todo-menos-armas\/"},"modified":"2025-01-27T17:41:30","modified_gmt":"2025-01-27T17:41:30","slug":"la-ue-debe-retirar-su-apoyo-a-las-politicas-made-en-myanmar-y-todo-menos-armas","status":"publish","type":"article","link":"https:\/\/admin.industriall-union.org\/es\/la-ue-debe-retirar-su-apoyo-a-las-politicas-made-en-myanmar-y-todo-menos-armas\/","title":{"rendered":"La UE debe retirar su apoyo a las pol\u00edticas \u201cMADE en Myanmar\u201d y \u201cTodo menos armas\u201d"},"content":{"rendered":"<p>La UE ha declarado que apoya plenamente la labor de la Comisi\u00f3n de Investigaci\u00f3n de la OIT sobre la libertad sindical en Myanmar. Asimismo, le ha pedido al Consejo Administrativo del Estado (SAC, por sus siglas en ingl\u00e9s) de la junta militar que coopere plenamente con la investigaci\u00f3n y que garantice que las organizaciones de trabajadores y empleadores puedan ejercer sus derechos en un entorno de libertad y seguridad, sin violencia, arrestos ni detenciones arbitrarias. No obstante, en lo que refiere a las pol\u00edticas de MADE y EBA, la UE est\u00e1 haciendo lo contrario.<\/p><p><a href=\"https:\/\/www.ilo.org\/global\/about-the-ilo\/newsroom\/news\/WCMS_896572\/lang--en\/index.htm\">En un informe de la OIT, publicado el a\u00f1o pasado, <\/a>se documentan violaciones masivas de los convenios sobre la libertad sindical y el trabajo forzoso, y se insta a las autoridades militares a poner fin a la violencia y la represi\u00f3n contra los sindicalistas. Tambi\u00e9n concluye que el SAC no garantiz\u00f3 que los trabajadores pudieran ejercer sus derechos de forma libre y segura. Sus hallazgos detallan la violencia contra los sindicalistas, la emisi\u00f3n de \u00f3rdenes de arresto y la cancelaci\u00f3n de pasaportes, el trabajo forzoso, el uso de escudos humanos, el reclutamiento forzoso para el ej\u00e9rcito y la imposici\u00f3n de la ley marcial.&nbsp;<\/p><p>En una carta dirigida a la Comisi\u00f3n Europea, IndustriALL Global Union e industriAll Europe dejaron claro que, en este contexto, es imposible que MADE in Myanmar cumpla con su objetivo declarado de mejorar las condiciones de trabajo y los derechos laborales. Sin libertad sindical y de expresi\u00f3n, no es posible realizar la debida diligencia en materia de derechos humanos que exige la UE.&nbsp;<br \/>&nbsp;<br \/>El secretario general de IndustriALL, Atle H\u00f8ie, declar\u00f3:&nbsp;<\/p><blockquote><p>&ldquo;El apoyo continuo a estas pol\u00edticas proporciona un sustento vital para los militares, lo que les permite mantenerse en el poder. Cuanto antes se corte este apoyo, antes se podr\u00e1 sustituir al r\u00e9gimen por el \u00f3rgano leg\u00edtimo, el Gobierno de Unidad Nacional&rdquo;.<\/p><\/blockquote><p>Ambas organizaciones instan a la UE a reconsiderar su pol\u00edtica.&nbsp;<br \/>&nbsp;<br \/>Judith Kirton-Darling, subsecretaria general de industriAll Europe, expres\u00f3:<\/p><blockquote><p>&ldquo;&iexcl;Hay que poner fin a MADE in Myanmar y EBA! Hacemos un llamado a la UE para que trabaje en pos de las recomendaciones de la OIT en un Myanmar democr\u00e1tico, tal como est\u00e1 previsto en la estructura tripartita&rdquo;.<\/p><\/blockquote><p>Cada vez son m\u00e1s las marcas de la UE que han llegado a esta conclusi\u00f3n y se han comprometido a irse de Myanmar de manera responsable. En agosto del a\u00f1o pasado, H&amp;M, el segundo minorista m\u00e1s grande del mundo, <a href=\"https:\/\/www.industriall-union.org\/industriall-campaign-pushes-hm-withdrawl-from-myanmar\">anunci\u00f3 que ha decidido dejar gradualmente de abastecerse en Myanmar<\/a>, a medida que aumentan los informes de abusos laborales en las f\u00e1bricas de ropa del pa\u00eds. La marca que anunci\u00f3 su salida m\u00e1s recientemente es la minorista alemana Lidl.&nbsp;<\/p>","protected":false},"featured_media":0,"template":"","issues":[422],"companies":[],"regions":[177],"sectors":[],"article_tags":[508],"class_list":["post-146752","article","type-article","status-publish","hentry","issues-human-trade-union-rights","regions-myanmar","article_tags-forced-labour"],"acf":[],"yoast_head":"<!-- This site is optimized with the Yoast SEO Premium plugin v27.1 (Yoast SEO v27.1) - https:\/\/yoast.com\/product\/yoast-seo-premium-wordpress\/ -->\n<title>La UE debe retirar su apoyo a las pol\u00edticas \u201cMADE en Myanmar\u201d y \u201cTodo menos armas\u201d - industriall-union<\/title>\n<meta name=\"description\" content=\"La UE ha declarado que apoya plenamente la labor de la Comisi\u00f3n de Investigaci\u00f3n de la OIT sobre la libertad sindical en Myanmar. Asimismo, le ha pedido\" \/>\n<meta name=\"robots\" content=\"index, follow, max-snippet:-1, max-image-preview:large, max-video-preview:-1\" \/>\n<link rel=\"canonical\" href=\"https:\/\/admin.industriall-union.org\/es\/la-ue-debe-retirar-su-apoyo-a-las-politicas-made-en-myanmar-y-todo-menos-armas\/\" \/>\n<meta property=\"og:locale\" content=\"es_ES\" \/>\n<meta property=\"og:type\" content=\"article\" \/>\n<meta property=\"og:title\" content=\"La UE debe retirar su apoyo a las pol\u00edticas \u201cMADE en Myanmar\u201d y \u201cTodo menos armas\u201d\" \/>\n<meta property=\"og:description\" content=\"La UE ha declarado que apoya plenamente la labor de la Comisi\u00f3n de Investigaci\u00f3n de la OIT sobre la libertad sindical en Myanmar. Asimismo, le ha pedido\" \/>\n<meta property=\"og:url\" content=\"https:\/\/admin.industriall-union.org\/es\/la-ue-debe-retirar-su-apoyo-a-las-politicas-made-en-myanmar-y-todo-menos-armas\/\" \/>\n<meta property=\"og:site_name\" content=\"industriall-union\" \/>\n<meta property=\"article:modified_time\" content=\"2025-01-27T17:41:30+00:00\" \/>\n<meta name=\"twitter:card\" content=\"summary_large_image\" \/>\n<meta name=\"twitter:label1\" content=\"Est. reading time\" \/>\n\t<meta name=\"twitter:data1\" content=\"2 minutes\" \/>\n<script type=\"application\/ld+json\" class=\"yoast-schema-graph\">{\"@context\":\"https:\/\/schema.org\",\"@graph\":[{\"@type\":\"WebPage\",\"@id\":\"https:\/\/admin.industriall-union.org\/es\/la-ue-debe-retirar-su-apoyo-a-las-politicas-made-en-myanmar-y-todo-menos-armas\/\",\"url\":\"https:\/\/admin.industriall-union.org\/es\/la-ue-debe-retirar-su-apoyo-a-las-politicas-made-en-myanmar-y-todo-menos-armas\/\",\"name\":\"La UE debe retirar su apoyo a las pol\u00edticas \u201cMADE en Myanmar\u201d y \u201cTodo menos armas\u201d - industriall-union\",\"isPartOf\":{\"@id\":\"https:\/\/admin.industriall-union.org\/#website\"},\"datePublished\":\"2024-01-11T13:32:13+00:00\",\"dateModified\":\"2025-01-27T17:41:30+00:00\",\"description\":\"La UE ha declarado que apoya plenamente la labor de la Comisi\u00f3n de Investigaci\u00f3n de la OIT sobre la libertad sindical en Myanmar. Asimismo, le ha pedido\",\"breadcrumb\":{\"@id\":\"https:\/\/admin.industriall-union.org\/es\/la-ue-debe-retirar-su-apoyo-a-las-politicas-made-en-myanmar-y-todo-menos-armas\/#breadcrumb\"},\"inLanguage\":\"es-ES\",\"potentialAction\":[{\"@type\":\"ReadAction\",\"target\":[\"https:\/\/admin.industriall-union.org\/es\/la-ue-debe-retirar-su-apoyo-a-las-politicas-made-en-myanmar-y-todo-menos-armas\/\"]}]},{\"@type\":\"BreadcrumbList\",\"@id\":\"https:\/\/admin.industriall-union.org\/es\/la-ue-debe-retirar-su-apoyo-a-las-politicas-made-en-myanmar-y-todo-menos-armas\/#breadcrumb\",\"itemListElement\":[{\"@type\":\"ListItem\",\"position\":1,\"name\":\"Home\",\"item\":\"https:\/\/admin.industriall-union.org\/\"},{\"@type\":\"ListItem\",\"position\":2,\"name\":\"Articles\",\"item\":\"https:\/\/admin.industriall-union.org\/article\/\"},{\"@type\":\"ListItem\",\"position\":3,\"name\":\"La UE debe retirar su apoyo a las pol\u00edticas \u201cMADE en Myanmar\u201d y \u201cTodo menos armas\u201d\"}]},{\"@type\":\"WebSite\",\"@id\":\"https:\/\/admin.industriall-union.org\/#website\",\"url\":\"https:\/\/admin.industriall-union.org\/\",\"name\":\"industriall-union\",\"description\":\"\",\"potentialAction\":[{\"@type\":\"SearchAction\",\"target\":{\"@type\":\"EntryPoint\",\"urlTemplate\":\"https:\/\/admin.industriall-union.org\/?s={search_term_string}\"},\"query-input\":{\"@type\":\"PropertyValueSpecification\",\"valueRequired\":true,\"valueName\":\"search_term_string\"}}],\"inLanguage\":\"es-ES\"}]}<\/script>\n<!-- \/ Yoast SEO Premium plugin. -->","yoast_head_json":{"title":"La UE debe retirar su apoyo a las pol\u00edticas \u201cMADE en Myanmar\u201d y \u201cTodo menos armas\u201d - industriall-union","description":"La UE ha declarado que apoya plenamente la labor de la Comisi\u00f3n de Investigaci\u00f3n de la OIT sobre la libertad sindical en Myanmar. Asimismo, le ha pedido","robots":{"index":"index","follow":"follow","max-snippet":"max-snippet:-1","max-image-preview":"max-image-preview:large","max-video-preview":"max-video-preview:-1"},"canonical":"https:\/\/admin.industriall-union.org\/es\/la-ue-debe-retirar-su-apoyo-a-las-politicas-made-en-myanmar-y-todo-menos-armas\/","og_locale":"es_ES","og_type":"article","og_title":"La UE debe retirar su apoyo a las pol\u00edticas \u201cMADE en Myanmar\u201d y \u201cTodo menos armas\u201d","og_description":"La UE ha declarado que apoya plenamente la labor de la Comisi\u00f3n de Investigaci\u00f3n de la OIT sobre la libertad sindical en Myanmar. Asimismo, le ha pedido","og_url":"https:\/\/admin.industriall-union.org\/es\/la-ue-debe-retirar-su-apoyo-a-las-politicas-made-en-myanmar-y-todo-menos-armas\/","og_site_name":"industriall-union","article_modified_time":"2025-01-27T17:41:30+00:00","twitter_card":"summary_large_image","twitter_misc":{"Est. reading time":"2 minutes"},"schema":{"@context":"https:\/\/schema.org","@graph":[{"@type":"WebPage","@id":"https:\/\/admin.industriall-union.org\/es\/la-ue-debe-retirar-su-apoyo-a-las-politicas-made-en-myanmar-y-todo-menos-armas\/","url":"https:\/\/admin.industriall-union.org\/es\/la-ue-debe-retirar-su-apoyo-a-las-politicas-made-en-myanmar-y-todo-menos-armas\/","name":"La UE debe retirar su apoyo a las pol\u00edticas \u201cMADE en Myanmar\u201d y \u201cTodo menos armas\u201d - industriall-union","isPartOf":{"@id":"https:\/\/admin.industriall-union.org\/#website"},"datePublished":"2024-01-11T13:32:13+00:00","dateModified":"2025-01-27T17:41:30+00:00","description":"La UE ha declarado que apoya plenamente la labor de la Comisi\u00f3n de Investigaci\u00f3n de la OIT sobre la libertad sindical en Myanmar. Asimismo, le ha pedido","breadcrumb":{"@id":"https:\/\/admin.industriall-union.org\/es\/la-ue-debe-retirar-su-apoyo-a-las-politicas-made-en-myanmar-y-todo-menos-armas\/#breadcrumb"},"inLanguage":"es-ES","potentialAction":[{"@type":"ReadAction","target":["https:\/\/admin.industriall-union.org\/es\/la-ue-debe-retirar-su-apoyo-a-las-politicas-made-en-myanmar-y-todo-menos-armas\/"]}]},{"@type":"BreadcrumbList","@id":"https:\/\/admin.industriall-union.org\/es\/la-ue-debe-retirar-su-apoyo-a-las-politicas-made-en-myanmar-y-todo-menos-armas\/#breadcrumb","itemListElement":[{"@type":"ListItem","position":1,"name":"Home","item":"https:\/\/admin.industriall-union.org\/"},{"@type":"ListItem","position":2,"name":"Articles","item":"https:\/\/admin.industriall-union.org\/article\/"},{"@type":"ListItem","position":3,"name":"La UE debe retirar su apoyo a las pol\u00edticas \u201cMADE en Myanmar\u201d y \u201cTodo menos armas\u201d"}]},{"@type":"WebSite","@id":"https:\/\/admin.industriall-union.org\/#website","url":"https:\/\/admin.industriall-union.org\/","name":"industriall-union","description":"","potentialAction":[{"@type":"SearchAction","target":{"@type":"EntryPoint","urlTemplate":"https:\/\/admin.industriall-union.org\/?s={search_term_string}"},"query-input":{"@type":"PropertyValueSpecification","valueRequired":true,"valueName":"search_term_string"}}],"inLanguage":"es-ES"}]}},"_links":{"self":[{"href":"https:\/\/admin.industriall-union.org\/es\/wp-json\/wp\/v2\/article\/146752","targetHints":{"allow":["GET"]}}],"collection":[{"href":"https:\/\/admin.industriall-union.org\/es\/wp-json\/wp\/v2\/article"}],"about":[{"href":"https:\/\/admin.industriall-union.org\/es\/wp-json\/wp\/v2\/types\/article"}],"wp:attachment":[{"href":"https:\/\/admin.industriall-union.org\/es\/wp-json\/wp\/v2\/media?parent=146752"}],"wp:term":[{"taxonomy":"issues","embeddable":true,"href":"https:\/\/admin.industriall-union.org\/es\/wp-json\/wp\/v2\/issues?post=146752"},{"taxonomy":"companies","embeddable":true,"href":"https:\/\/admin.industriall-union.org\/es\/wp-json\/wp\/v2\/companies?post=146752"},{"taxonomy":"regions","embeddable":true,"href":"https:\/\/admin.industriall-union.org\/es\/wp-json\/wp\/v2\/regions?post=146752"},{"taxonomy":"sectors","embeddable":true,"href":"https:\/\/admin.industriall-union.org\/es\/wp-json\/wp\/v2\/sectors?post=146752"},{"taxonomy":"article_tags","embeddable":true,"href":"https:\/\/admin.industriall-union.org\/es\/wp-json\/wp\/v2\/article_tags?post=146752"}],"curies":[{"name":"wp","href":"https:\/\/api.w.org\/{rel}","templated":true}]}}