{"id":146594,"date":"2024-03-06T14:48:49","date_gmt":"2024-03-06T14:48:49","guid":{"rendered":"https:\/\/admin.industriall-union.org\/suiza-acepta-una-iniciativa-historica-en-materia-de-solidaridad-social\/"},"modified":"2025-01-27T17:07:20","modified_gmt":"2025-01-27T17:07:20","slug":"suiza-acepta-una-iniciativa-historica-en-materia-de-solidaridad-social","status":"publish","type":"article","link":"https:\/\/admin.industriall-union.org\/es\/suiza-acepta-una-iniciativa-historica-en-materia-de-solidaridad-social\/","title":{"rendered":"Suiza acepta una iniciativa hist\u00f3rica en materia de solidaridad social"},"content":{"rendered":"<p>Este ajuste, que refleja el concepto de un decimotercer salario mensual para los trabajadores y tiene como objetivo dar un impulso necesario al nivel de vida de los jubilados actuales y futuros, representa un aumento del 8,3 por ciento en su pensi\u00f3n mensual.<\/p><p>Esta iniciativa es una victoria significativa para la solidaridad social en Suiza, ya que garantiza un enfoque m\u00e1s equilibrado y equitativo de las disposiciones relativas a la vejez. En una votaci\u00f3n p\u00fablica decisiva, celebrada el 3 de marzo de 2024, los ciudadanos suizos priorizaron el bienestar social sobre los intentos de flexibilizar la edad de jubilaci\u00f3n, una propuesta de otra iniciativa que enfrent\u00f3 un rechazo abrumador, con el 75 por ciento de los votos en contra.<\/p><p>El UNIA, sindicato afiliado a IndustriALL, moviliz\u00f3 a miembros de todo el pa\u00eds en torno a esta campa\u00f1a:<\/p><blockquote><p>&ldquo;Vali\u00f3 la pena el esfuerzo. Este resultado es un avance social importante para Suiza y nos da confianza en el futuro de nuestro plan de pensiones para la vejez. Contribuye a nuestra lucha por mejores salarios y por primas de seguro de salud asequibles, as\u00ed como a nuestro combate al robo de pensiones del segundo pilar&rdquo;, expres\u00f3 Vania Alleva, presidenta del UNIA.<\/p><\/blockquote><p>Este mandato p\u00fablico pone de manifiesto la demanda generalizada de acci\u00f3n inmediata para proteger el poder adquisitivo de los pensionistas y exige medidas compensatorias m\u00e1s amplias para otros grupos afectados por las disparidades econ\u00f3micas.<\/p><p>La decisi\u00f3n, respaldada por una mayor\u00eda a trav\u00e9s de una participaci\u00f3n m\u00e1s alta de lo habitual, env\u00eda un fuerte mensaje sobre la confianza de la poblaci\u00f3n en un sistema de pensiones solidario.<\/p><p>El apoyo a la iniciativa de la decimotercera mensualidad en las pensiones refleja un amplio consenso sobre la necesidad de pol\u00edticas progresistas que garanticen la dignidad en la jubilaci\u00f3n sin comprometer el tejido social del pa\u00eds.<\/p><blockquote><p>&ldquo;Nos solidarizamos con nuestros afiliados suizos y celebramos este triunfo como un testimonio del poder de la acci\u00f3n colectiva y la importancia de las iniciativas dirigidas por los sindicatos en la defensa de los derechos y el bienestar de los trabajadores y jubilados por igual. Esta victoria no solo fortalece la confianza en el sistema de pensiones de Suiza, sino que tambi\u00e9n podr\u00eda servir de ejemplo para esfuerzos de promoci\u00f3n similares a nivel mundial, reiterando la necesidad de un sistema econ\u00f3mico justo y equitativo que realmente satisfaga las necesidades de todos sus ciudadanos&rdquo;, afirm\u00f3 Atle H\u00f8ie, secretario general de IndustriALL.<\/p><\/blockquote>","protected":false},"featured_media":0,"template":"","issues":[372],"companies":[],"regions":[248],"sectors":[],"article_tags":[],"class_list":["post-146594","article","type-article","status-publish","hentry","issues-social-protection","regions-switzerland"],"acf":[],"yoast_head":"<!-- This site is optimized with the Yoast SEO Premium plugin v27.1 (Yoast SEO v27.1) - https:\/\/yoast.com\/product\/yoast-seo-premium-wordpress\/ -->\n<title>Suiza acepta una iniciativa hist\u00f3rica en materia de solidaridad social - industriall-union<\/title>\n<meta name=\"description\" content=\"Este ajuste, que refleja el concepto de un decimotercer salario mensual para los trabajadores y tiene como objetivo dar un impulso necesario al nivel de\" \/>\n<meta name=\"robots\" content=\"index, follow, max-snippet:-1, max-image-preview:large, max-video-preview:-1\" \/>\n<link rel=\"canonical\" href=\"https:\/\/admin.industriall-union.org\/es\/suiza-acepta-una-iniciativa-historica-en-materia-de-solidaridad-social\/\" \/>\n<meta property=\"og:locale\" content=\"es_ES\" \/>\n<meta property=\"og:type\" content=\"article\" \/>\n<meta property=\"og:title\" content=\"Suiza acepta una iniciativa hist\u00f3rica en materia de solidaridad social\" \/>\n<meta property=\"og:description\" content=\"Este ajuste, que refleja el concepto de un decimotercer salario mensual para los trabajadores y tiene como objetivo dar un impulso necesario al nivel de\" \/>\n<meta property=\"og:url\" content=\"https:\/\/admin.industriall-union.org\/es\/suiza-acepta-una-iniciativa-historica-en-materia-de-solidaridad-social\/\" \/>\n<meta property=\"og:site_name\" content=\"industriall-union\" \/>\n<meta property=\"article:modified_time\" content=\"2025-01-27T17:07:20+00:00\" \/>\n<meta name=\"twitter:card\" content=\"summary_large_image\" \/>\n<meta name=\"twitter:label1\" content=\"Est. reading time\" \/>\n\t<meta name=\"twitter:data1\" content=\"2 minutes\" \/>\n<script type=\"application\/ld+json\" class=\"yoast-schema-graph\">{\"@context\":\"https:\/\/schema.org\",\"@graph\":[{\"@type\":\"WebPage\",\"@id\":\"https:\/\/admin.industriall-union.org\/es\/suiza-acepta-una-iniciativa-historica-en-materia-de-solidaridad-social\/\",\"url\":\"https:\/\/admin.industriall-union.org\/es\/suiza-acepta-una-iniciativa-historica-en-materia-de-solidaridad-social\/\",\"name\":\"Suiza acepta una iniciativa hist\u00f3rica en materia de solidaridad social - industriall-union\",\"isPartOf\":{\"@id\":\"https:\/\/admin.industriall-union.org\/#website\"},\"datePublished\":\"2024-03-06T14:48:49+00:00\",\"dateModified\":\"2025-01-27T17:07:20+00:00\",\"description\":\"Este ajuste, que refleja el concepto de un decimotercer salario mensual para los trabajadores y tiene como objetivo dar un impulso necesario al nivel de\",\"breadcrumb\":{\"@id\":\"https:\/\/admin.industriall-union.org\/es\/suiza-acepta-una-iniciativa-historica-en-materia-de-solidaridad-social\/#breadcrumb\"},\"inLanguage\":\"es-ES\",\"potentialAction\":[{\"@type\":\"ReadAction\",\"target\":[\"https:\/\/admin.industriall-union.org\/es\/suiza-acepta-una-iniciativa-historica-en-materia-de-solidaridad-social\/\"]}]},{\"@type\":\"BreadcrumbList\",\"@id\":\"https:\/\/admin.industriall-union.org\/es\/suiza-acepta-una-iniciativa-historica-en-materia-de-solidaridad-social\/#breadcrumb\",\"itemListElement\":[{\"@type\":\"ListItem\",\"position\":1,\"name\":\"Home\",\"item\":\"https:\/\/admin.industriall-union.org\/\"},{\"@type\":\"ListItem\",\"position\":2,\"name\":\"Articles\",\"item\":\"https:\/\/admin.industriall-union.org\/article\/\"},{\"@type\":\"ListItem\",\"position\":3,\"name\":\"Suiza acepta una iniciativa hist\u00f3rica en materia de solidaridad social\"}]},{\"@type\":\"WebSite\",\"@id\":\"https:\/\/admin.industriall-union.org\/#website\",\"url\":\"https:\/\/admin.industriall-union.org\/\",\"name\":\"industriall-union\",\"description\":\"\",\"potentialAction\":[{\"@type\":\"SearchAction\",\"target\":{\"@type\":\"EntryPoint\",\"urlTemplate\":\"https:\/\/admin.industriall-union.org\/?s={search_term_string}\"},\"query-input\":{\"@type\":\"PropertyValueSpecification\",\"valueRequired\":true,\"valueName\":\"search_term_string\"}}],\"inLanguage\":\"es-ES\"}]}<\/script>\n<!-- \/ Yoast SEO Premium plugin. -->","yoast_head_json":{"title":"Suiza acepta una iniciativa hist\u00f3rica en materia de solidaridad social - industriall-union","description":"Este ajuste, que refleja el concepto de un decimotercer salario mensual para los trabajadores y tiene como objetivo dar un impulso necesario al nivel de","robots":{"index":"index","follow":"follow","max-snippet":"max-snippet:-1","max-image-preview":"max-image-preview:large","max-video-preview":"max-video-preview:-1"},"canonical":"https:\/\/admin.industriall-union.org\/es\/suiza-acepta-una-iniciativa-historica-en-materia-de-solidaridad-social\/","og_locale":"es_ES","og_type":"article","og_title":"Suiza acepta una iniciativa hist\u00f3rica en materia de solidaridad social","og_description":"Este ajuste, que refleja el concepto de un decimotercer salario mensual para los trabajadores y tiene como objetivo dar un impulso necesario al nivel de","og_url":"https:\/\/admin.industriall-union.org\/es\/suiza-acepta-una-iniciativa-historica-en-materia-de-solidaridad-social\/","og_site_name":"industriall-union","article_modified_time":"2025-01-27T17:07:20+00:00","twitter_card":"summary_large_image","twitter_misc":{"Est. reading time":"2 minutes"},"schema":{"@context":"https:\/\/schema.org","@graph":[{"@type":"WebPage","@id":"https:\/\/admin.industriall-union.org\/es\/suiza-acepta-una-iniciativa-historica-en-materia-de-solidaridad-social\/","url":"https:\/\/admin.industriall-union.org\/es\/suiza-acepta-una-iniciativa-historica-en-materia-de-solidaridad-social\/","name":"Suiza acepta una iniciativa hist\u00f3rica en materia de solidaridad social - industriall-union","isPartOf":{"@id":"https:\/\/admin.industriall-union.org\/#website"},"datePublished":"2024-03-06T14:48:49+00:00","dateModified":"2025-01-27T17:07:20+00:00","description":"Este ajuste, que refleja el concepto de un decimotercer salario mensual para los trabajadores y tiene como objetivo dar un impulso necesario al nivel de","breadcrumb":{"@id":"https:\/\/admin.industriall-union.org\/es\/suiza-acepta-una-iniciativa-historica-en-materia-de-solidaridad-social\/#breadcrumb"},"inLanguage":"es-ES","potentialAction":[{"@type":"ReadAction","target":["https:\/\/admin.industriall-union.org\/es\/suiza-acepta-una-iniciativa-historica-en-materia-de-solidaridad-social\/"]}]},{"@type":"BreadcrumbList","@id":"https:\/\/admin.industriall-union.org\/es\/suiza-acepta-una-iniciativa-historica-en-materia-de-solidaridad-social\/#breadcrumb","itemListElement":[{"@type":"ListItem","position":1,"name":"Home","item":"https:\/\/admin.industriall-union.org\/"},{"@type":"ListItem","position":2,"name":"Articles","item":"https:\/\/admin.industriall-union.org\/article\/"},{"@type":"ListItem","position":3,"name":"Suiza acepta una iniciativa hist\u00f3rica en materia de solidaridad social"}]},{"@type":"WebSite","@id":"https:\/\/admin.industriall-union.org\/#website","url":"https:\/\/admin.industriall-union.org\/","name":"industriall-union","description":"","potentialAction":[{"@type":"SearchAction","target":{"@type":"EntryPoint","urlTemplate":"https:\/\/admin.industriall-union.org\/?s={search_term_string}"},"query-input":{"@type":"PropertyValueSpecification","valueRequired":true,"valueName":"search_term_string"}}],"inLanguage":"es-ES"}]}},"_links":{"self":[{"href":"https:\/\/admin.industriall-union.org\/es\/wp-json\/wp\/v2\/article\/146594","targetHints":{"allow":["GET"]}}],"collection":[{"href":"https:\/\/admin.industriall-union.org\/es\/wp-json\/wp\/v2\/article"}],"about":[{"href":"https:\/\/admin.industriall-union.org\/es\/wp-json\/wp\/v2\/types\/article"}],"wp:attachment":[{"href":"https:\/\/admin.industriall-union.org\/es\/wp-json\/wp\/v2\/media?parent=146594"}],"wp:term":[{"taxonomy":"issues","embeddable":true,"href":"https:\/\/admin.industriall-union.org\/es\/wp-json\/wp\/v2\/issues?post=146594"},{"taxonomy":"companies","embeddable":true,"href":"https:\/\/admin.industriall-union.org\/es\/wp-json\/wp\/v2\/companies?post=146594"},{"taxonomy":"regions","embeddable":true,"href":"https:\/\/admin.industriall-union.org\/es\/wp-json\/wp\/v2\/regions?post=146594"},{"taxonomy":"sectors","embeddable":true,"href":"https:\/\/admin.industriall-union.org\/es\/wp-json\/wp\/v2\/sectors?post=146594"},{"taxonomy":"article_tags","embeddable":true,"href":"https:\/\/admin.industriall-union.org\/es\/wp-json\/wp\/v2\/article_tags?post=146594"}],"curies":[{"name":"wp","href":"https:\/\/api.w.org\/{rel}","templated":true}]}}