{"id":146528,"date":"2024-04-04T13:08:37","date_gmt":"2024-04-04T13:08:37","guid":{"rendered":"https:\/\/admin.industriall-union.org\/conferencia-del-sindicato-nigeriano-del-sector-textil-se-centra-en-la-reactivacion-de-la-industria\/"},"modified":"2025-01-27T17:02:28","modified_gmt":"2025-01-27T17:02:28","slug":"conferencia-del-sindicato-nigeriano-del-sector-textil-se-centra-en-la-reactivacion-de-la-industria","status":"publish","type":"article","link":"https:\/\/admin.industriall-union.org\/es\/conferencia-del-sindicato-nigeriano-del-sector-textil-se-centra-en-la-reactivacion-de-la-industria\/","title":{"rendered":"Conferencia del sindicato nigeriano del sector textil se centra en la reactivaci\u00f3n de la industria"},"content":{"rendered":"<p>El evento cont\u00f3 con la participaci\u00f3n de m\u00e1s de 200 delegados del foro sindical del sector privado, el Congreso Laboral de Nigeria, la Asociaci\u00f3n Nigeriana de Empleadores del Sector Textil, y afiliados de IndustriALL de Nigeria, Kenia, Ghana, Sud\u00e1frica, Zambia y Zimbabue.<br \/>&nbsp;<br \/>La conferencia tuvo lugar en el contexto de un declive del sector textil y de la confecci\u00f3n. Seg\u00fan el NUTGTWN, que cuenta con m\u00e1s de 18.000 afiliados, incluidos sastres aut\u00f3nomos, esta ca\u00edda se ha visto agravada por la falsificaci\u00f3n de productos locales nigerianos, el contrabando y las importaciones de textiles de bajo costo.<\/p><p>Estos productos baratos inundaron el mercado y encarecieron los fabricados localmente. El sindicato afirm\u00f3 que dicho declive tambi\u00e9n ha contribuido a aumentar la desigualdad, la pobreza y el crimen. Sin embargo, destac\u00f3 la industrializaci\u00f3n y la transformaci\u00f3n de la industria textil y de la confecci\u00f3n en Nigeria como algunas de las soluciones.&nbsp;<\/p><p>Los participantes tambi\u00e9n reflexionaron sobre la reactivaci\u00f3n de una industria algodonera, textil y de confecci\u00f3n intensiva en mano de obra, as\u00ed como la protecci\u00f3n de los empleos actuales. Tambi\u00e9n hubo debates sobre las expectativas del sindicato acerca del futuro del trabajo en este sector.<\/p><p>El NUTGTWN indic\u00f3 que la implementaci\u00f3n eficaz de pol\u00edticas nacionales, como la pol\u00edtica sobre algod\u00f3n, textiles y prendas de vestir y la orden ejecutiva 003, que apoyan las adquisiciones locales por parte del Gobierno Federal de Nigeria, as\u00ed como la iniciativa Made-in-Nigeria, eran importantes para estimular las industrias nacionales, crear empleos y reducir la dependencia de las importaciones.<\/p><blockquote><p>&ldquo;La clave para una transformaci\u00f3n real y la recuperaci\u00f3n econ\u00f3mica radica en la manufactura. La industria textil tiene el potencial para crear m\u00e1s de dos millones de empleos y cerrar la enorme brecha de desempleo en el pa\u00eds&rdquo;,<\/p><\/blockquote><p>declar\u00f3 John Adaji, expresidente del NUTGTWN y copresidente de la regi\u00f3n de \u00c1frica Subsahariana de IndustriALL.<br \/>&nbsp;<br \/>Los participantes argumentaron que la aplicaci\u00f3n de pol\u00edticas tambi\u00e9n ahorrar\u00eda recursos a la econom\u00eda al reducir la factura de importaci\u00f3n de textiles y prendas de vestir. Durante los debates, se se\u00f1al\u00f3 que el comercio intraafricano a trav\u00e9s del \u00c1rea Continental Africana de Libre Comercio era clave y que los acuerdos comerciales, tales como la Ley de Crecimiento y Oportunidades para \u00c1frica de los Estados Unidos, eran fundamentales para la reactivaci\u00f3n de la industria textil y de la confecci\u00f3n en Nigeria.<br \/>&nbsp;<br \/>El sindicato identific\u00f3 algunos factores clave que dar\u00e1n forma al futuro del trabajo en la industria textil y de la confecci\u00f3n: la globalizaci\u00f3n, la digitalizaci\u00f3n, las tecnolog\u00edas de la informaci\u00f3n y la comunicaci\u00f3n, los cambios demogr\u00e1ficos, especialmente con respecto a la poblaci\u00f3n joven, y el cambio clim\u00e1tico.<br \/>&nbsp;<br \/>Paule France Ndessomin, secretaria regional de IndustriALL para \u00c1frica Subsahariana, expres\u00f3:<\/p><blockquote><p>&ldquo;Aplaudimos las estrategias del NUTGTWN para sindicalizar a los sastres aut\u00f3nomos en el sector informal. Frente a una enorme econom\u00eda informal, los sindicatos deben explorar formas de sindicalizar a estos trabajadores de conformidad con la Recomendaci\u00f3n 204 de la Organizaci\u00f3n Internacional del Trabajo (Transici\u00f3n de la econom\u00eda informal a la formal). El sindicato tambi\u00e9n debe sindicalizar a las personas con formas at\u00edpicas de empleo para consolidar el poder sindical y proteger sus derechos laborales&rdquo;.<\/p><\/blockquote>","protected":false},"featured_media":0,"template":"","issues":[396,390],"companies":[],"regions":[343],"sectors":[464],"article_tags":[],"class_list":["post-146528","article","type-article","status-publish","hentry","issues-building-strong-unions","issues-future-of-work","regions-nigeria","sectors-textile-leather-garment-shoes-and-textile-services"],"acf":[],"yoast_head":"<!-- This site is optimized with the Yoast SEO Premium plugin v27.1 (Yoast SEO v27.1) - https:\/\/yoast.com\/product\/yoast-seo-premium-wordpress\/ -->\n<title>Conferencia del sindicato nigeriano del sector textil se centra en la reactivaci\u00f3n de la industria - industriall-union<\/title>\n<meta name=\"description\" content=\"El evento cont\u00f3 con la participaci\u00f3n de m\u00e1s de 200 delegados del foro sindical del sector privado, el Congreso Laboral de Nigeria, la Asociaci\u00f3n Nigeriana\" \/>\n<meta name=\"robots\" content=\"index, follow, max-snippet:-1, max-image-preview:large, max-video-preview:-1\" \/>\n<link rel=\"canonical\" href=\"https:\/\/admin.industriall-union.org\/es\/conferencia-del-sindicato-nigeriano-del-sector-textil-se-centra-en-la-reactivacion-de-la-industria\/\" \/>\n<meta property=\"og:locale\" content=\"es_ES\" \/>\n<meta property=\"og:type\" content=\"article\" \/>\n<meta property=\"og:title\" content=\"Conferencia del sindicato nigeriano del sector textil se centra en la reactivaci\u00f3n de la industria\" \/>\n<meta property=\"og:description\" content=\"El evento cont\u00f3 con la participaci\u00f3n de m\u00e1s de 200 delegados del foro sindical del sector privado, el Congreso Laboral de Nigeria, la Asociaci\u00f3n Nigeriana\" \/>\n<meta property=\"og:url\" content=\"https:\/\/admin.industriall-union.org\/es\/conferencia-del-sindicato-nigeriano-del-sector-textil-se-centra-en-la-reactivacion-de-la-industria\/\" \/>\n<meta property=\"og:site_name\" content=\"industriall-union\" \/>\n<meta property=\"article:modified_time\" content=\"2025-01-27T17:02:28+00:00\" \/>\n<meta name=\"twitter:card\" content=\"summary_large_image\" \/>\n<meta name=\"twitter:label1\" content=\"Est. reading time\" \/>\n\t<meta name=\"twitter:data1\" content=\"3 minutes\" \/>\n<script type=\"application\/ld+json\" class=\"yoast-schema-graph\">{\"@context\":\"https:\/\/schema.org\",\"@graph\":[{\"@type\":\"WebPage\",\"@id\":\"https:\/\/admin.industriall-union.org\/es\/conferencia-del-sindicato-nigeriano-del-sector-textil-se-centra-en-la-reactivacion-de-la-industria\/\",\"url\":\"https:\/\/admin.industriall-union.org\/es\/conferencia-del-sindicato-nigeriano-del-sector-textil-se-centra-en-la-reactivacion-de-la-industria\/\",\"name\":\"Conferencia del sindicato nigeriano del sector textil se centra en la reactivaci\u00f3n de la industria - industriall-union\",\"isPartOf\":{\"@id\":\"https:\/\/admin.industriall-union.org\/#website\"},\"datePublished\":\"2024-04-04T13:08:37+00:00\",\"dateModified\":\"2025-01-27T17:02:28+00:00\",\"description\":\"El evento cont\u00f3 con la participaci\u00f3n de m\u00e1s de 200 delegados del foro sindical del sector privado, el Congreso Laboral de Nigeria, la Asociaci\u00f3n Nigeriana\",\"breadcrumb\":{\"@id\":\"https:\/\/admin.industriall-union.org\/es\/conferencia-del-sindicato-nigeriano-del-sector-textil-se-centra-en-la-reactivacion-de-la-industria\/#breadcrumb\"},\"inLanguage\":\"es-ES\",\"potentialAction\":[{\"@type\":\"ReadAction\",\"target\":[\"https:\/\/admin.industriall-union.org\/es\/conferencia-del-sindicato-nigeriano-del-sector-textil-se-centra-en-la-reactivacion-de-la-industria\/\"]}]},{\"@type\":\"BreadcrumbList\",\"@id\":\"https:\/\/admin.industriall-union.org\/es\/conferencia-del-sindicato-nigeriano-del-sector-textil-se-centra-en-la-reactivacion-de-la-industria\/#breadcrumb\",\"itemListElement\":[{\"@type\":\"ListItem\",\"position\":1,\"name\":\"Home\",\"item\":\"https:\/\/admin.industriall-union.org\/\"},{\"@type\":\"ListItem\",\"position\":2,\"name\":\"Articles\",\"item\":\"https:\/\/admin.industriall-union.org\/article\/\"},{\"@type\":\"ListItem\",\"position\":3,\"name\":\"Conferencia del sindicato nigeriano del sector textil se centra en la reactivaci\u00f3n de la industria\"}]},{\"@type\":\"WebSite\",\"@id\":\"https:\/\/admin.industriall-union.org\/#website\",\"url\":\"https:\/\/admin.industriall-union.org\/\",\"name\":\"industriall-union\",\"description\":\"\",\"potentialAction\":[{\"@type\":\"SearchAction\",\"target\":{\"@type\":\"EntryPoint\",\"urlTemplate\":\"https:\/\/admin.industriall-union.org\/?s={search_term_string}\"},\"query-input\":{\"@type\":\"PropertyValueSpecification\",\"valueRequired\":true,\"valueName\":\"search_term_string\"}}],\"inLanguage\":\"es-ES\"}]}<\/script>\n<!-- \/ Yoast SEO Premium plugin. -->","yoast_head_json":{"title":"Conferencia del sindicato nigeriano del sector textil se centra en la reactivaci\u00f3n de la industria - industriall-union","description":"El evento cont\u00f3 con la participaci\u00f3n de m\u00e1s de 200 delegados del foro sindical del sector privado, el Congreso Laboral de Nigeria, la Asociaci\u00f3n Nigeriana","robots":{"index":"index","follow":"follow","max-snippet":"max-snippet:-1","max-image-preview":"max-image-preview:large","max-video-preview":"max-video-preview:-1"},"canonical":"https:\/\/admin.industriall-union.org\/es\/conferencia-del-sindicato-nigeriano-del-sector-textil-se-centra-en-la-reactivacion-de-la-industria\/","og_locale":"es_ES","og_type":"article","og_title":"Conferencia del sindicato nigeriano del sector textil se centra en la reactivaci\u00f3n de la industria","og_description":"El evento cont\u00f3 con la participaci\u00f3n de m\u00e1s de 200 delegados del foro sindical del sector privado, el Congreso Laboral de Nigeria, la Asociaci\u00f3n Nigeriana","og_url":"https:\/\/admin.industriall-union.org\/es\/conferencia-del-sindicato-nigeriano-del-sector-textil-se-centra-en-la-reactivacion-de-la-industria\/","og_site_name":"industriall-union","article_modified_time":"2025-01-27T17:02:28+00:00","twitter_card":"summary_large_image","twitter_misc":{"Est. reading time":"3 minutes"},"schema":{"@context":"https:\/\/schema.org","@graph":[{"@type":"WebPage","@id":"https:\/\/admin.industriall-union.org\/es\/conferencia-del-sindicato-nigeriano-del-sector-textil-se-centra-en-la-reactivacion-de-la-industria\/","url":"https:\/\/admin.industriall-union.org\/es\/conferencia-del-sindicato-nigeriano-del-sector-textil-se-centra-en-la-reactivacion-de-la-industria\/","name":"Conferencia del sindicato nigeriano del sector textil se centra en la reactivaci\u00f3n de la industria - industriall-union","isPartOf":{"@id":"https:\/\/admin.industriall-union.org\/#website"},"datePublished":"2024-04-04T13:08:37+00:00","dateModified":"2025-01-27T17:02:28+00:00","description":"El evento cont\u00f3 con la participaci\u00f3n de m\u00e1s de 200 delegados del foro sindical del sector privado, el Congreso Laboral de Nigeria, la Asociaci\u00f3n Nigeriana","breadcrumb":{"@id":"https:\/\/admin.industriall-union.org\/es\/conferencia-del-sindicato-nigeriano-del-sector-textil-se-centra-en-la-reactivacion-de-la-industria\/#breadcrumb"},"inLanguage":"es-ES","potentialAction":[{"@type":"ReadAction","target":["https:\/\/admin.industriall-union.org\/es\/conferencia-del-sindicato-nigeriano-del-sector-textil-se-centra-en-la-reactivacion-de-la-industria\/"]}]},{"@type":"BreadcrumbList","@id":"https:\/\/admin.industriall-union.org\/es\/conferencia-del-sindicato-nigeriano-del-sector-textil-se-centra-en-la-reactivacion-de-la-industria\/#breadcrumb","itemListElement":[{"@type":"ListItem","position":1,"name":"Home","item":"https:\/\/admin.industriall-union.org\/"},{"@type":"ListItem","position":2,"name":"Articles","item":"https:\/\/admin.industriall-union.org\/article\/"},{"@type":"ListItem","position":3,"name":"Conferencia del sindicato nigeriano del sector textil se centra en la reactivaci\u00f3n de la industria"}]},{"@type":"WebSite","@id":"https:\/\/admin.industriall-union.org\/#website","url":"https:\/\/admin.industriall-union.org\/","name":"industriall-union","description":"","potentialAction":[{"@type":"SearchAction","target":{"@type":"EntryPoint","urlTemplate":"https:\/\/admin.industriall-union.org\/?s={search_term_string}"},"query-input":{"@type":"PropertyValueSpecification","valueRequired":true,"valueName":"search_term_string"}}],"inLanguage":"es-ES"}]}},"_links":{"self":[{"href":"https:\/\/admin.industriall-union.org\/es\/wp-json\/wp\/v2\/article\/146528","targetHints":{"allow":["GET"]}}],"collection":[{"href":"https:\/\/admin.industriall-union.org\/es\/wp-json\/wp\/v2\/article"}],"about":[{"href":"https:\/\/admin.industriall-union.org\/es\/wp-json\/wp\/v2\/types\/article"}],"wp:attachment":[{"href":"https:\/\/admin.industriall-union.org\/es\/wp-json\/wp\/v2\/media?parent=146528"}],"wp:term":[{"taxonomy":"issues","embeddable":true,"href":"https:\/\/admin.industriall-union.org\/es\/wp-json\/wp\/v2\/issues?post=146528"},{"taxonomy":"companies","embeddable":true,"href":"https:\/\/admin.industriall-union.org\/es\/wp-json\/wp\/v2\/companies?post=146528"},{"taxonomy":"regions","embeddable":true,"href":"https:\/\/admin.industriall-union.org\/es\/wp-json\/wp\/v2\/regions?post=146528"},{"taxonomy":"sectors","embeddable":true,"href":"https:\/\/admin.industriall-union.org\/es\/wp-json\/wp\/v2\/sectors?post=146528"},{"taxonomy":"article_tags","embeddable":true,"href":"https:\/\/admin.industriall-union.org\/es\/wp-json\/wp\/v2\/article_tags?post=146528"}],"curies":[{"name":"wp","href":"https:\/\/api.w.org\/{rel}","templated":true}]}}