{"id":146508,"date":"2024-04-08T16:21:39","date_gmt":"2024-04-08T16:21:39","guid":{"rendered":"https:\/\/admin.industriall-union.org\/19-de-abril-dia-de-accion-en-solidaridad-con-los-sindicalistas-bielorrusos\/"},"modified":"2025-01-27T17:02:05","modified_gmt":"2025-01-27T17:02:05","slug":"19-de-abril-dia-de-accion-en-solidaridad-con-los-sindicalistas-bielorrusos","status":"publish","type":"article","link":"https:\/\/admin.industriall-union.org\/es\/19-de-abril-dia-de-accion-en-solidaridad-con-los-sindicalistas-bielorrusos\/","title":{"rendered":"19 de abril: d\u00eda de acci\u00f3n en solidaridad con los sindicalistas bielorrusos"},"content":{"rendered":"<p>El 18 de julio de 2022, la Corte Suprema decidi\u00f3 <a href=\"https:\/\/www.industriall-union.org\/belarusian-trade-unions-remain-liquidated-one-year-later\">liquidar y disolver<\/a> el Congreso de Sindicatos Democr\u00e1ticos de Bielorrusia (BKDP) y sus cuatro miembros, tres de ellos afiliados a IndustriALL: el Sindicato Independiente de Bielorrusia (BITU o BNP), el Sindicato de Trabajadores de la Radio y la Industria Electr\u00f3nica de Bielorrusia (REP), el Sindicato Libre de Bielorrusia (SPB) y el Sindicato Libre de Trabajadores Metal\u00fargicos (SPM).<\/p><p>La detenci\u00f3n de dirigentes sindicales por ejercer su leg\u00edtimo derecho a la libertad sindical constituye una grave violaci\u00f3n de los principios de este derecho. Los derechos sindicales pierden todo sentido si no se respetan plenamente las libertades civiles consagradas en la Declaraci\u00f3n Universal de Derechos Humanos y en el Pacto Internacional de Derechos Civiles y Pol\u00edticos, en particular el derecho a la libertad y a la seguridad de la persona, el derecho a no ser detenido arbitrariamente, la libertad de opini\u00f3n y de expresi\u00f3n, la libertad de reuni\u00f3n, el derecho a un juicio justo y el derecho a la protecci\u00f3n de los bienes sindicales.<\/p><p>Atle H\u00f8ie, el secretario general de IndustriALL, expres\u00f3:<\/p><blockquote><p>&ldquo;Exigimos que las autoridades bielorrusas liberen inmediata e incondicionalmente, incluso retirando todos los cargos relacionados con la participaci\u00f3n en protestas pac\u00edficas y acciones industriales, a los sindicalistas detenidos y a todos los defensores de los derechos humanos y presos pol\u00edticos, y que cesen la represi\u00f3n de los sindicatos independientes y de las personas que exigen el respeto de sus derechos humanos&rdquo;,<\/p><\/blockquote><p>IndustriALL seguir\u00e1 apoyando p\u00fablicamente el movimiento por los sindicatos independientes y la democracia en Bielorrusia, as\u00ed como utilizando su voz global para condenar la fuerte opresi\u00f3n a la que se enfrentan.&nbsp;<\/p><p>Para participar en la campa\u00f1a, pueden realizarse algunas de las siguientes acciones:<\/p><ul><li>Enviar <a href=\"https:\/\/www.industriall-union.org\/day-of-action-on-19-april-in-solidarity-with-belarusian-unionists\">cartas<\/a> a la Rep\u00fablica de Bielorrusia y organizar acciones en las embajadas exigiendo el acceso y la liberaci\u00f3n de los dirigentes sindicales, incluido el presidente de la BKDP, el vicepresidente de la CSI y el miembro del Consejo de Administraci\u00f3n de la OIT <a href=\"https:\/\/www.industriall-union.org\/belarus-must-release-imprisoned-union-leaders-and-activists\">Aliaksandr Yarashuk<\/a>.<\/li><li>Grabar un mensaje de solidaridad en el que participen dirigentes sindicales afirmando que el sindicalismo no es extremismo, pidiendo libertad sindical y democracia, y exigiendo la liberaci\u00f3n de los sindicalistas encarcelados en Bielorrusia. Solicitamos encarecidamente que difundan estos mensajes en sus canales y etiqueten a IndustriALL para que podamos compartirlos.<\/li><li>Enviar cartas a sus gobiernos nacionales para solicitar la aplicaci\u00f3n de la <a href=\"https:\/\/www.ilo.org\/wcmsp5\/groups\/public\/---ed_norm\/---relconf\/documents\/meetingdocument\/wcms_886022.pdf\">resoluci\u00f3n de la OIT adoptada por la Conferencia Internacional del Trabajo en junio de 2023<\/a>, teniendo en cuenta los \u00e1mbitos cultural, econ\u00f3mico, comercial, cient\u00edfico y otras \u00e1reas de cooperaci\u00f3n internacional con Bielorrusia, pedir informaci\u00f3n sobre las acciones ya emprendidas en este sentido, incluidas las cuestiones relativas a la no devoluci\u00f3n y los compromisos con otros organismos de la ONU e internacionales, y exigir esfuerzos diplom\u00e1ticos para conseguir el acceso y la liberaci\u00f3n de los sindicalistas encarcelados.<\/li><li>Celebrar reuniones de diligencia debida en materia de derechos humanos con empleadores y gobiernos sobre Bielorrusia y analizar las cadenas de suministro y los servicios financieros y empresariales en los que participan las empresas bielorrusas, as\u00ed como tomar medidas para ejercer presi\u00f3n con el fin de combatir estos abusos.<\/li><li>Exigir a los representantes nacionales e interlocutores tripartitos, pero tambi\u00e9n a los representantes estatales en diferentes agencias de la ONU, que participen en la reuni\u00f3n tem\u00e1tica de alto nivel sobre Bielorrusia que se celebrar\u00e1 antes de la CIT, tal y como lo decidi\u00f3 el Consejo de Administraci\u00f3n de la OIT, para instar a este pa\u00eds a respetar las recomendaciones de los \u00f3rganos de supervisi\u00f3n de la OIT y a garantizar que los sindicatos sean detentados y controlados por los propios trabajadores y no por el gobierno.<\/li><\/ul><p>Participe en la <a href=\"https:\/\/www.ituc-csi.org\/IMG\/pdf\/circular_e_2024-11_-_day_of_action_belarus.pdf\">reuni\u00f3n en l\u00ednea organizada por la CSI y la CES<\/a>, que tendr\u00e1 lugar el 19 de abril de 9:30 a 11:00 CEST, como parte del D\u00eda de Acci\u00f3n por los Derechos Sindicales y la Democracia en Bielorrusia. La reuni\u00f3n se celebrar\u00e1 en ingl\u00e9s y ruso. <a href=\"https:\/\/ituc-csi-org.zoom.us\/meeting\/register\/tZMvd-CurDotE9FW6vLlw5UWpE0nOnDdRF6D?_x_zm_rtaid=A19LlAY_QkGobgh9M3zKQg.1712592752339.d3c4f45e070c726999a8f00387dcd32c&amp;_x_zm_rhtaid=933#\/registration\">Reg\u00edstrese aqu\u00ed<\/a>.<\/p>","protected":false},"featured_media":0,"template":"","issues":[364,424],"companies":[],"regions":[207],"sectors":[],"article_tags":[],"class_list":["post-146508","article","type-article","status-publish","hentry","issues-gobal-solidarity","issues-violation","regions-belarus"],"acf":[],"yoast_head":"<!-- This site is optimized with the Yoast SEO Premium plugin v27.1 (Yoast SEO v27.1) - https:\/\/yoast.com\/product\/yoast-seo-premium-wordpress\/ -->\n<title>19 de abril: d\u00eda de acci\u00f3n en solidaridad con los sindicalistas bielorrusos - industriall-union<\/title>\n<meta name=\"description\" content=\"El 18 de julio de 2022, la Corte Suprema decidi\u00f3 liquidar y disolver el Congreso de Sindicatos Democr\u00e1ticos de Bielorrusia (BKDP) y sus cuatro miembros,\" \/>\n<meta name=\"robots\" content=\"index, follow, max-snippet:-1, max-image-preview:large, max-video-preview:-1\" \/>\n<link rel=\"canonical\" href=\"https:\/\/admin.industriall-union.org\/es\/19-de-abril-dia-de-accion-en-solidaridad-con-los-sindicalistas-bielorrusos\/\" \/>\n<meta property=\"og:locale\" content=\"es_ES\" \/>\n<meta property=\"og:type\" content=\"article\" \/>\n<meta property=\"og:title\" content=\"19 de abril: d\u00eda de acci\u00f3n en solidaridad con los sindicalistas bielorrusos\" \/>\n<meta property=\"og:description\" content=\"El 18 de julio de 2022, la Corte Suprema decidi\u00f3 liquidar y disolver el Congreso de Sindicatos Democr\u00e1ticos de Bielorrusia (BKDP) y sus cuatro miembros,\" \/>\n<meta property=\"og:url\" content=\"https:\/\/admin.industriall-union.org\/es\/19-de-abril-dia-de-accion-en-solidaridad-con-los-sindicalistas-bielorrusos\/\" \/>\n<meta property=\"og:site_name\" content=\"industriall-union\" \/>\n<meta property=\"article:modified_time\" content=\"2025-01-27T17:02:05+00:00\" \/>\n<meta name=\"twitter:card\" content=\"summary_large_image\" \/>\n<meta name=\"twitter:label1\" content=\"Est. reading time\" \/>\n\t<meta name=\"twitter:data1\" content=\"3 minutes\" \/>\n<script type=\"application\/ld+json\" class=\"yoast-schema-graph\">{\"@context\":\"https:\/\/schema.org\",\"@graph\":[{\"@type\":\"WebPage\",\"@id\":\"https:\/\/admin.industriall-union.org\/es\/19-de-abril-dia-de-accion-en-solidaridad-con-los-sindicalistas-bielorrusos\/\",\"url\":\"https:\/\/admin.industriall-union.org\/es\/19-de-abril-dia-de-accion-en-solidaridad-con-los-sindicalistas-bielorrusos\/\",\"name\":\"19 de abril: d\u00eda de acci\u00f3n en solidaridad con los sindicalistas bielorrusos - industriall-union\",\"isPartOf\":{\"@id\":\"https:\/\/admin.industriall-union.org\/#website\"},\"datePublished\":\"2024-04-08T16:21:39+00:00\",\"dateModified\":\"2025-01-27T17:02:05+00:00\",\"description\":\"El 18 de julio de 2022, la Corte Suprema decidi\u00f3 liquidar y disolver el Congreso de Sindicatos Democr\u00e1ticos de Bielorrusia (BKDP) y sus cuatro miembros,\",\"breadcrumb\":{\"@id\":\"https:\/\/admin.industriall-union.org\/es\/19-de-abril-dia-de-accion-en-solidaridad-con-los-sindicalistas-bielorrusos\/#breadcrumb\"},\"inLanguage\":\"es-ES\",\"potentialAction\":[{\"@type\":\"ReadAction\",\"target\":[\"https:\/\/admin.industriall-union.org\/es\/19-de-abril-dia-de-accion-en-solidaridad-con-los-sindicalistas-bielorrusos\/\"]}]},{\"@type\":\"BreadcrumbList\",\"@id\":\"https:\/\/admin.industriall-union.org\/es\/19-de-abril-dia-de-accion-en-solidaridad-con-los-sindicalistas-bielorrusos\/#breadcrumb\",\"itemListElement\":[{\"@type\":\"ListItem\",\"position\":1,\"name\":\"Home\",\"item\":\"https:\/\/admin.industriall-union.org\/\"},{\"@type\":\"ListItem\",\"position\":2,\"name\":\"Articles\",\"item\":\"https:\/\/admin.industriall-union.org\/article\/\"},{\"@type\":\"ListItem\",\"position\":3,\"name\":\"19 de abril: d\u00eda de acci\u00f3n en solidaridad con los sindicalistas bielorrusos\"}]},{\"@type\":\"WebSite\",\"@id\":\"https:\/\/admin.industriall-union.org\/#website\",\"url\":\"https:\/\/admin.industriall-union.org\/\",\"name\":\"industriall-union\",\"description\":\"\",\"potentialAction\":[{\"@type\":\"SearchAction\",\"target\":{\"@type\":\"EntryPoint\",\"urlTemplate\":\"https:\/\/admin.industriall-union.org\/?s={search_term_string}\"},\"query-input\":{\"@type\":\"PropertyValueSpecification\",\"valueRequired\":true,\"valueName\":\"search_term_string\"}}],\"inLanguage\":\"es-ES\"}]}<\/script>\n<!-- \/ Yoast SEO Premium plugin. -->","yoast_head_json":{"title":"19 de abril: d\u00eda de acci\u00f3n en solidaridad con los sindicalistas bielorrusos - industriall-union","description":"El 18 de julio de 2022, la Corte Suprema decidi\u00f3 liquidar y disolver el Congreso de Sindicatos Democr\u00e1ticos de Bielorrusia (BKDP) y sus cuatro miembros,","robots":{"index":"index","follow":"follow","max-snippet":"max-snippet:-1","max-image-preview":"max-image-preview:large","max-video-preview":"max-video-preview:-1"},"canonical":"https:\/\/admin.industriall-union.org\/es\/19-de-abril-dia-de-accion-en-solidaridad-con-los-sindicalistas-bielorrusos\/","og_locale":"es_ES","og_type":"article","og_title":"19 de abril: d\u00eda de acci\u00f3n en solidaridad con los sindicalistas bielorrusos","og_description":"El 18 de julio de 2022, la Corte Suprema decidi\u00f3 liquidar y disolver el Congreso de Sindicatos Democr\u00e1ticos de Bielorrusia (BKDP) y sus cuatro miembros,","og_url":"https:\/\/admin.industriall-union.org\/es\/19-de-abril-dia-de-accion-en-solidaridad-con-los-sindicalistas-bielorrusos\/","og_site_name":"industriall-union","article_modified_time":"2025-01-27T17:02:05+00:00","twitter_card":"summary_large_image","twitter_misc":{"Est. reading time":"3 minutes"},"schema":{"@context":"https:\/\/schema.org","@graph":[{"@type":"WebPage","@id":"https:\/\/admin.industriall-union.org\/es\/19-de-abril-dia-de-accion-en-solidaridad-con-los-sindicalistas-bielorrusos\/","url":"https:\/\/admin.industriall-union.org\/es\/19-de-abril-dia-de-accion-en-solidaridad-con-los-sindicalistas-bielorrusos\/","name":"19 de abril: d\u00eda de acci\u00f3n en solidaridad con los sindicalistas bielorrusos - industriall-union","isPartOf":{"@id":"https:\/\/admin.industriall-union.org\/#website"},"datePublished":"2024-04-08T16:21:39+00:00","dateModified":"2025-01-27T17:02:05+00:00","description":"El 18 de julio de 2022, la Corte Suprema decidi\u00f3 liquidar y disolver el Congreso de Sindicatos Democr\u00e1ticos de Bielorrusia (BKDP) y sus cuatro miembros,","breadcrumb":{"@id":"https:\/\/admin.industriall-union.org\/es\/19-de-abril-dia-de-accion-en-solidaridad-con-los-sindicalistas-bielorrusos\/#breadcrumb"},"inLanguage":"es-ES","potentialAction":[{"@type":"ReadAction","target":["https:\/\/admin.industriall-union.org\/es\/19-de-abril-dia-de-accion-en-solidaridad-con-los-sindicalistas-bielorrusos\/"]}]},{"@type":"BreadcrumbList","@id":"https:\/\/admin.industriall-union.org\/es\/19-de-abril-dia-de-accion-en-solidaridad-con-los-sindicalistas-bielorrusos\/#breadcrumb","itemListElement":[{"@type":"ListItem","position":1,"name":"Home","item":"https:\/\/admin.industriall-union.org\/"},{"@type":"ListItem","position":2,"name":"Articles","item":"https:\/\/admin.industriall-union.org\/article\/"},{"@type":"ListItem","position":3,"name":"19 de abril: d\u00eda de acci\u00f3n en solidaridad con los sindicalistas bielorrusos"}]},{"@type":"WebSite","@id":"https:\/\/admin.industriall-union.org\/#website","url":"https:\/\/admin.industriall-union.org\/","name":"industriall-union","description":"","potentialAction":[{"@type":"SearchAction","target":{"@type":"EntryPoint","urlTemplate":"https:\/\/admin.industriall-union.org\/?s={search_term_string}"},"query-input":{"@type":"PropertyValueSpecification","valueRequired":true,"valueName":"search_term_string"}}],"inLanguage":"es-ES"}]}},"_links":{"self":[{"href":"https:\/\/admin.industriall-union.org\/es\/wp-json\/wp\/v2\/article\/146508","targetHints":{"allow":["GET"]}}],"collection":[{"href":"https:\/\/admin.industriall-union.org\/es\/wp-json\/wp\/v2\/article"}],"about":[{"href":"https:\/\/admin.industriall-union.org\/es\/wp-json\/wp\/v2\/types\/article"}],"wp:attachment":[{"href":"https:\/\/admin.industriall-union.org\/es\/wp-json\/wp\/v2\/media?parent=146508"}],"wp:term":[{"taxonomy":"issues","embeddable":true,"href":"https:\/\/admin.industriall-union.org\/es\/wp-json\/wp\/v2\/issues?post=146508"},{"taxonomy":"companies","embeddable":true,"href":"https:\/\/admin.industriall-union.org\/es\/wp-json\/wp\/v2\/companies?post=146508"},{"taxonomy":"regions","embeddable":true,"href":"https:\/\/admin.industriall-union.org\/es\/wp-json\/wp\/v2\/regions?post=146508"},{"taxonomy":"sectors","embeddable":true,"href":"https:\/\/admin.industriall-union.org\/es\/wp-json\/wp\/v2\/sectors?post=146508"},{"taxonomy":"article_tags","embeddable":true,"href":"https:\/\/admin.industriall-union.org\/es\/wp-json\/wp\/v2\/article_tags?post=146508"}],"curies":[{"name":"wp","href":"https:\/\/api.w.org\/{rel}","templated":true}]}}